{"id":23035,"date":"2024-04-25T13:19:39","date_gmt":"2024-04-25T10:19:39","guid":{"rendered":"https:\/\/akdenizhaber.com.tr\/?p=23035"},"modified":"2024-04-25T13:20:03","modified_gmt":"2024-04-25T10:20:03","slug":"tefecilik-yapan-13-supheliden-5i-tutuklandi","status":"publish","type":"post","link":"https:\/\/akdenizhaber.com.tr\/index.php\/2024\/04\/25\/tefecilik-yapan-13-supheliden-5i-tutuklandi\/","title":{"rendered":"Tefecilik Yapan 13 \u015e\u00fcpheliden 5\u2019i Tutukland\u0131"},"content":{"rendered":"\n<p>Kumluca \u0130l\u00e7e Emniyet M\u00fcd\u00fcrl\u00fc\u011f\u00fc Birimlerince &#8216;Tefecilik ve Ya\u011fmaya Te\u015febb\u00fcs&#8217; su\u00e7lar\u0131na y\u00f6nelik yap\u0131lan \u00e7al\u0131\u015fmalar kapsam\u0131nda Kumluca e ve 2 ayr\u0131 ilde yap\u0131lan e\u015fzamanl\u0131 operasyonda 13 \u015f\u00fcpheli \u015fah\u0131s yakaland\u0131.<\/p>\n\n\n\n<p>Adli makamlara sevk edilen 13 \u015f\u00fcpheliden5\u2019i tutukland\u0131.<\/p>\n\n\n\n<p>Haber Merkezi<\/p>\n","protected":false},"excerpt":{"rendered":"<p>Kumluca \u0130l\u00e7e Emniyet M\u00fcd\u00fcrl\u00fc\u011f\u00fc Birimlerince &#8216;Tefecilik ve Ya\u011fmaya Te\u015febb\u00fcs&#8217; su\u00e7lar\u0131na y\u00f6nelik yap\u0131lan \u00e7al\u0131\u015fmalar kapsam\u0131nda Kumluca e ve 2 ayr\u0131 ilde yap\u0131lan e\u015fzamanl\u0131 operasyonda 13 \u015f\u00fcpheli <a href=\"https:\/\/akdenizhaber.com.tr\/index.php\/2024\/04\/25\/tefecilik-yapan-13-supheliden-5i-tutuklandi\/\" class=\"read-more-link\">[more&#8230;]<\/a><\/p>\n","protected":false},"author":2,"featured_media":23036,"comment_status":"open","ping_status":"open","sticky":false,"template":"","format":"standard","meta":{"footnotes":""},"categories":[1],"tags":[],"class_list":["post-23035","post","type-post","status-publish","format-standard","has-post-thumbnail","hentry","category-blog"],"_links":{"self":[{"href":"https:\/\/akdenizhaber.com.tr\/index.php\/wp-json\/wp\/v2\/posts\/23035","targetHints":{"allow":["GET"]}}],"collection":[{"href":"https:\/\/akdenizhaber.com.tr\/index.php\/wp-json\/wp\/v2\/posts"}],"about":[{"href":"https:\/\/akdenizhaber.com.tr\/index.php\/wp-json\/wp\/v2\/types\/post"}],"author":[{"embeddable":true,"href":"https:\/\/akdenizhaber.com.tr\/index.php\/wp-json\/wp\/v2\/users\/2"}],"replies":[{"embeddable":true,"href":"https:\/\/akdenizhaber.com.tr\/index.php\/wp-json\/wp\/v2\/comments?post=23035"}],"version-history":[{"count":1,"href":"https:\/\/akdenizhaber.com.tr\/index.php\/wp-json\/wp\/v2\/posts\/23035\/revisions"}],"predecessor-version":[{"id":23037,"href":"https:\/\/akdenizhaber.com.tr\/index.php\/wp-json\/wp\/v2\/posts\/23035\/revisions\/23037"}],"wp:featuredmedia":[{"embeddable":true,"href":"https:\/\/akdenizhaber.com.tr\/index.php\/wp-json\/wp\/v2\/media\/23036"}],"wp:attachment":[{"href":"https:\/\/akdenizhaber.com.tr\/index.php\/wp-json\/wp\/v2\/media?parent=23035"}],"wp:term":[{"taxonomy":"category","embeddable":true,"href":"https:\/\/akdenizhaber.com.tr\/index.php\/wp-json\/wp\/v2\/categories?post=23035"},{"taxonomy":"post_tag","embeddable":true,"href":"https:\/\/akdenizhaber.com.tr\/index.php\/wp-json\/wp\/v2\/tags?post=23035"}],"curies":[{"name":"wp","href":"https:\/\/api.w.org\/{rel}","templated":true}]}}