{"id":22960,"date":"2024-04-24T13:10:58","date_gmt":"2024-04-24T10:10:58","guid":{"rendered":"https:\/\/akdenizhaber.com.tr\/?p=22960"},"modified":"2024-04-24T13:29:25","modified_gmt":"2024-04-24T10:29:25","slug":"on-binler-sahile-akin-etti","status":"publish","type":"post","link":"https:\/\/akdenizhaber.com.tr\/index.php\/2024\/04\/24\/on-binler-sahile-akin-etti\/","title":{"rendered":"On binler sahile ak\u0131n etti"},"content":{"rendered":"\n<p>T\u00fcrk Hava Kuvvetleri\u2019ne ba\u011fl\u0131 akrobasi timi \u2018T\u00fcrk Y\u0131ld\u0131zlar\u0131\u2019, Antalya B\u00fcy\u00fck\u015fehir Belediyesi\u2019nin 23 Nisan Ulusal Egemenlik ve \u00c7ocuk Bayram\u0131 etkinlikleri kapsam\u0131nda muhte\u015fem bir g\u00f6steri ger\u00e7ekle\u015ftirdi. On binlerce Antalyal\u0131 Konyaalt\u0131 Sahili\u2019ne ak\u0131n ederken, T\u00fcrk Y\u0131ld\u0131zlar\u0131, adrenalin dolu g\u00f6sterileriyle nefes kesti.<\/p>\n\n\n\n<p>T\u00fcrk Hava Kuvvetleri\u2019ne ba\u011fl\u0131 akrobasi timi T\u00fcrk Y\u0131ld\u0131zlar\u0131, 23 Nisan Ulusal Egemenlik ve \u00c7ocuk Bayram\u0131\u2019nda Antalya semalar\u0131nda g\u00f6steri u\u00e7u\u015fu ger\u00e7ekle\u015ftirdi. Konyaalt\u0131 Sahili\u2019nde ger\u00e7ekle\u015ftirilen g\u00f6steri u\u00e7u\u015funu izlemek isteyen on binlerce vatanda\u015f sahil band\u0131na ak\u0131n etti. Konyaalt\u0131 Sahili h\u0131nca h\u0131n\u00e7 insanla dolarken, i\u011fne atsan yere d\u00fc\u015fmez denilen g\u00f6r\u00fcnt\u00fcler ya\u015fand\u0131. Vatanda\u015flar\u0131n 23 Nisan Ulusal Egemenlik ve \u00c7ocuk Bayram\u0131 co\u015fkusu, T\u00fcrk Y\u0131ld\u0131zlar\u0131n\u0131n muhte\u015fem g\u00f6sterisinde zirveye \u00e7\u0131kt\u0131.<\/p>\n\n\n\n<p>UNUTULMAZ G\u00d6STER\u0130<\/p>\n\n\n\n<p>G\u00f6steri u\u00e7u\u015funda pilotlar akrobatik hareketlere imza atarken vatanda\u015flar g\u00f6steriyi nefeslerini tutarak izledi. Zorlu manevralar\u0131 ustal\u0131kla yapan T\u00fcrk Y\u0131ld\u0131zlar\u0131 pilotlar\u0131n\u0131 alk\u0131\u015f ya\u011fmuruna tutan binlerce Antalyal\u0131, unutulmaz g\u00f6steriyi gururla izlerken, cep telefonlar\u0131 ile bu anlar\u0131 kaydetti. Antalya Valisi Hulusi \u015eahin, B\u00fcy\u00fck\u015fehir Belediye Ba\u015fkan\u0131 Muhittin B\u00f6cek ve Antalya \u0130l Emniyet M\u00fcd\u00fcr\u00fc Orhan \u00c7evik T\u00fcrk Y\u0131ld\u0131zlar\u0131 g\u00f6sterisini, ellerinde T\u00fcrk Bayraklar\u0131 ve vatanda\u015flarla birlikte Konyaalt\u0131 Sahili\u2019nde izledi.<\/p>\n\n\n\n<p>Antalya B\u00fcy\u00fck\u015fehir Belediyesi \/ B\u00fclten<\/p>\n","protected":false},"excerpt":{"rendered":"<p>T\u00fcrk Hava Kuvvetleri\u2019ne ba\u011fl\u0131 akrobasi timi \u2018T\u00fcrk Y\u0131ld\u0131zlar\u0131\u2019, Antalya B\u00fcy\u00fck\u015fehir Belediyesi\u2019nin 23 Nisan Ulusal Egemenlik ve \u00c7ocuk Bayram\u0131 etkinlikleri kapsam\u0131nda muhte\u015fem bir g\u00f6steri ger\u00e7ekle\u015ftirdi. On <a href=\"https:\/\/akdenizhaber.com.tr\/index.php\/2024\/04\/24\/on-binler-sahile-akin-etti\/\" class=\"read-more-link\">[more&#8230;]<\/a><\/p>\n","protected":false},"author":2,"featured_media":22977,"comment_status":"open","ping_status":"open","sticky":false,"template":"","format":"standard","meta":{"footnotes":""},"categories":[2],"tags":[],"class_list":["post-22960","post","type-post","status-publish","format-standard","has-post-thumbnail","hentry","category-gundem"],"_links":{"self":[{"href":"https:\/\/akdenizhaber.com.tr\/index.php\/wp-json\/wp\/v2\/posts\/22960","targetHints":{"allow":["GET"]}}],"collection":[{"href":"https:\/\/akdenizhaber.com.tr\/index.php\/wp-json\/wp\/v2\/posts"}],"about":[{"href":"https:\/\/akdenizhaber.com.tr\/index.php\/wp-json\/wp\/v2\/types\/post"}],"author":[{"embeddable":true,"href":"https:\/\/akdenizhaber.com.tr\/index.php\/wp-json\/wp\/v2\/users\/2"}],"replies":[{"embeddable":true,"href":"https:\/\/akdenizhaber.com.tr\/index.php\/wp-json\/wp\/v2\/comments?post=22960"}],"version-history":[{"count":1,"href":"https:\/\/akdenizhaber.com.tr\/index.php\/wp-json\/wp\/v2\/posts\/22960\/revisions"}],"predecessor-version":[{"id":22961,"href":"https:\/\/akdenizhaber.com.tr\/index.php\/wp-json\/wp\/v2\/posts\/22960\/revisions\/22961"}],"wp:featuredmedia":[{"embeddable":true,"href":"https:\/\/akdenizhaber.com.tr\/index.php\/wp-json\/wp\/v2\/media\/22977"}],"wp:attachment":[{"href":"https:\/\/akdenizhaber.com.tr\/index.php\/wp-json\/wp\/v2\/media?parent=22960"}],"wp:term":[{"taxonomy":"category","embeddable":true,"href":"https:\/\/akdenizhaber.com.tr\/index.php\/wp-json\/wp\/v2\/categories?post=22960"},{"taxonomy":"post_tag","embeddable":true,"href":"https:\/\/akdenizhaber.com.tr\/index.php\/wp-json\/wp\/v2\/tags?post=22960"}],"curies":[{"name":"wp","href":"https:\/\/api.w.org\/{rel}","templated":true}]}}