{"id":22951,"date":"2024-04-24T13:03:55","date_gmt":"2024-04-24T10:03:55","guid":{"rendered":"https:\/\/akdenizhaber.com.tr\/?p=22951"},"modified":"2024-04-24T13:03:56","modified_gmt":"2024-04-24T10:03:56","slug":"kocagoz-icin-oturma-eylemi","status":"publish","type":"post","link":"https:\/\/akdenizhaber.com.tr\/index.php\/2024\/04\/24\/kocagoz-icin-oturma-eylemi\/","title":{"rendered":"Kocag\u00f6z i\u00e7in oturma eylemi"},"content":{"rendered":"\n<p>Kepez Belediye Ba\u015fkan\u0131 Mesut Kocag\u00f6z\u2019\u00fcn tutuklu\u011funa son verilmesi i\u00e7in CHP \u0130l Ba\u015fkan\u0131 Nail Kamac\u0131, Kepez \u0130l\u00e7e Ba\u015fkan\u0131 G\u00f6khan \u00d6lmez, Kepez Gen\u00e7lik Kollar\u0131 Ba\u015fkan\u0131 Semih Kocaba\u015f, Meclis \u00dcyeleri ve vatanda\u015flar Kepez Belediye binas\u0131 \u00f6n\u00fcnde me\u015fale yak\u0131p, oturma eylemi yapt\u0131lar.<\/p>\n\n\n\n<p>28 Kas\u0131m 2023 tarihinde istifa etmesine ra\u011fmen Antalya&#8217;da ya\u015fanan teleferik kazas\u0131nda sorumlu g\u00f6sterilmeye \u00e7al\u0131\u015f\u0131lan ve hukuksuz bir \u015fekilde tutuklanan Mesut Kocag\u00f6z i\u00e7in Antalya halk\u0131 &#8216;adalet&#8217; aray\u0131\u015f\u0131 s\u00fcrd\u00fcr\u00fcyor. Daha \u00f6nceleri Kepez\u2019de buruk ge\u00e7en resmi bayramlar Mesut Kocag\u00f6z\u2019\u00fcn Belediye Ba\u015fkan\u0131 se\u00e7ilmesi ile co\u015fkuyla kutlan\u0131rken, Cumhuriyet Halk Partililer, programlar\u0131n ard\u0131ndan Kepez Belediye Binas\u0131 \u00f6n\u00fcnde me\u015fale yak\u0131p, sessiz bir \u015fekilde oturma eylemi yapt\u0131lar. CHP \u0130l Ba\u015fkan\u0131 Nail Kamac\u0131 ve Kepez \u0130l\u00e7e Ba\u015fkan\u0131 G\u00f6khan \u00d6lmez\u2019in ba\u015fkanl\u0131\u011f\u0131nda oturma eylemi yap\u0131l\u0131rken, Meclis \u00dcyeleri ve \u00e7ok say\u0131da vatanda\u015f adalet i\u00e7in sessiz bir \u015fekilde eyleme kat\u0131ld\u0131lar. Vatanda\u015flar, &#8220;Biz ve Kepez Halk\u0131, oylar\u0131m\u0131zla se\u00e7ti\u011fimiz ba\u015fkan\u0131m\u0131z\u0131 art\u0131k belediyede g\u00f6rmek istiyoruz. Mesut ba\u015fkan\u0131m\u0131z serbest b\u0131rak\u0131lana kadar adalet aray\u0131\u015f\u0131m\u0131z devam edecektir. Bundan kimsenin \u015f\u00fcphesi olmas\u0131n&#8221; dediler.<\/p>\n\n\n\n<p>Kepez Belediyesi \/ B\u00fclten<\/p>\n","protected":false},"excerpt":{"rendered":"<p>Kepez Belediye Ba\u015fkan\u0131 Mesut Kocag\u00f6z\u2019\u00fcn tutuklu\u011funa son verilmesi i\u00e7in CHP \u0130l Ba\u015fkan\u0131 Nail Kamac\u0131, Kepez \u0130l\u00e7e Ba\u015fkan\u0131 G\u00f6khan \u00d6lmez, Kepez Gen\u00e7lik Kollar\u0131 Ba\u015fkan\u0131 Semih Kocaba\u015f, <a href=\"https:\/\/akdenizhaber.com.tr\/index.php\/2024\/04\/24\/kocagoz-icin-oturma-eylemi\/\" class=\"read-more-link\">[more&#8230;]<\/a><\/p>\n","protected":false},"author":2,"featured_media":22952,"comment_status":"open","ping_status":"open","sticky":false,"template":"","format":"standard","meta":{"footnotes":""},"categories":[2],"tags":[],"class_list":["post-22951","post","type-post","status-publish","format-standard","has-post-thumbnail","hentry","category-gundem"],"_links":{"self":[{"href":"https:\/\/akdenizhaber.com.tr\/index.php\/wp-json\/wp\/v2\/posts\/22951","targetHints":{"allow":["GET"]}}],"collection":[{"href":"https:\/\/akdenizhaber.com.tr\/index.php\/wp-json\/wp\/v2\/posts"}],"about":[{"href":"https:\/\/akdenizhaber.com.tr\/index.php\/wp-json\/wp\/v2\/types\/post"}],"author":[{"embeddable":true,"href":"https:\/\/akdenizhaber.com.tr\/index.php\/wp-json\/wp\/v2\/users\/2"}],"replies":[{"embeddable":true,"href":"https:\/\/akdenizhaber.com.tr\/index.php\/wp-json\/wp\/v2\/comments?post=22951"}],"version-history":[{"count":1,"href":"https:\/\/akdenizhaber.com.tr\/index.php\/wp-json\/wp\/v2\/posts\/22951\/revisions"}],"predecessor-version":[{"id":22953,"href":"https:\/\/akdenizhaber.com.tr\/index.php\/wp-json\/wp\/v2\/posts\/22951\/revisions\/22953"}],"wp:featuredmedia":[{"embeddable":true,"href":"https:\/\/akdenizhaber.com.tr\/index.php\/wp-json\/wp\/v2\/media\/22952"}],"wp:attachment":[{"href":"https:\/\/akdenizhaber.com.tr\/index.php\/wp-json\/wp\/v2\/media?parent=22951"}],"wp:term":[{"taxonomy":"category","embeddable":true,"href":"https:\/\/akdenizhaber.com.tr\/index.php\/wp-json\/wp\/v2\/categories?post=22951"},{"taxonomy":"post_tag","embeddable":true,"href":"https:\/\/akdenizhaber.com.tr\/index.php\/wp-json\/wp\/v2\/tags?post=22951"}],"curies":[{"name":"wp","href":"https:\/\/api.w.org\/{rel}","templated":true}]}}