{"id":22939,"date":"2024-04-24T12:57:53","date_gmt":"2024-04-24T09:57:53","guid":{"rendered":"https:\/\/akdenizhaber.com.tr\/?p=22939"},"modified":"2024-04-24T12:58:56","modified_gmt":"2024-04-24T09:58:56","slug":"uluslararasi-halk-danslarindan-23-nisan-kutlamasi","status":"publish","type":"post","link":"https:\/\/akdenizhaber.com.tr\/index.php\/2024\/04\/24\/uluslararasi-halk-danslarindan-23-nisan-kutlamasi\/","title":{"rendered":"Uluslararas\u0131 Halk Danslar\u0131\u2019ndan 23 Nisan Kutlamas\u0131"},"content":{"rendered":"\n<p>Manavgat Belediye Ba\u015fkan\u0131 Niyazi Nefi Kara\u2019n\u0131n 23 Nisan Ulusal Egemenlik ve \u00c7ocuk Bayram\u0131\u2019n\u0131n kent genelinde co\u015fkuyla kutlanmas\u0131 amac\u0131yla haz\u0131rlatt\u0131\u011f\u0131 kutlama programlar\u0131 ger\u00e7ekle\u015fti. Manavgat Belediyesi son olarak AKM Meydan\u0131\u2019nda muhte\u015fem bir kutlama program\u0131 d\u00fczenledi. Kutlama program\u0131na Manavgat Belediye Ba\u015fkan\u0131 Niyazi Nefi Kara\u2019y\u0131 temsilen ba\u015fkan yard\u0131mc\u0131lar\u0131, birim m\u00fcd\u00fcrleri ve meclis \u00fcyeleri kat\u0131ld\u0131. AKM Meydan\u0131\u2019nda yap\u0131lan kutlama program\u0131na Kazakistan, K\u0131rg\u0131zistan, G\u00fcrcistan, Ukrayna, Brezilya ve T\u00fcrkiye\u2019den kat\u0131lan ekipler, kendi uluslar\u0131n\u0131 temsil eden dans g\u00f6sterileri d\u00fczenledi. Manavgat Belediyesi \u00c7ocuk Korosu \u015eef Tayfun Y\u0131lmaz e\u015fli\u011finde sahne alarak Cumhuriyet mar\u015flar\u0131n\u0131 seslendirdi. Ayr\u0131ca Manavgat Belediyesi, \u00e7ocuklar\u0131n bayram havas\u0131n\u0131 dolu dolu ya\u015fayabilmesi amac\u0131yla AKM Meydan\u0131\u2019na y\u00fcz boyama etkinli\u011fi, pamuk \u015fekerve \u015fi\u015fme oyun grubu da kurdurdu. Manavgat Belediyesi\u2019nin 23 Nisan kutlama program\u0131,aileler ve \u00e7ocuklar\u0131n taraf\u0131ndan yo\u011fun ilgi g\u00f6rd\u00fc. 23 Nisan Ulusal Egemenlik ve \u00c7ocuk Bayram\u0131 program\u0131n\u0131 \u00e7ocuklar\u0131n g\u00f6n\u00fcllerince e\u011flenebilmesi i\u00e7in \u00f6zenle haz\u0131rlad\u0131klar\u0131n\u0131 belirten Manavgat Belediye Ba\u015fkan\u0131 Niyazi Nefi Kara, belediyecilik hizmetlerinde de \u00e7ocuklar\u0131n y\u00fcz\u00fcn\u00fcn g\u00fclece\u011fini belirtti. Ba\u015fkan Niyazi Nefi Kara, \u201cAtam\u0131z bizlere emaneti olan gelece\u011fimizin teminat\u0131 \u00e7ocuklar\u0131m\u0131z, g\u00f6n\u00fcllerince e\u011flenme f\u0131rsat\u0131 buldu. Onlar\u0131n bayram\u0131 ya\u015fayabilmesi, y\u00fcz\u00fcn\u00fcn g\u00fclmesi ve d\u00fcnya \u00e7ocuklar\u0131yla bir araya gelmesi bizleri de olduk\u00e7a mutlu etti. Bizler, onlar\u0131n her zaman yan\u0131nda olaca\u011f\u0131z ve \u00e7al\u0131\u015fmalar\u0131m\u0131z\u0131 onlar\u0131n daha mutlu olaca\u011f\u0131 bir kent yaratma amac\u0131yla ger\u00e7ekle\u015ftirece\u011fiz. T\u00fcm \u00e7ocuklar\u0131m\u0131z\u0131n g\u00fcn\u00fc kutlu olsun. \u00c7ocuklar\u0131m\u0131z\u0131n kavga, ac\u0131 ve g\u00f6zya\u015f\u0131 g\u00f6rmeyece\u011fi bir d\u00fcnyada ya\u015famas\u0131n\u0131 temenni ediyor, hepsine mutlu ve g\u00fczel bir gelecek diliyorum\u201d dedi.<\/p>\n\n\n\n<p>Manavgat Belediyesi \/ B\u00fclten<\/p>\n","protected":false},"excerpt":{"rendered":"<p>Manavgat Belediye Ba\u015fkan\u0131 Niyazi Nefi Kara\u2019n\u0131n 23 Nisan Ulusal Egemenlik ve \u00c7ocuk Bayram\u0131\u2019n\u0131n kent genelinde co\u015fkuyla kutlanmas\u0131 amac\u0131yla haz\u0131rlatt\u0131\u011f\u0131 kutlama programlar\u0131 ger\u00e7ekle\u015fti. Manavgat Belediyesi son <a href=\"https:\/\/akdenizhaber.com.tr\/index.php\/2024\/04\/24\/uluslararasi-halk-danslarindan-23-nisan-kutlamasi\/\" class=\"read-more-link\">[more&#8230;]<\/a><\/p>\n","protected":false},"author":2,"featured_media":22940,"comment_status":"open","ping_status":"open","sticky":false,"template":"","format":"standard","meta":{"footnotes":""},"categories":[2],"tags":[],"class_list":["post-22939","post","type-post","status-publish","format-standard","has-post-thumbnail","hentry","category-gundem"],"_links":{"self":[{"href":"https:\/\/akdenizhaber.com.tr\/index.php\/wp-json\/wp\/v2\/posts\/22939","targetHints":{"allow":["GET"]}}],"collection":[{"href":"https:\/\/akdenizhaber.com.tr\/index.php\/wp-json\/wp\/v2\/posts"}],"about":[{"href":"https:\/\/akdenizhaber.com.tr\/index.php\/wp-json\/wp\/v2\/types\/post"}],"author":[{"embeddable":true,"href":"https:\/\/akdenizhaber.com.tr\/index.php\/wp-json\/wp\/v2\/users\/2"}],"replies":[{"embeddable":true,"href":"https:\/\/akdenizhaber.com.tr\/index.php\/wp-json\/wp\/v2\/comments?post=22939"}],"version-history":[{"count":1,"href":"https:\/\/akdenizhaber.com.tr\/index.php\/wp-json\/wp\/v2\/posts\/22939\/revisions"}],"predecessor-version":[{"id":22941,"href":"https:\/\/akdenizhaber.com.tr\/index.php\/wp-json\/wp\/v2\/posts\/22939\/revisions\/22941"}],"wp:featuredmedia":[{"embeddable":true,"href":"https:\/\/akdenizhaber.com.tr\/index.php\/wp-json\/wp\/v2\/media\/22940"}],"wp:attachment":[{"href":"https:\/\/akdenizhaber.com.tr\/index.php\/wp-json\/wp\/v2\/media?parent=22939"}],"wp:term":[{"taxonomy":"category","embeddable":true,"href":"https:\/\/akdenizhaber.com.tr\/index.php\/wp-json\/wp\/v2\/categories?post=22939"},{"taxonomy":"post_tag","embeddable":true,"href":"https:\/\/akdenizhaber.com.tr\/index.php\/wp-json\/wp\/v2\/tags?post=22939"}],"curies":[{"name":"wp","href":"https:\/\/api.w.org\/{rel}","templated":true}]}}