{"id":22931,"date":"2024-04-24T12:52:38","date_gmt":"2024-04-24T09:52:38","guid":{"rendered":"https:\/\/akdenizhaber.com.tr\/?p=22931"},"modified":"2024-04-24T12:52:39","modified_gmt":"2024-04-24T09:52:39","slug":"cam-piramit-kral-yolunda-resmi-gecit-toreni","status":"publish","type":"post","link":"https:\/\/akdenizhaber.com.tr\/index.php\/2024\/04\/24\/cam-piramit-kral-yolunda-resmi-gecit-toreni\/","title":{"rendered":"Cam Piramit Kral Yolu\u2019nda resmi ge\u00e7it t\u00f6reni"},"content":{"rendered":"\n<p>Antalya B\u00fcy\u00fck\u015fehir Belediyesi 23 Nisan Ulusal Egemenlik ve \u00c7ocuk Bayram\u0131\u2019n\u0131 \u201c23 Nisan \u00c7ocuk ve U\u00e7urtma Festivali\u201d ile dolu dolu kutlad\u0131. \u00c7ocuklar i\u00e7in m\u00fczik ve dans g\u00f6sterileri, yar\u0131\u015fmalar ve pek \u00e7ok etkinli\u011fin yer ald\u0131\u011f\u0131 \u00c7ocuk ve U\u00e7urtma Festivalinde d\u00fcnya \u00e7ocuklar\u0131 Antalya\u2019dan bar\u0131\u015f mesaj\u0131 verdi<\/p>\n\n\n\n<p>T\u00fcrkiye B\u00fcy\u00fck Millet Meclisi\u2019nin a\u00e7\u0131l\u0131\u015f\u0131n\u0131n 104. Y\u0131ld\u00f6n\u00fcm\u00fc ve Ulu \u00d6nder Mustafa Kemal Atat\u00fcrk\u2019\u00fcn gelece\u011fimizin teminat\u0131 \u00e7ocuklar\u0131m\u0131za arma\u011fan etti\u011fi 23 Nisan Ulusal Egemenlik ve \u00c7ocuk Bayram\u0131 Antalya\u2019da co\u015fkuyla kutland\u0131. Antalya B\u00fcy\u00fck\u015fehir Belediyesi\u2019nin bu y\u0131l 25\u2019incisi d\u00fczenledi\u011fi, 23 Nisan Uluslararas\u0131 \u00c7ocuk ve U\u00e7urtma Festivali\u2019nde Antalyal\u0131 \u00e7ocuklar b\u00fcy\u00fck bir heyecanla bayramlar\u0131n\u0131 kutlarken, doyas\u0131ya e\u011flendi.<\/p>\n\n\n\n<p>RESM\u0130 GE\u00c7\u0130T T\u00d6REN\u0130<\/p>\n\n\n\n<p>Antalya B\u00fcy\u00fck\u015fehir Belediyesi K\u00fclt\u00fcr ve Sosyal \u0130\u015fler Dairesi Ba\u015fkanl\u0131\u011f\u0131 taraf\u0131ndan haz\u0131rlanan program kapsam\u0131nda, Cam Piramit Kral Yolu\u2019nda resmi ge\u00e7it t\u00f6reni d\u00fczenlendi.&nbsp; Antalya Valisi Hulusi \u015eahin, B\u00fcy\u00fck\u015fehir Belediye Ba\u015fkan\u0131 Muhittin B\u00f6cek ile birlikte \u00e7ocuk vali ve \u00e7ocuk ba\u015fkan\u0131n da kat\u0131ld\u0131\u011f\u0131 t\u00f6rende, Antalya\u2019n\u0131n farkl\u0131 okullar\u0131ndan gelen \u00f6\u011frenciler, halk oyunu, dans, bando ve mehter g\u00f6sterileri sergiledi. 23 Nisan Ulusal Egemenlik ve \u00c7ocuk Bayram\u0131 sebebiyle Antalya\u2019da 12 farkl\u0131 \u00fclkeden, 500 \u00f6\u011frenci a\u011f\u0131rland\u0131. Azerbaycan, G\u00fcrcistan ve \u00d6zbekistanl\u0131 \u00f6\u011frenciler, Cam Piramit Kral Yolu\u2019ndaki sahnede, \u00fclkelerine \u00f6zg\u00fc dans g\u00f6sterilerini sergiledi.<\/p>\n\n\n\n<p>BAYRAM DOLU DOLU KUTLANDI<\/p>\n\n\n\n<p>\u00c7ocuk ve U\u00e7urtma Festivali kapsam\u0131nda g\u00fcn boyu Cam Piramit Kral Yolu\u2019nda d\u00fczenlenen etkinliklerde de Antalyal\u0131 \u00e7ocuklar, bayramlar\u0131n\u0131 co\u015fkuyla kutlad\u0131. B\u00fcy\u00fck\u015fehir Belediye Ba\u015fkan\u0131 Muhittin B\u00f6cek de etkinlik alan\u0131n\u0131 ziyaret ederek, \u00e7ocuklar\u0131n ve ailelerin co\u015fkusun ortak oldu. Bubble Show, jongl\u00f6r g\u00f6sterisi, dev maskotlar, \u015fi\u015fme oyun parklar\u0131, ah\u015fap oyun istasyonlar\u0131, y\u00fcz boyama, balon katlama, tahta bacaklar ve \u00e7izgi karakterler, \u00e7ocuklara e\u011flenceli saatler ya\u015fatt\u0131.<\/p>\n\n\n\n<p>G\u00d6KY\u00dcZ\u00dc \u015eENLEND\u0130<\/p>\n\n\n\n<p>Antalya B\u00fcy\u00fck\u015fehir Belediyesi Bando ve Kent Orkestras\u0131 ve \u0130smail Baha S\u00fcrelsan \u00c7ocuk Korosu da etkinlikler kapsam\u0131nda konser verdi. U\u00e7urtma Festivali ile g\u00f6ky\u00fcz\u00fcn\u00fcn adeta \u015fenlendi\u011fi bayram etkinlikleri, foto\u011fraf \u00e7ekimleri ile \u00f6l\u00fcms\u00fczle\u015ftirildi.<\/p>\n\n\n\n<p>YEN\u0130 JENERASYON \u00c7OCUK MODA G\u00dcN\u00dc<\/p>\n\n\n\n<p>23 Nisan Ulusal Egemenlik ve \u00c7ocuk Bayram\u0131 kutlamalar\u0131 kapsam\u0131nda, ayr\u0131ca \u201cYeni Jenerasyon \u00c7ocuk Moda G\u00fcn\u00fc Defile Program\u0131\u201d Antalyal\u0131lar ile bulu\u015ftu. Cam Piramit Kral Yolu sahnesinde, Kazakistan&#8217;\u0131n Astana \u015fehrinden gelen tasar\u0131mc\u0131lar Dayana Alimbayeva, Ayaulym Nursultan ve Dar Diamond\u2019un tasarlad\u0131\u011f\u0131 geleneksel ve modern k\u0131yafetler 16 \u00e7ocuk model taraf\u0131ndan be\u011feniye sunuldu.<\/p>\n\n\n\n<p>\u00c7OCUK FEST\u0130VAL\u0130 GALA G\u00d6STER\u0130LER\u0130 B\u00dcY\u00dcLED\u0130<\/p>\n\n\n\n<p>25. Uluslararas\u0131 Antalya \u00c7ocuk ve U\u00e7urtma Festivali kapsam\u0131nda d\u00fcnya \u00fclkelerinden \u015fehrimize gelen misafir \u00e7ocuklar Antalya B\u00fcy\u00fck\u015fehir Belediyesi ve Kepez Belediyesi i\u015fbirli\u011fi ile Dokuma Park\u2019ta g\u00f6steriler ger\u00e7ekle\u015ftirdi. D\u00fcnya \u00e7ocuklar\u0131, \u00fclkelerine \u00f6zel m\u00fczikleri seslendirerek bar\u0131\u015f mesaj\u0131 verdi. Antalyal\u0131 \u00e7ocuklar unutamayacaklar\u0131 bir bayram ya\u015fad\u0131.<\/p>\n\n\n\n<p>Antalya B\u00fcy\u00fck\u015fehir Belediyesi \/B\u00fclten<\/p>\n","protected":false},"excerpt":{"rendered":"<p>Antalya B\u00fcy\u00fck\u015fehir Belediyesi 23 Nisan Ulusal Egemenlik ve \u00c7ocuk Bayram\u0131\u2019n\u0131 \u201c23 Nisan \u00c7ocuk ve U\u00e7urtma Festivali\u201d ile dolu dolu kutlad\u0131. \u00c7ocuklar i\u00e7in m\u00fczik ve dans <a href=\"https:\/\/akdenizhaber.com.tr\/index.php\/2024\/04\/24\/cam-piramit-kral-yolunda-resmi-gecit-toreni\/\" class=\"read-more-link\">[more&#8230;]<\/a><\/p>\n","protected":false},"author":2,"featured_media":22932,"comment_status":"open","ping_status":"open","sticky":false,"template":"","format":"standard","meta":{"footnotes":""},"categories":[2],"tags":[],"class_list":["post-22931","post","type-post","status-publish","format-standard","has-post-thumbnail","hentry","category-gundem"],"_links":{"self":[{"href":"https:\/\/akdenizhaber.com.tr\/index.php\/wp-json\/wp\/v2\/posts\/22931","targetHints":{"allow":["GET"]}}],"collection":[{"href":"https:\/\/akdenizhaber.com.tr\/index.php\/wp-json\/wp\/v2\/posts"}],"about":[{"href":"https:\/\/akdenizhaber.com.tr\/index.php\/wp-json\/wp\/v2\/types\/post"}],"author":[{"embeddable":true,"href":"https:\/\/akdenizhaber.com.tr\/index.php\/wp-json\/wp\/v2\/users\/2"}],"replies":[{"embeddable":true,"href":"https:\/\/akdenizhaber.com.tr\/index.php\/wp-json\/wp\/v2\/comments?post=22931"}],"version-history":[{"count":1,"href":"https:\/\/akdenizhaber.com.tr\/index.php\/wp-json\/wp\/v2\/posts\/22931\/revisions"}],"predecessor-version":[{"id":22933,"href":"https:\/\/akdenizhaber.com.tr\/index.php\/wp-json\/wp\/v2\/posts\/22931\/revisions\/22933"}],"wp:featuredmedia":[{"embeddable":true,"href":"https:\/\/akdenizhaber.com.tr\/index.php\/wp-json\/wp\/v2\/media\/22932"}],"wp:attachment":[{"href":"https:\/\/akdenizhaber.com.tr\/index.php\/wp-json\/wp\/v2\/media?parent=22931"}],"wp:term":[{"taxonomy":"category","embeddable":true,"href":"https:\/\/akdenizhaber.com.tr\/index.php\/wp-json\/wp\/v2\/categories?post=22931"},{"taxonomy":"post_tag","embeddable":true,"href":"https:\/\/akdenizhaber.com.tr\/index.php\/wp-json\/wp\/v2\/tags?post=22931"}],"curies":[{"name":"wp","href":"https:\/\/api.w.org\/{rel}","templated":true}]}}