{"id":22917,"date":"2024-04-23T15:13:01","date_gmt":"2024-04-23T12:13:01","guid":{"rendered":"https:\/\/akdenizhaber.com.tr\/?p=22917"},"modified":"2024-04-23T15:13:02","modified_gmt":"2024-04-23T12:13:02","slug":"namik-karamanci-fen-lisesi-bir-fark-yarat-sloganiyla-butunlesti","status":"publish","type":"post","link":"https:\/\/akdenizhaber.com.tr\/index.php\/2024\/04\/23\/namik-karamanci-fen-lisesi-bir-fark-yarat-sloganiyla-butunlesti\/","title":{"rendered":"Nam\u0131k Karamanc\u0131 Fen Lisesi \u201cBir Fark Yarat\u201d Slogan\u0131yla B\u00fct\u00fcnle\u015fti"},"content":{"rendered":"\n<p><\/p>\n\n\n\n<p>Manavgat Nam\u0131k Karamanc\u0131 Fen Lisesi, ger\u00e7ekle\u015ftirdi\u011fi b\u00fcy\u00fck etkinliklerle ad\u0131ndan s\u0131k\u00e7a s\u00f6z ettirmeye devam ediyor.<\/p>\n\n\n\n<p>Manavgat Nam\u0131k Karamanc\u0131 Fen Lisesi, Uluslararas\u0131 lisansl\u0131 bir etkinlik olan TEDx&#8217;in 2.sini d\u00fczenledi. TEDxYouth@NKFLSchool ad\u0131yla d\u00fczenlenen etkinlik, &#8220;Bir Fark Yarat&#8221; slogan\u0131yla anlaml\u0131 bir atmosfere sahne oldu. 100 davetlinin kat\u0131l\u0131m\u0131yla ger\u00e7ekle\u015fen ve b\u00fcy\u00fck be\u011feni toplayan etkinlikte 6 \u00f6nemli konu\u015fmac\u0131, izleyicilere ilham dolu anlar ya\u015fatt\u0131.<\/p>\n\n\n\n<p>\u00d6\u011frencilerin &#8220;Bir Fark Yarat&#8221; slogan\u0131yla d\u00fczenledikleri etkinlikte; Sel\u00e7uk Yusuf Arslan, Berke Sarpa\u015f, Merve Balaban, Mustafa Fikret U\u011fur, Emrah Kozan ve \u00d6zlem Mekik konu\u015fmac\u0131 olarak kat\u0131ld\u0131. Alan\u0131nda uzman ve ses getiren \u00e7al\u0131\u015fmalara imza atm\u0131\u015f bu isimler konu\u015fmalar\u0131 ile izleyicileri b\u00fcy\u00fclediler. Gen\u00e7lerin potansiyellerini ortaya \u00e7\u0131karmas\u0131 ad\u0131na \u00f6nemli bir platform olan etkinli\u011fe, \u0130l\u00e7e Milli E\u011fitim M\u00fcd\u00fcr\u00fc Fatih T\u00fcrk\u00f6z ve i\u015f d\u00fcnyas\u0131n\u0131n \u00f6nde gelen isimlerinden MAS\u0130AD&#8217;\u0131n kurucu ba\u015fkanlar\u0131ndan Mehmet Ali Cengiz ve e\u015fi \u0130smet Cengiz gibi de\u011ferli konuklar da kat\u0131l\u0131m g\u00f6sterdi.<\/p>\n\n\n\n<p>Her ayr\u0131nt\u0131s\u0131 titizlikle planlanan Organizasyonda konuklar, k\u0131rm\u0131z\u0131 hal\u0131da g\u00fcler y\u00fczl\u00fc \u00f6\u011frenciler taraf\u0131ndan kar\u015f\u0131land\u0131 ve g\u00f6rseller, s\u00fcslemeler, ikramlar gibi detaylar b\u00fcy\u00fck be\u011feni toplad\u0131. Okul M\u00fcd\u00fcr\u00fc Hasan K\u00f6k\u00e7\u00fc M\u00fcd\u00fcr Yard\u0131mc\u0131s\u0131 Hasan Biber ile \u00f6\u011fretmenler, Ozan Y\u0131lan ve Muhammet P\u00fcseli&#8217;nin liderli\u011findeki ekip, kat\u0131l\u0131mc\u0131lardan \u00f6vg\u00fcler ald\u0131.<\/p>\n\n\n\n<p>B\u00fc\u015fra Deveci \/ Haber<\/p>\n","protected":false},"excerpt":{"rendered":"<p>Manavgat Nam\u0131k Karamanc\u0131 Fen Lisesi, ger\u00e7ekle\u015ftirdi\u011fi b\u00fcy\u00fck etkinliklerle ad\u0131ndan s\u0131k\u00e7a s\u00f6z ettirmeye devam ediyor. Manavgat Nam\u0131k Karamanc\u0131 Fen Lisesi, Uluslararas\u0131 lisansl\u0131 bir etkinlik olan TEDx&#8217;in <a href=\"https:\/\/akdenizhaber.com.tr\/index.php\/2024\/04\/23\/namik-karamanci-fen-lisesi-bir-fark-yarat-sloganiyla-butunlesti\/\" class=\"read-more-link\">[more&#8230;]<\/a><\/p>\n","protected":false},"author":2,"featured_media":22918,"comment_status":"open","ping_status":"open","sticky":false,"template":"","format":"standard","meta":{"footnotes":""},"categories":[2],"tags":[],"class_list":["post-22917","post","type-post","status-publish","format-standard","has-post-thumbnail","hentry","category-gundem"],"_links":{"self":[{"href":"https:\/\/akdenizhaber.com.tr\/index.php\/wp-json\/wp\/v2\/posts\/22917","targetHints":{"allow":["GET"]}}],"collection":[{"href":"https:\/\/akdenizhaber.com.tr\/index.php\/wp-json\/wp\/v2\/posts"}],"about":[{"href":"https:\/\/akdenizhaber.com.tr\/index.php\/wp-json\/wp\/v2\/types\/post"}],"author":[{"embeddable":true,"href":"https:\/\/akdenizhaber.com.tr\/index.php\/wp-json\/wp\/v2\/users\/2"}],"replies":[{"embeddable":true,"href":"https:\/\/akdenizhaber.com.tr\/index.php\/wp-json\/wp\/v2\/comments?post=22917"}],"version-history":[{"count":1,"href":"https:\/\/akdenizhaber.com.tr\/index.php\/wp-json\/wp\/v2\/posts\/22917\/revisions"}],"predecessor-version":[{"id":22919,"href":"https:\/\/akdenizhaber.com.tr\/index.php\/wp-json\/wp\/v2\/posts\/22917\/revisions\/22919"}],"wp:featuredmedia":[{"embeddable":true,"href":"https:\/\/akdenizhaber.com.tr\/index.php\/wp-json\/wp\/v2\/media\/22918"}],"wp:attachment":[{"href":"https:\/\/akdenizhaber.com.tr\/index.php\/wp-json\/wp\/v2\/media?parent=22917"}],"wp:term":[{"taxonomy":"category","embeddable":true,"href":"https:\/\/akdenizhaber.com.tr\/index.php\/wp-json\/wp\/v2\/categories?post=22917"},{"taxonomy":"post_tag","embeddable":true,"href":"https:\/\/akdenizhaber.com.tr\/index.php\/wp-json\/wp\/v2\/tags?post=22917"}],"curies":[{"name":"wp","href":"https:\/\/api.w.org\/{rel}","templated":true}]}}