{"id":22914,"date":"2024-04-23T15:11:49","date_gmt":"2024-04-23T12:11:49","guid":{"rendered":"https:\/\/akdenizhaber.com.tr\/?p=22914"},"modified":"2024-04-23T15:11:50","modified_gmt":"2024-04-23T12:11:50","slug":"sidede-denizde-turk-bayragi-actilar","status":"publish","type":"post","link":"https:\/\/akdenizhaber.com.tr\/index.php\/2024\/04\/23\/sidede-denizde-turk-bayragi-actilar\/","title":{"rendered":"Side\u2019de Denizde T\u00fcrk Bayra\u011f\u0131 A\u00e7t\u0131lar"},"content":{"rendered":"\n<p>Antalya, Manavgat &#8211; Side Su Alt\u0131 Arama Kurtarma Gen\u00e7lik ve Spor Kul\u00fcb\u00fc, 23 Nisan Ulusal Egemenlik ve \u00c7ocuk Bayram\u0131\u2019n\u0131 anlaml\u0131 bir etkinlikle kutlad\u0131. Side liman\u0131nda d\u00fczenlenen etkinlikte, kul\u00fcp \u00f6\u011frencileri ve e\u011fitmenleri, denizin \u00fcst\u00fcnde T\u00fcrk bayra\u011f\u0131n\u0131 g\u00f6\u011fe y\u00fckselterek milli birlik ve beraberlik mesaj\u0131 verdiler.<\/p>\n\n\n\n<p>Kul\u00fcp Ba\u015fkan Yard\u0131mc\u0131s\u0131 \u015eahin Kaptan, Milli E\u011fitim M\u00fcd\u00fcrl\u00fc\u011f\u00fc ile ortakla\u015fa d\u00fczenledikleri projede, \u00f6\u011frencilere su alt\u0131 arama kurtarma e\u011fitimleri verdiklerini ve bu e\u011fitimlerin devam edece\u011fini belirtti. Kaptan, \u201c23 ki\u015filik ekibimizle, 23 Nisan\u2019da \u015fanl\u0131 T\u00fcrk bayra\u011f\u0131m\u0131z\u0131 sudan \u00e7\u0131kart\u0131p g\u00f6\u011fe y\u00fckselttik. Bu etkinlikle, \u00f6\u011frencilerimizin milli de\u011ferlerimizle ba\u011flar\u0131n\u0131 g\u00fc\u00e7lendirmeyi ve onlara sporun yan\u0131 s\u0131ra disiplinli bir e\u011fitim vermek istiyoruz.\u201d dedi.<\/p>\n\n\n\n<p>Etkinli\u011fi yerli yabanc\u0131 turistlerde ilgiyle takip etti.<\/p>\n\n\n\n<p>Etkinli\u011fe kat\u0131lan \u00f6\u011frencilerden biri, \u201cBug\u00fcn 23 Nisan Ulusal Egemenlik ve \u00c7ocuk Bayram\u0131. Arkada\u015flar\u0131m\u0131zla burada olmak ve bu etkinli\u011fi ger\u00e7ekle\u015ftirmek \u00e7ok g\u00fczeldi. Hocam\u0131z\u0131n yan\u0131nda olup, bu co\u015fkuyu ya\u015famak bizi \u00e7ok mutlu etti.\u201d ifadelerini kulland\u0131.<\/p>\n\n\n\n<p>B\u00fc\u015fra Deveci \/ B\u00fclten<\/p>\n","protected":false},"excerpt":{"rendered":"<p>Antalya, Manavgat &#8211; Side Su Alt\u0131 Arama Kurtarma Gen\u00e7lik ve Spor Kul\u00fcb\u00fc, 23 Nisan Ulusal Egemenlik ve \u00c7ocuk Bayram\u0131\u2019n\u0131 anlaml\u0131 bir etkinlikle kutlad\u0131. Side liman\u0131nda <a href=\"https:\/\/akdenizhaber.com.tr\/index.php\/2024\/04\/23\/sidede-denizde-turk-bayragi-actilar\/\" class=\"read-more-link\">[more&#8230;]<\/a><\/p>\n","protected":false},"author":2,"featured_media":22915,"comment_status":"open","ping_status":"open","sticky":false,"template":"","format":"standard","meta":{"footnotes":""},"categories":[2],"tags":[],"class_list":["post-22914","post","type-post","status-publish","format-standard","has-post-thumbnail","hentry","category-gundem"],"_links":{"self":[{"href":"https:\/\/akdenizhaber.com.tr\/index.php\/wp-json\/wp\/v2\/posts\/22914","targetHints":{"allow":["GET"]}}],"collection":[{"href":"https:\/\/akdenizhaber.com.tr\/index.php\/wp-json\/wp\/v2\/posts"}],"about":[{"href":"https:\/\/akdenizhaber.com.tr\/index.php\/wp-json\/wp\/v2\/types\/post"}],"author":[{"embeddable":true,"href":"https:\/\/akdenizhaber.com.tr\/index.php\/wp-json\/wp\/v2\/users\/2"}],"replies":[{"embeddable":true,"href":"https:\/\/akdenizhaber.com.tr\/index.php\/wp-json\/wp\/v2\/comments?post=22914"}],"version-history":[{"count":1,"href":"https:\/\/akdenizhaber.com.tr\/index.php\/wp-json\/wp\/v2\/posts\/22914\/revisions"}],"predecessor-version":[{"id":22916,"href":"https:\/\/akdenizhaber.com.tr\/index.php\/wp-json\/wp\/v2\/posts\/22914\/revisions\/22916"}],"wp:featuredmedia":[{"embeddable":true,"href":"https:\/\/akdenizhaber.com.tr\/index.php\/wp-json\/wp\/v2\/media\/22915"}],"wp:attachment":[{"href":"https:\/\/akdenizhaber.com.tr\/index.php\/wp-json\/wp\/v2\/media?parent=22914"}],"wp:term":[{"taxonomy":"category","embeddable":true,"href":"https:\/\/akdenizhaber.com.tr\/index.php\/wp-json\/wp\/v2\/categories?post=22914"},{"taxonomy":"post_tag","embeddable":true,"href":"https:\/\/akdenizhaber.com.tr\/index.php\/wp-json\/wp\/v2\/tags?post=22914"}],"curies":[{"name":"wp","href":"https:\/\/api.w.org\/{rel}","templated":true}]}}