{"id":22911,"date":"2024-04-23T13:12:01","date_gmt":"2024-04-23T10:12:01","guid":{"rendered":"https:\/\/akdenizhaber.com.tr\/?p=22911"},"modified":"2024-04-23T13:13:53","modified_gmt":"2024-04-23T10:13:53","slug":"baskan-kara-23-nisan-gelenegini-devam-ettirdi","status":"publish","type":"post","link":"https:\/\/akdenizhaber.com.tr\/index.php\/2024\/04\/23\/baskan-kara-23-nisan-gelenegini-devam-ettirdi\/","title":{"rendered":"Ba\u015fkan Kara 23 Nisan Gelene\u011fini Devam Ettirdi"},"content":{"rendered":"\n<p>Manavgat Belediye Ba\u015fkan\u0131 Niyazi Nefi Kara, 23 Nisan Ulusal Egemenlik ve \u00c7ocuk Bayram\u0131 gelene\u011fini devam ettirdi. Ba\u015fkan Kara, makam\u0131n\u0131 5.s\u0131n\u0131f \u00f6\u011frencileri Emre K\u0131l\u0131n\u00e7 ve Bu\u011flem Can\u2019a devretti.<\/p>\n\n\n\n<p>Manavgat Belediyesi makam arac\u0131yla okullar\u0131ndan al\u0131nan \u00f6\u011frenciler, Manavgat Belediye Ba\u015fkan\u0131 Niyazi Nefi Kara taraf\u0131ndan makam odas\u0131nda kar\u015f\u0131land\u0131. Emre K\u0131l\u0131n\u00e7 ve Bu\u011flem Can makam\u0131 devrald\u0131ktan sonra Ba\u015fkan Kara\u2019ya te\u015fekk\u00fcr ederek \u00e7al\u0131\u015fmalarla ilgili bilgi ald\u0131. \u00d6\u011frencilere ziyaretleri s\u00fcrecinde 75.Y\u0131l Cumhuriyet Ortaokulu M\u00fcd\u00fcr\u00fc \u015e\u00fckr\u00fc \u00d6zdemir ile M\u00fcd\u00fcr yard\u0131mc\u0131s\u0131 \u0130lknur Halefo\u011flu e\u015flik etti. Manavgat Belediye Ba\u015fkan Yard\u0131mc\u0131lar\u0131 G\u00fcls\u00fcm \u00d6zer, Mehmet Engin T\u00fcter ve Mustafa \u00d6zt\u00fcrk de makamda haz\u0131r bulundu. Art\u0131k geleneksel hale gelen koltuk devir teslimi ne\u015feli anlara sahne oldu.<\/p>\n\n\n\n<p>Manavgat Belediye Ba\u015fkan\u0131 Niyazi Nefi Kara taraf\u0131ndan \u00f6\u011frencilere hediyeler verildi. \u00d6\u011frenciler Emre K\u0131l\u0131n\u00e7, Bu\u011flem Can ve Okul M\u00fcd\u00fcr\u00fc \u015e\u00fckr\u00fc \u00d6zdemir de Kara\u2019ya, kara kalem Atat\u00fcrk portresi, \u00e7i\u00e7ek ve T\u00fcrk Bayra\u011f\u0131 i\u015flemeli porselen takdim ettiler.<\/p>\n\n\n\n<p>BU \u0130MKAN \u0130\u00c7\u0130N BA\u015eKANIMIZA TE\u015eEKK\u00dcR EDER\u0130M<\/p>\n\n\n\n<p>23 Nisan Ulusal Egemenlik ve \u00c7ocuk Bayram\u0131\u2019n\u0131 kutlayan Emre K\u0131l\u0131n\u00e7, konu\u015fmas\u0131na \u201c \u00d6ncelikle bizlere b\u00f6yle bir imkan verdi\u011fi i\u00e7in Ba\u015fkan\u0131ma t\u00fcm \u00e7ocuklar ad\u0131na te\u015fekk\u00fcr ederim.\u201d ifadeleriyle ba\u015flarken; istek ve beklentilerini ise, \u201cOkulumuzun yan\u0131ndaki bo\u015f arsan\u0131n ortaokul \u00f6\u011frencileri i\u00e7in de\u011ferlendirilmesini istiyorum. Park alanlar\u0131n\u0131n ve okul bah\u00e7emizin d\u00fczenlenmesini; resim, m\u00fczik, bili\u015fim, teknoloji gibi at\u00f6lyelerin okula getirilerek etkile\u015fimli bir \u015fekilde ders i\u015flenmesini istiyorum.\u201d s\u00f6zleriyle aktard\u0131. K\u0131l\u0131n\u00e7, \u201c23 Nisan, Atat\u00fcrk\u2019\u00fcn \u00e7ocuklara arma\u011fan etti\u011fi, T\u00fcrkiye B\u00fcy\u00fck Millet Meclisi\u2019nin kuruldu\u011fu, Atat\u00fcrk\u2019\u00fcn t\u00fcm d\u00fcnya \u00e7ocuklara arma\u011fan etti\u011fi bir g\u00fcnd\u00fcr.\u201d ifadelerini kulland\u0131.<\/p>\n\n\n\n<p>\u00c7OCUKLARIMIZ GELECE\u011e\u0130M\u0130Z M\u0130MARLARIDIR<\/p>\n\n\n\n<p>Manavgat Belediye Ba\u015fkan\u0131 Niyazi Nefi Kara, \u00e7ocuklar\u0131n gelece\u011fin mimarlar\u0131 oldu\u011funu, onlara en iyi e\u011fitimi vermenin toplum olarak en \u00f6nemli sorumluluklar\u0131m\u0131zdan oldu\u011funu s\u00f6yledi. Kara, \u201cD\u00fcnyada \u00e7ocuklara bayram arma\u011fan eden tek lider olan Ulu \u00d6nderimizi Gazi Mustafa Kemal Atat\u00fcrk\u2019\u00fcn \u00f6nderli\u011finde kurulan Gazi Meclisimizin 104\u2019\u00fcnc\u00fc y\u0131l\u0131na ula\u015fman\u0131n gururunu ya\u015f\u0131yoruz. 23 Nisan hepimizin Ulusal Egemenlik Bayram\u0131, egemenli\u011fin millete ge\u00e7mesinin bir temsilidir. Bu koltuk b\u00fct\u00fcn milletimizin koltu\u011fudur. Bizler hizmet etmek amac\u0131yla ge\u00e7ici olarak bu koltuklara gelen ki\u015fileriz. Bug\u00fcn bu koltu\u011fa temsili olarak oturttu\u011fumuz evlatlar\u0131m\u0131z bundan 20-25 y\u0131l sonra bu makamlara halk\u0131n takdiriyle gelecek evlatlar\u0131m\u0131zd\u0131r. Unutmayal\u0131m ki, \u00e7ocuklar\u0131m\u0131z gelece\u011fimizin mimarlar\u0131d\u0131r. Onlara en iyi e\u011fitimi ve imkanlar\u0131 sunmak toplum olarak en \u00f6nemli sorumluluklar\u0131m\u0131zdan birisidir. 23 Nisan Ulusal Egemenlik ve \u00c7ocuk Bayram\u0131\u2019m\u0131z\u0131 b\u00fcy\u00fck bir onurla kutluyor, bize bu vatan\u0131 arma\u011fan eden Ulu \u00d6nderimiz Gazi Mustafa Kemal Atat\u00fcrk ba\u015fta olmak \u00fczere t\u00fcm \u015fehit ve gazilerimizi sayg\u0131, sevgi ve rahmetle an\u0131yorum.\u201d ifadelerini kulland\u0131.<\/p>\n\n\n\n<p>Manavgat Belediyesi \/ B\u00fclten<\/p>\n","protected":false},"excerpt":{"rendered":"<p>Manavgat Belediye Ba\u015fkan\u0131 Niyazi Nefi Kara, 23 Nisan Ulusal Egemenlik ve \u00c7ocuk Bayram\u0131 gelene\u011fini devam ettirdi. Ba\u015fkan Kara, makam\u0131n\u0131 5.s\u0131n\u0131f \u00f6\u011frencileri Emre K\u0131l\u0131n\u00e7 ve Bu\u011flem <a href=\"https:\/\/akdenizhaber.com.tr\/index.php\/2024\/04\/23\/baskan-kara-23-nisan-gelenegini-devam-ettirdi\/\" class=\"read-more-link\">[more&#8230;]<\/a><\/p>\n","protected":false},"author":2,"featured_media":22912,"comment_status":"open","ping_status":"open","sticky":false,"template":"","format":"standard","meta":{"footnotes":""},"categories":[2],"tags":[],"class_list":["post-22911","post","type-post","status-publish","format-standard","has-post-thumbnail","hentry","category-gundem"],"_links":{"self":[{"href":"https:\/\/akdenizhaber.com.tr\/index.php\/wp-json\/wp\/v2\/posts\/22911","targetHints":{"allow":["GET"]}}],"collection":[{"href":"https:\/\/akdenizhaber.com.tr\/index.php\/wp-json\/wp\/v2\/posts"}],"about":[{"href":"https:\/\/akdenizhaber.com.tr\/index.php\/wp-json\/wp\/v2\/types\/post"}],"author":[{"embeddable":true,"href":"https:\/\/akdenizhaber.com.tr\/index.php\/wp-json\/wp\/v2\/users\/2"}],"replies":[{"embeddable":true,"href":"https:\/\/akdenizhaber.com.tr\/index.php\/wp-json\/wp\/v2\/comments?post=22911"}],"version-history":[{"count":1,"href":"https:\/\/akdenizhaber.com.tr\/index.php\/wp-json\/wp\/v2\/posts\/22911\/revisions"}],"predecessor-version":[{"id":22913,"href":"https:\/\/akdenizhaber.com.tr\/index.php\/wp-json\/wp\/v2\/posts\/22911\/revisions\/22913"}],"wp:featuredmedia":[{"embeddable":true,"href":"https:\/\/akdenizhaber.com.tr\/index.php\/wp-json\/wp\/v2\/media\/22912"}],"wp:attachment":[{"href":"https:\/\/akdenizhaber.com.tr\/index.php\/wp-json\/wp\/v2\/media?parent=22911"}],"wp:term":[{"taxonomy":"category","embeddable":true,"href":"https:\/\/akdenizhaber.com.tr\/index.php\/wp-json\/wp\/v2\/categories?post=22911"},{"taxonomy":"post_tag","embeddable":true,"href":"https:\/\/akdenizhaber.com.tr\/index.php\/wp-json\/wp\/v2\/tags?post=22911"}],"curies":[{"name":"wp","href":"https:\/\/api.w.org\/{rel}","templated":true}]}}