{"id":22908,"date":"2024-04-23T13:10:38","date_gmt":"2024-04-23T10:10:38","guid":{"rendered":"https:\/\/akdenizhaber.com.tr\/?p=22908"},"modified":"2024-04-23T13:10:39","modified_gmt":"2024-04-23T10:10:39","slug":"cocuklar-akdeniz-universitesi-rektorlugu-koltugunda","status":"publish","type":"post","link":"https:\/\/akdenizhaber.com.tr\/index.php\/2024\/04\/23\/cocuklar-akdeniz-universitesi-rektorlugu-koltugunda\/","title":{"rendered":"\u00c7ocuklar Akdeniz \u00dcniversitesi Rekt\u00f6rl\u00fc\u011f\u00fc koltu\u011funda"},"content":{"rendered":"\n<p>Akdeniz \u00dcniversitesi Rekt\u00f6r\u00fc Prof. Dr. \u00d6zlenen \u00d6zkan, 23 Nisan Ulusal Egemenlik ve \u00c7ocuk Bayram\u0131 kapsam\u0131nda \u00e7ocuklarla bir araya geldi. Rekt\u00f6r \u00d6zkan makam\u0131n\u0131 \u00e7ocuklara devrederek bayramlar\u0131n\u0131 kutlad\u0131.<\/p>\n\n\n\n<p>Akdeniz \u00dcniversitesi Sa\u011fl\u0131k, K\u00fclt\u00fcr ve Spor Dairesi Ba\u015fkanl\u0131\u011f\u0131 75. Y\u0131l Kre\u015f ve \u00c7ocuk Kul\u00fcb\u00fcnde e\u011fitim g\u00f6ren \u00e7ocuklar 23 Nisan Ulusal Egemenlik ve \u00c7ocuk Bayram\u0131 nedeniyle Akdeniz \u00dcniversitesi Rekt\u00f6r\u00fc Prof. Dr. \u00d6zlenen \u00d6zkan\u2019\u0131 makam\u0131nda ziyaret etti.<\/p>\n\n\n\n<p><strong>GELECE\u011e\u0130M\u0130Z S\u0130ZLERE EMANET<\/strong><\/p>\n\n\n\n<p>Akdeniz \u00dcniversitesi Y\u00f6netim Kurulu Salonu\u2019nda \u00e7ocuklarla bir araya gelen Rekt\u00f6r Prof. Dr. \u00d6zlenen \u00d6zkan, \u201c23 Nisan Ulusal Egemenlik ve \u00c7ocuk Bayram\u0131\u2019n\u0131 sizlere \u00fclkemizin kurucusu Gazi Mustafa Kemal Atat\u00fcrk arma\u011fan etti. \u00dclkemizin kurtulu\u015fu ve kurulu\u015funun ard\u0131ndan ilan edilen bu milli bayram\u0131m\u0131z, siz sevgili \u00e7ocuklar\u0131m\u0131za verilen \u00f6nem ve g\u00fcvenin bir g\u00f6stergesi. \u00dclke olarak b\u00f6yle bir lidere sahip oldu\u011fumuz i\u00e7in \u00e7ok \u015fansl\u0131y\u0131z. L\u00fctfen siz de her zaman bunun k\u0131ymetini bilin.\u201d diye konu\u015ftu.<\/p>\n\n\n\n<p><strong>\u00c7OCUKLARLA SOHBET ETT\u0130<\/strong><\/p>\n\n\n\n<p>\u00c7ocuklarla sohbet ederek hayallerini dinleyen Rekt\u00f6r Prof. Dr. \u00d6zlenen \u00d6zkan, \u201cHepinizin b\u00fcy\u00fck hayalleri oldu\u011funu dinlemek beni \u00e7ok mutlu etti. Doktor, m\u00fchendis, astronot, pilot, ressam olmak isteyen \u00e7ocuklar\u0131m\u0131z var. Sizlerin hayallerinize kavu\u015fmas\u0131 i\u00e7in bizler de elimizden geleni yap\u0131yoruz ve sizler i\u00e7in \u00e7al\u0131\u015fmaya devam edece\u011fiz. \u00c7\u00fcnk\u00fc sizlere hayalinizdeki \u00fclkeyi b\u0131rakmak bizim boynumuzun borcu. \u00dclkemizdeki her \u00e7ocu\u011fumuzun bayram\u0131n\u0131 tek tek kutluyorum. Sizleri \u00e7ok seviyoruz. Her \u015fey g\u00f6nl\u00fcn\u00fczce olsun.\u201d ifadelerini kulland\u0131.<\/p>\n\n\n\n<p>Rekt\u00f6r \u00d6zkan \u00e7ocuklara g\u00fcn\u00fcn an\u0131s\u0131na hediye ve \u00e7ikolata ikram etti. \u00c7ocuklar daha sonra Rekt\u00f6r Yard\u0131mc\u0131lar\u0131 Prof. Dr. G\u00fclbin Ar\u0131c\u0131 ve Prof. Dr. \u015e\u00fckr\u00fc \u00d6zen\u2019i makamlar\u0131nda ziyaret ettiler.<\/p>\n\n\n\n<p>Akdeniz \u00dcniversitesi Rekt\u00f6rl\u00fc\u011f\u00fc \/ B\u00fclten<\/p>\n","protected":false},"excerpt":{"rendered":"<p>Akdeniz \u00dcniversitesi Rekt\u00f6r\u00fc Prof. Dr. \u00d6zlenen \u00d6zkan, 23 Nisan Ulusal Egemenlik ve \u00c7ocuk Bayram\u0131 kapsam\u0131nda \u00e7ocuklarla bir araya geldi. Rekt\u00f6r \u00d6zkan makam\u0131n\u0131 \u00e7ocuklara devrederek bayramlar\u0131n\u0131 <a href=\"https:\/\/akdenizhaber.com.tr\/index.php\/2024\/04\/23\/cocuklar-akdeniz-universitesi-rektorlugu-koltugunda\/\" class=\"read-more-link\">[more&#8230;]<\/a><\/p>\n","protected":false},"author":2,"featured_media":22909,"comment_status":"open","ping_status":"open","sticky":false,"template":"","format":"standard","meta":{"footnotes":""},"categories":[2],"tags":[],"class_list":["post-22908","post","type-post","status-publish","format-standard","has-post-thumbnail","hentry","category-gundem"],"_links":{"self":[{"href":"https:\/\/akdenizhaber.com.tr\/index.php\/wp-json\/wp\/v2\/posts\/22908","targetHints":{"allow":["GET"]}}],"collection":[{"href":"https:\/\/akdenizhaber.com.tr\/index.php\/wp-json\/wp\/v2\/posts"}],"about":[{"href":"https:\/\/akdenizhaber.com.tr\/index.php\/wp-json\/wp\/v2\/types\/post"}],"author":[{"embeddable":true,"href":"https:\/\/akdenizhaber.com.tr\/index.php\/wp-json\/wp\/v2\/users\/2"}],"replies":[{"embeddable":true,"href":"https:\/\/akdenizhaber.com.tr\/index.php\/wp-json\/wp\/v2\/comments?post=22908"}],"version-history":[{"count":1,"href":"https:\/\/akdenizhaber.com.tr\/index.php\/wp-json\/wp\/v2\/posts\/22908\/revisions"}],"predecessor-version":[{"id":22910,"href":"https:\/\/akdenizhaber.com.tr\/index.php\/wp-json\/wp\/v2\/posts\/22908\/revisions\/22910"}],"wp:featuredmedia":[{"embeddable":true,"href":"https:\/\/akdenizhaber.com.tr\/index.php\/wp-json\/wp\/v2\/media\/22909"}],"wp:attachment":[{"href":"https:\/\/akdenizhaber.com.tr\/index.php\/wp-json\/wp\/v2\/media?parent=22908"}],"wp:term":[{"taxonomy":"category","embeddable":true,"href":"https:\/\/akdenizhaber.com.tr\/index.php\/wp-json\/wp\/v2\/categories?post=22908"},{"taxonomy":"post_tag","embeddable":true,"href":"https:\/\/akdenizhaber.com.tr\/index.php\/wp-json\/wp\/v2\/tags?post=22908"}],"curies":[{"name":"wp","href":"https:\/\/api.w.org\/{rel}","templated":true}]}}