{"id":22905,"date":"2024-04-23T13:09:43","date_gmt":"2024-04-23T10:09:43","guid":{"rendered":"https:\/\/akdenizhaber.com.tr\/?p=22905"},"modified":"2024-04-23T13:09:44","modified_gmt":"2024-04-23T10:09:44","slug":"manavgat-belediyesinin-egitim-kurumlarinda-23-nisan-coskusu","status":"publish","type":"post","link":"https:\/\/akdenizhaber.com.tr\/index.php\/2024\/04\/23\/manavgat-belediyesinin-egitim-kurumlarinda-23-nisan-coskusu\/","title":{"rendered":"Manavgat Belediyesi\u2019nin E\u011fitim Kurumlar\u0131\u2019nda 23 Nisan \u00c7o\u015fkusu"},"content":{"rendered":"\n<p>Manavgat Belediyesi\u2019nin e\u011fitim kurumlar\u0131 olan Side, \u00c7olakl\u0131, Sar\u0131lar, Ta\u015fa\u011f\u0131l Kre\u015f ve G\u00fcnd\u00fcz Bak\u0131mevi \u00f6\u011frencileri ile Il\u0131ca Meliha Ercan Engelsiz Ya\u015fam Merkezi, Side Gen\u00e7lik Merkezi ve \u00c7ocuk K\u00fclt\u00fcr Merkezi \u00f6\u011frencileri,&nbsp;23 Nisan Ulusal Egemenlik ve \u00c7ocuk Bayram\u0131\u2019n\u0131n 104\u2019nc\u00fc y\u0131l d\u00f6n\u00fcm\u00fcn\u00fc muhte\u015fem etkinlikler d\u00fczenleyerek kutlad\u0131.<\/p>\n\n\n\n<p>Manavgat Belediye Ba\u015fkan\u0131 Niyazi Nefi Kara, 23 Nisan Ulusal Egemenlik ve \u00c7ocuk Bayram\u0131n\u0131\u2019n\u0131n daha co\u015fkulu bir \u015fekilde kutlanmas\u0131 amac\u0131yla muhte\u015fem bir etkinlik program\u0131 haz\u0131rlatt\u0131. Manavgat Belediyesi\u2019ne ba\u011fl\u0131 e\u011fitim kurumlar\u0131n\u0131n organize etti\u011fi kutlama program\u0131 kapsam\u0131nda \u00c7ocuk K\u00fclt\u00fcr Merkezi, Side Gen\u00e7lik Merkezi, Il\u0131ca Meliha Ercan Engelsiz Ya\u015fam Merkezi, Side, Sar\u0131lar, \u00c7olakl\u0131 ve Ta\u015fa\u011f\u0131l Kre\u015f ve G\u00fcnd\u00fcz Bak\u0131mevi\u2019nde e\u011fitim g\u00f6ren \u00f6\u011frenciler, \u00f6\u011fretmenleriyle birlikte Atat\u00fcrk K\u00fclt\u00fcr Merkezi\u2019nde g\u00f6steri d\u00fczenledi. \u00d6\u011fretmenleriyle birlikte ilk olarak Cumhuriyet Meydan\u0131\u2019nda toplanan y\u00fczlerce \u00e7ocuk, ellerinde T\u00fcrk Bayraklar\u0131 ile AKM\u2019ye kadar kortej d\u00fczenledi. Uluslararas\u0131 Halk Danslar\u0131 Toplulu\u011fu ve Manavgat Belediyesi\u2019nin \u00d6zg\u00fcrl\u00fck Bandosu da Cumhuriyet ve \u00e7ocuk mar\u015flar\u0131 ile y\u00fcr\u00fcy\u00fc\u015fe e\u015flik etti.&nbsp;23 Nisan kutlamalar\u0131na kat\u0131lan \u00e7ocuklar, b\u00fcy\u00fck bir \u00f6zenle haz\u0131rlad\u0131klar\u0131 \u015fiir, dans ve halk oyunlar\u0131 g\u00f6sterilerini kent halk\u0131na sergiledi. \u00c7ocuklar ve \u00f6\u011fretmenler, g\u00fcn\u00fcn anlam\u0131na ithafen T\u00fcrk Bayra\u011f\u0131n\u0131n rengi olan k\u0131rm\u0131z\u0131- beyaz elbiseleri giydi. \u00c7ocuklar\u0131n muhte\u015fem performans\u0131 ise izleyenlerden b\u00fcy\u00fck alk\u0131\u015f ald\u0131.<\/p>\n\n\n\n<p>BA\u015eKAN KARA;\u201c\u00c7OCUKLARIMIZ \u0130\u00c7\u0130N VARIZ\u201d<\/p>\n\n\n\n<p>Manavgat Belediye Ba\u015fkan\u0131 Niyazi Nefi Kara, Manavgat Belediyesi\u2019nin e\u011fitim kurumlar\u0131n\u0131n 23 Nisan Ulusal Egemenlik ve \u00c7ocuk Bayram\u0131\u2019n\u0131 b\u00fcy\u00fck bir co\u015fkuyla kutlad\u0131\u011f\u0131n\u0131 belirtti. Ba\u015fkan Niyazi Nefi Kara, \u201cMustafa Kemal Atat\u00fcrk\u2019\u00fcn t\u00fcm d\u00fcnya \u00e7ocuklar\u0131na arma\u011fan etti\u011fi 23 Nisan Ulusal Egemenlik ve \u00c7ocuk Bayram\u0131\u2019n\u0131 b\u00fcy\u00fck bir co\u015fkuyla kutluyoruz. Sevgili \u00e7ocuklar, sizler bizlere atalar\u0131m\u0131z\u0131n emanetisiniz. Bizler, o emanete d\u00fcn oldu\u011fu gibi bug\u00fcn de sahip \u00e7\u0131kaca\u011f\u0131z. Bug\u00fcn sizin bayram\u0131n\u0131z. G\u00f6nl\u00fcn\u00fczce e\u011flenmek hepinizin hakk\u0131d\u0131r. Sadece sizlere de\u011fil b\u00fct\u00fcn d\u00fcnya \u00e7ocuklar\u0131na ihtafen adland\u0131r\u0131lan 23 Nisan Ulusal Egemenlik ve \u00c7ocuk Bayram\u0131 kutlu olsun. \u00d6n\u00fcm\u00fczdeki s\u00fcre\u00e7te sava\u015fs\u0131z, kavgas\u0131z ve yan yana b\u00fcy\u00fcyen b\u00fct\u00fcn d\u00fcnyan\u0131n \u00e7ocuklar\u0131m\u0131z\u0131n olmas\u0131 en b\u00fcy\u00fck temennimiz. Bizler, sizler i\u00e7in var\u0131z. Sizler bizim gelece\u011fimizsiniz. Yar\u0131n\u0131n b\u00fcy\u00fcklerisiniz. Sizlerin daha sa\u011fl\u0131kl\u0131 ve daha g\u00fczel bir \u00fclkede ya\u015famas\u0131n\u0131 sa\u011flamak bizlerin g\u00f6revi.Bu bilin\u00e7le bayram\u0131n ger\u00e7ek sahiplerinin bayram\u0131n\u0131 tekrar kutluyorum. Hepinizin g\u00f6zlerinden \u00f6p\u00fcyorum\u201d dedi.<\/p>\n\n\n\n<p>Manavgat Belediyesi \/ B\u00fclten<\/p>\n","protected":false},"excerpt":{"rendered":"<p>Manavgat Belediyesi\u2019nin e\u011fitim kurumlar\u0131 olan Side, \u00c7olakl\u0131, Sar\u0131lar, Ta\u015fa\u011f\u0131l Kre\u015f ve G\u00fcnd\u00fcz Bak\u0131mevi \u00f6\u011frencileri ile Il\u0131ca Meliha Ercan Engelsiz Ya\u015fam Merkezi, Side Gen\u00e7lik Merkezi ve <a href=\"https:\/\/akdenizhaber.com.tr\/index.php\/2024\/04\/23\/manavgat-belediyesinin-egitim-kurumlarinda-23-nisan-coskusu\/\" class=\"read-more-link\">[more&#8230;]<\/a><\/p>\n","protected":false},"author":2,"featured_media":22906,"comment_status":"open","ping_status":"open","sticky":false,"template":"","format":"standard","meta":{"footnotes":""},"categories":[2],"tags":[],"class_list":["post-22905","post","type-post","status-publish","format-standard","has-post-thumbnail","hentry","category-gundem"],"_links":{"self":[{"href":"https:\/\/akdenizhaber.com.tr\/index.php\/wp-json\/wp\/v2\/posts\/22905","targetHints":{"allow":["GET"]}}],"collection":[{"href":"https:\/\/akdenizhaber.com.tr\/index.php\/wp-json\/wp\/v2\/posts"}],"about":[{"href":"https:\/\/akdenizhaber.com.tr\/index.php\/wp-json\/wp\/v2\/types\/post"}],"author":[{"embeddable":true,"href":"https:\/\/akdenizhaber.com.tr\/index.php\/wp-json\/wp\/v2\/users\/2"}],"replies":[{"embeddable":true,"href":"https:\/\/akdenizhaber.com.tr\/index.php\/wp-json\/wp\/v2\/comments?post=22905"}],"version-history":[{"count":1,"href":"https:\/\/akdenizhaber.com.tr\/index.php\/wp-json\/wp\/v2\/posts\/22905\/revisions"}],"predecessor-version":[{"id":22907,"href":"https:\/\/akdenizhaber.com.tr\/index.php\/wp-json\/wp\/v2\/posts\/22905\/revisions\/22907"}],"wp:featuredmedia":[{"embeddable":true,"href":"https:\/\/akdenizhaber.com.tr\/index.php\/wp-json\/wp\/v2\/media\/22906"}],"wp:attachment":[{"href":"https:\/\/akdenizhaber.com.tr\/index.php\/wp-json\/wp\/v2\/media?parent=22905"}],"wp:term":[{"taxonomy":"category","embeddable":true,"href":"https:\/\/akdenizhaber.com.tr\/index.php\/wp-json\/wp\/v2\/categories?post=22905"},{"taxonomy":"post_tag","embeddable":true,"href":"https:\/\/akdenizhaber.com.tr\/index.php\/wp-json\/wp\/v2\/tags?post=22905"}],"curies":[{"name":"wp","href":"https:\/\/api.w.org\/{rel}","templated":true}]}}