{"id":22903,"date":"2024-04-23T13:08:12","date_gmt":"2024-04-23T10:08:12","guid":{"rendered":"https:\/\/akdenizhaber.com.tr\/?p=22903"},"modified":"2024-04-23T13:08:13","modified_gmt":"2024-04-23T10:08:13","slug":"cocuk-bayrami","status":"publish","type":"post","link":"https:\/\/akdenizhaber.com.tr\/index.php\/2024\/04\/23\/cocuk-bayrami\/","title":{"rendered":"\u00c7OCUK BAYRAMI"},"content":{"rendered":"\n<p>G\u00fcnayd\u0131n g\u00fczel insanlar\u2026<br>23 Nisan, T\u00fcrkiye Cumhuriyeti&#8217;nin kurucusu B\u00fcy\u00fck \u00d6nder Mustafa Kemal Atat\u00fcrk taraf\u0131ndan \u00e7ocuklara arma\u011fan edilen, ulusal egemenli\u011fin ve \u00e7ocuk haklar\u0131n\u0131n bayram\u0131 olarak kutlanan \u00f6nemli bir g\u00fcnd\u00fcr. T\u00fcrkiye B\u00fcy\u00fck Millet Meclisi&#8217;nin (TBMM) 23 Nisan 1920 tarihinde a\u00e7\u0131lmas\u0131yla ilgilidir ve ayn\u0131 zamanda T\u00fcrkiye&#8217;de ilk ve tek \u00e7ocuk bayram\u0131d\u0131r. Bu tarih, T\u00fcrk milletinin ba\u011f\u0131ms\u0131zl\u0131k m\u00fccadelesinde \u00f6nemli bir d\u00f6n\u00fcm noktas\u0131n\u0131 temsil eder. I. D\u00fcnya Sava\u015f\u0131&#8217;n\u0131n ard\u0131ndan T\u00fcrk milleti, \u0130stanbul&#8217;u i\u015fgal eden ve Osmanl\u0131 \u0130mparatorlu\u011fu&#8217;nu par\u00e7alamaya \u00e7al\u0131\u015fan i\u015fgalci g\u00fc\u00e7lere kar\u015f\u0131 ulusal ba\u011f\u0131ms\u0131zl\u0131k m\u00fccadelesini ba\u015flatm\u0131\u015ft\u0131. \u0130\u015fte 23 Nisan 1920, bu m\u00fccadelenin simgesi olan TBMM&#8217;nin a\u00e7\u0131lmas\u0131 ve T\u00fcrk milletinin egemenli\u011fini ilan etmesi anlam\u0131na gelir. Mustafa Kemal Atat\u00fcrk, TBMM&#8217;nin a\u00e7\u0131l\u0131\u015f\u0131n\u0131 \u00e7ocuklara arma\u011fan etmek ve gelece\u011fin teminat\u0131 olan \u00e7ocuklar\u0131 ulusal egemenli\u011fin bilincine sahip bireyler olarak yeti\u015ftirmek amac\u0131yla 23 Nisan&#8217;\u0131 &#8220;Ulusal Egemenlik ve \u00c7ocuk Bayram\u0131&#8221; olarak ilan etmi\u015ftir. Bu tarih, \u00e7ocuklara y\u00f6nelik etkinliklerle, g\u00f6sterilerle, kutlamalarla ve \u00e7e\u015fitli etkinliklerle co\u015fkuyla kutlan\u0131r. Ayn\u0131 zamanda, \u00e7ocuklara haklar\u0131n\u0131 hat\u0131rlatmak ve onlar\u0131n e\u011fitim, sa\u011fl\u0131k ve refahlar\u0131na y\u00f6nelik \u00e7aba g\u00f6stermek i\u00e7in de bir f\u0131rsat olarak g\u00f6r\u00fcl\u00fcr. 23 Nisan, ayn\u0131 zamanda d\u00fcnya genelinde \u00e7ocuk haklar\u0131n\u0131n kutland\u0131\u011f\u0131 Uluslararas\u0131 \u00c7ocuk Haklar\u0131 G\u00fcn\u00fc&#8217;n\u00fcn de kayna\u011f\u0131d\u0131r. T\u00fcrkiye&#8217;nin TBMM&#8217;nin a\u00e7\u0131l\u0131\u015f\u0131yla ilgili bu anlaml\u0131 g\u00fcn\u00fc, 20 Kas\u0131m 1989&#8217;da Birle\u015fmi\u015f Milletler taraf\u0131ndan Uluslararas\u0131 \u00c7ocuk Haklar\u0131 G\u00fcn\u00fc olarak kabul edilmi\u015ftir. Bu nedenle, 23 Nisan sadece T\u00fcrkiye&#8217;de de\u011fil, d\u00fcnya genelinde \u00e7ocuklar\u0131n haklar\u0131n\u0131n vurguland\u0131\u011f\u0131, ulusal egemenli\u011fin ve demokrasinin \u00f6neminin hat\u0131rland\u0131\u011f\u0131 bir g\u00fcn olarak b\u00fcy\u00fck bir \u00f6neme sahiptir. Her y\u0131l, bu anlaml\u0131 g\u00fcn \u00e7ocuklar\u0131n sevin\u00e7le kutland\u0131\u011f\u0131 ve gelece\u011fe umutla bak\u0131ld\u0131\u011f\u0131 bir bayram olarak ya\u015fan\u0131r.<\/p>\n\n\n\n<p>ESRA \u0130\u00c7G\u00d6Z<\/p>\n","protected":false},"excerpt":{"rendered":"<p>G\u00fcnayd\u0131n g\u00fczel insanlar\u202623 Nisan, T\u00fcrkiye Cumhuriyeti&#8217;nin kurucusu B\u00fcy\u00fck \u00d6nder Mustafa Kemal Atat\u00fcrk taraf\u0131ndan \u00e7ocuklara arma\u011fan edilen, ulusal egemenli\u011fin ve \u00e7ocuk haklar\u0131n\u0131n bayram\u0131 olarak kutlanan \u00f6nemli <a href=\"https:\/\/akdenizhaber.com.tr\/index.php\/2024\/04\/23\/cocuk-bayrami\/\" class=\"read-more-link\">[more&#8230;]<\/a><\/p>\n","protected":false},"author":2,"featured_media":22483,"comment_status":"open","ping_status":"open","sticky":false,"template":"","format":"standard","meta":{"footnotes":""},"categories":[2],"tags":[],"class_list":["post-22903","post","type-post","status-publish","format-standard","has-post-thumbnail","hentry","category-gundem"],"_links":{"self":[{"href":"https:\/\/akdenizhaber.com.tr\/index.php\/wp-json\/wp\/v2\/posts\/22903","targetHints":{"allow":["GET"]}}],"collection":[{"href":"https:\/\/akdenizhaber.com.tr\/index.php\/wp-json\/wp\/v2\/posts"}],"about":[{"href":"https:\/\/akdenizhaber.com.tr\/index.php\/wp-json\/wp\/v2\/types\/post"}],"author":[{"embeddable":true,"href":"https:\/\/akdenizhaber.com.tr\/index.php\/wp-json\/wp\/v2\/users\/2"}],"replies":[{"embeddable":true,"href":"https:\/\/akdenizhaber.com.tr\/index.php\/wp-json\/wp\/v2\/comments?post=22903"}],"version-history":[{"count":1,"href":"https:\/\/akdenizhaber.com.tr\/index.php\/wp-json\/wp\/v2\/posts\/22903\/revisions"}],"predecessor-version":[{"id":22904,"href":"https:\/\/akdenizhaber.com.tr\/index.php\/wp-json\/wp\/v2\/posts\/22903\/revisions\/22904"}],"wp:featuredmedia":[{"embeddable":true,"href":"https:\/\/akdenizhaber.com.tr\/index.php\/wp-json\/wp\/v2\/media\/22483"}],"wp:attachment":[{"href":"https:\/\/akdenizhaber.com.tr\/index.php\/wp-json\/wp\/v2\/media?parent=22903"}],"wp:term":[{"taxonomy":"category","embeddable":true,"href":"https:\/\/akdenizhaber.com.tr\/index.php\/wp-json\/wp\/v2\/categories?post=22903"},{"taxonomy":"post_tag","embeddable":true,"href":"https:\/\/akdenizhaber.com.tr\/index.php\/wp-json\/wp\/v2\/tags?post=22903"}],"curies":[{"name":"wp","href":"https:\/\/api.w.org\/{rel}","templated":true}]}}