{"id":22880,"date":"2024-04-23T13:00:23","date_gmt":"2024-04-23T10:00:23","guid":{"rendered":"https:\/\/akdenizhaber.com.tr\/?p=22880"},"modified":"2024-04-23T13:00:23","modified_gmt":"2024-04-23T10:00:23","slug":"atso-baskani-ali-bahardan-23-nisan-mesaji","status":"publish","type":"post","link":"https:\/\/akdenizhaber.com.tr\/index.php\/2024\/04\/23\/atso-baskani-ali-bahardan-23-nisan-mesaji\/","title":{"rendered":"ATSO Ba\u015fkan\u0131 Ali Bahar\u2019dan 23 Nisan Mesaj\u0131"},"content":{"rendered":"\n<p>Antalya Ticaret ve Sanayi Odas\u0131 (ATSO) Y\u00f6netim Kurulu Ba\u015fkan\u0131 Ali Bahar, T\u00fcrkiye B\u00fcy\u00fck Millet Meclisi\u2019nin 104\u2019\u00fcnc\u00fc kurulu\u015f y\u0131l d\u00f6n\u00fcm\u00fc ve 23 Nisan Ulusal Egemenlik ve \u00c7ocuk Bayram\u0131 dolay\u0131s\u0131yla bir mesaj yay\u0131mlad\u0131.<\/p>\n\n\n\n<p>23 Nisan tarihinin Cumhuriyete giden yolu a\u00e7an \u00f6nemli bir d\u00f6n\u00fcm noktas\u0131 oldu\u011funu belirten Ba\u015fkan Ali Bahar mesaj\u0131nda \u015funlar\u0131 kaydetti;<\/p>\n\n\n\n<p>\u201cT\u00fcrkiye Cumhuriyeti&#8217;nin kurucusu, ilk Cumhurba\u015fkan\u0131m\u0131z Gazi Mustafa Kemal Atat\u00fcrk taraf\u0131ndan d\u00fcnya \u00e7ocuklar\u0131na arma\u011fan edilen 23 Nisan Ulusal Egemenlik ve \u00c7ocuk Bayram\u0131&#8217;n\u0131 ve TBMM\u2019nin kurulu\u015funun 104\u2019\u00fcnc\u00fc kurulu\u015f y\u0131l d\u00f6n\u00fcm\u00fcn\u00fc kutlaman\u0131n gururunu ya\u015f\u0131yoruz.<\/p>\n\n\n\n<p>B\u00fcy\u00fck fedak\u00e2rl\u0131klarla kurulan, e\u015fi benzeri g\u00f6r\u00fclmemi\u015f bir m\u00fccadelenin eseri Cumhuriyetimize giden yolu a\u00e7an, egemenli\u011fin kay\u0131ts\u0131z \u015farts\u0131z halka verildi\u011fi 23 Nisan 1920 tarihi, B\u00fcy\u00fck \u00d6nder Mustafa Kemal Atat\u00fcrk\u2019\u00fcn vizyonuyla bug\u00fcn\u00fcm\u00fcz\u00fc in\u015fa eden d\u00f6n\u00fcm noktalar\u0131m\u0131zdan biri.<\/p>\n\n\n\n<p>G\u00dc\u00c7L\u00dc B\u0130R EKONOM\u0130 \u0130\u00c7\u0130N \u00c7ALI\u015eMAYA DEVAM EDECE\u011e\u0130Z<\/p>\n\n\n\n<p>T\u00fcrkiye B\u00fcy\u00fck Millet Meclisi&#8217;nin a\u00e7\u0131l\u0131\u015f\u0131n\u0131n ve milletimizin egemenli\u011fini ilan etti\u011fi tarihin an\u0131s\u0131n\u0131 ya\u015fatt\u0131\u011f\u0131m\u0131z bu \u00f6zel g\u00fcn, ayn\u0131 zamanda \u00e7a\u011fda\u015f T\u00fcrkiye\u2019nin \u00f6nemli bir kilometre ta\u015f\u0131. Tarihimizdeki bu g\u00fczel ve anlaml\u0131 g\u00fcn\u00fcn y\u0131l d\u00f6n\u00fcm\u00fcn\u00fc kutlarken,&nbsp; bizlere kazand\u0131rd\u0131klar\u0131n\u0131 daha da derinlemesine anl\u0131yor ve de\u011ferini her ge\u00e7en g\u00fcn daha iyi kavr\u0131yoruz. \u00dclkemizin \u00f6nemli kentlerinden Antalya\u2019m\u0131z\u0131n bu anlamda \u00fcstlendi\u011fi misyonun da fark\u0131nday\u0131z. \u00c7ok k\u0131ymetli bir kentte ya\u015f\u0131yor, \u00e7ok \u00e7al\u0131\u015f\u0131yor ve \u00fcretiyoruz, g\u00fc\u00e7l\u00fc bir ekonomi i\u00e7in her zaman \u00e7al\u0131\u015fmaya devam edece\u011fiz.<\/p>\n\n\n\n<p>GEN\u00c7 KU\u015eAKLARIMIZ \u0130\u00c7\u0130N \u00c7ALI\u015eIYORUZ<\/p>\n\n\n\n<p>Sorumlulu\u011fumuz da \u00e7ok b\u00fcy\u00fck. Atat\u00fcrk&#8217;\u00fcn fikirlerini, ideallerini, kurdu\u011fu Cumhuriyet&#8217;i ya\u015fatmak, geli\u015ftirmek ve yeni ku\u015faklara aktarmak asl\u00ee g\u00f6revimiz. Milli m\u00fccadele kahramanlar\u0131m\u0131z\u0131 minnetle anarken, bizler i\u00e7in verdikleri kurtulu\u015f m\u00fccadelesine \u015f\u00fckran duyuyor, gen\u00e7 ku\u015faklar\u0131m\u0131z i\u00e7in \u00e7al\u0131\u015fmalar\u0131m\u0131z\u0131 s\u00fcrd\u00fcrmeye devam ediyoruz. Bu duygu ve d\u00fc\u015f\u00fcncelerle, T\u00fcrkiye B\u00fcy\u00fck Millet Meclisi&#8217;ni kuran, ba\u015fta Gazi Mustafa Kemal Atat\u00fcrk olmak \u00fczere, t\u00fcm silah arkada\u015flar\u0131n\u0131 \u015f\u00fckranla an\u0131yorum. D\u00fcnyada \u00e7ocuklara arma\u011fan edilen ilk ulusal bayram olan 23 Nisan Ulusal Egemenlik ve \u00c7ocuk Bayram\u0131&#8217;n\u0131 kutluyor, gelece\u011fimizi ayd\u0131nlatacak t\u00fcm \u00e7ocuklar\u0131m\u0131z\u0131 sevgiyle kucakl\u0131yorum.\u201d<\/p>\n\n\n\n<p>Antalya Ticaret ve Sanayi Odas\u0131 \/ B\u00fclten<\/p>\n","protected":false},"excerpt":{"rendered":"<p>Antalya Ticaret ve Sanayi Odas\u0131 (ATSO) Y\u00f6netim Kurulu Ba\u015fkan\u0131 Ali Bahar, T\u00fcrkiye B\u00fcy\u00fck Millet Meclisi\u2019nin 104\u2019\u00fcnc\u00fc kurulu\u015f y\u0131l d\u00f6n\u00fcm\u00fc ve 23 Nisan Ulusal Egemenlik ve <a href=\"https:\/\/akdenizhaber.com.tr\/index.php\/2024\/04\/23\/atso-baskani-ali-bahardan-23-nisan-mesaji\/\" class=\"read-more-link\">[more&#8230;]<\/a><\/p>\n","protected":false},"author":2,"featured_media":22881,"comment_status":"open","ping_status":"open","sticky":false,"template":"","format":"standard","meta":{"footnotes":""},"categories":[2],"tags":[],"class_list":["post-22880","post","type-post","status-publish","format-standard","has-post-thumbnail","hentry","category-gundem"],"_links":{"self":[{"href":"https:\/\/akdenizhaber.com.tr\/index.php\/wp-json\/wp\/v2\/posts\/22880","targetHints":{"allow":["GET"]}}],"collection":[{"href":"https:\/\/akdenizhaber.com.tr\/index.php\/wp-json\/wp\/v2\/posts"}],"about":[{"href":"https:\/\/akdenizhaber.com.tr\/index.php\/wp-json\/wp\/v2\/types\/post"}],"author":[{"embeddable":true,"href":"https:\/\/akdenizhaber.com.tr\/index.php\/wp-json\/wp\/v2\/users\/2"}],"replies":[{"embeddable":true,"href":"https:\/\/akdenizhaber.com.tr\/index.php\/wp-json\/wp\/v2\/comments?post=22880"}],"version-history":[{"count":1,"href":"https:\/\/akdenizhaber.com.tr\/index.php\/wp-json\/wp\/v2\/posts\/22880\/revisions"}],"predecessor-version":[{"id":22882,"href":"https:\/\/akdenizhaber.com.tr\/index.php\/wp-json\/wp\/v2\/posts\/22880\/revisions\/22882"}],"wp:featuredmedia":[{"embeddable":true,"href":"https:\/\/akdenizhaber.com.tr\/index.php\/wp-json\/wp\/v2\/media\/22881"}],"wp:attachment":[{"href":"https:\/\/akdenizhaber.com.tr\/index.php\/wp-json\/wp\/v2\/media?parent=22880"}],"wp:term":[{"taxonomy":"category","embeddable":true,"href":"https:\/\/akdenizhaber.com.tr\/index.php\/wp-json\/wp\/v2\/categories?post=22880"},{"taxonomy":"post_tag","embeddable":true,"href":"https:\/\/akdenizhaber.com.tr\/index.php\/wp-json\/wp\/v2\/tags?post=22880"}],"curies":[{"name":"wp","href":"https:\/\/api.w.org\/{rel}","templated":true}]}}