{"id":22877,"date":"2024-04-23T12:56:16","date_gmt":"2024-04-23T09:56:16","guid":{"rendered":"https:\/\/akdenizhaber.com.tr\/?p=22877"},"modified":"2024-04-23T12:56:17","modified_gmt":"2024-04-23T09:56:17","slug":"geyikci-23-nisani-kutladi","status":"publish","type":"post","link":"https:\/\/akdenizhaber.com.tr\/index.php\/2024\/04\/23\/geyikci-23-nisani-kutladi\/","title":{"rendered":"Geyik\u00e7i, 23 Nisan\u0131 Kutlad\u0131"},"content":{"rendered":"\n<p>Finike Belediye Ba\u015fkan\u0131 Mustafa Geyik\u00e7i, 23 Nisan Ulusal Egemenlik ve \u00c7ocuk Bayram\u0131 dolay\u0131s\u0131yla kutlama mesaj\u0131 yay\u0131mlad\u0131. Mesaj\u0131nda \u00e7ocuklar\u0131n T\u00fcrkiye Cumhuriyeti\u2019nin ba\u011f\u0131ms\u0131zl\u0131\u011f\u0131n\u0131n ve gelece\u011finin teminat\u0131 oldu\u011funu ifade eden Ba\u015fkan Geyik\u00e7i, \u201cBug\u00fcn\u00fcn \u00e7ocuklar\u0131 \u00fclkemizi B\u00fcy\u00fck \u00d6nder\u2019in i\u015faret etti\u011fi muas\u0131r medeniyetler seviyesine ula\u015ft\u0131racaklard\u0131r. Bu bilin\u00e7le b\u00fcy\u00fcyen, bilgiyle donanm\u0131\u015f gelece\u011fimizin teminat\u0131 \u00e7ocuklar\u0131m\u0131z en b\u00fcy\u00fck g\u00fcvencemizdir\u201d dedi.<\/p>\n\n\n\n<p>TBMM d\u00fcnyaya \u00f6rnek olmu\u015ftur<\/p>\n\n\n\n<p>Mesaj\u0131nda 23 Nisan 1920&#8217;de T\u00fcrkiye B\u00fcy\u00fck Millet Meclisi\u2019nin a\u00e7\u0131lmas\u0131n\u0131n T\u00fcrkiye Cumhuriyeti\u2019nin gelece\u011fi \u015fekillendiren tarihi bir ad\u0131m, milli egemenlik ilkesinin v\u00fccut bulmas\u0131n\u0131 sa\u011flayan bir d\u00f6n\u00fcm noktas\u0131 oldu\u011funu s\u00f6yleyen Finike Belediye Ba\u015fkan\u0131 Mustafa Geyik\u00e7i, mesaj\u0131na \u015f\u00f6yle devam etti;<\/p>\n\n\n\n<p>\u201cT\u00fcrkiye B\u00fcy\u00fck Millet Meclisi, Cumhuriyeti\u2019mizin kurucusu B\u00fcy\u00fck Atat\u00fcrk&#8217;\u00fcn ileri g\u00f6r\u00fc\u015fl\u00fcl\u00fc\u011f\u00fcn\u00fcn, milletimizin egemenli\u011fine, ba\u011f\u0131ms\u0131zl\u0131\u011f\u0131na ve h\u00fcrriyetine sahip \u00e7\u0131kma kararl\u0131l\u0131\u011f\u0131n\u0131n ortaya \u00e7\u0131kard\u0131\u011f\u0131 benzersiz bir eserdir. B\u00fcy\u00fck Atat\u00fcrk\u2019\u00fcn &#8216;Milletin istiklalini yine milletin azim ve karar\u0131 kurtaracakt\u0131r&#8217; s\u00f6zleri TBMM&#8217;nin ve T\u00fcrkiye Cumhuriyeti&#8217;nin temel dayana\u011f\u0131 olmu\u015ftur.<\/p>\n\n\n\n<p>TBMM, \u00fclkenin i\u00e7inden ge\u00e7ti\u011fi ola\u011fan\u00fcst\u00fc d\u00f6nemde, \u00fcstlendi\u011fi sorumlulu\u011fu kendine yak\u0131\u015f\u0131r bir \u015fekilde yerine getirmi\u015ftir. Atat\u00fcrk&#8217;\u00fcn liderli\u011finde Kurtulu\u015f Sava\u015f\u0131&#8217;n\u0131n kazan\u0131lmas\u0131n\u0131, T\u00fcrkiye Cumhuriyeti&#8217;nin kurulmas\u0131n\u0131, b\u00fcy\u00fck reformlar\u0131n hayata ge\u00e7irilmesini sa\u011flayan TBMM, d\u00fcnyaya \u00f6rnek olmu\u015ftur. TBMM, bu y\u00f6n\u00fcyle, kurtulu\u015fumuzun ve kurulu\u015fumuzun oca\u011f\u0131, demokrasimizin mabedidir. Bu s\u00fcre\u00e7te TBMM&#8217;nin, T\u00fcrkiye&#8217;yi muas\u0131r medeniyet seviyesinin \u00fcst\u00fcne ta\u015f\u0131ma hedefi do\u011frultusunda, gelece\u011fimizi ayd\u0131nlatan kararlar\u0131n\u0131n \u00f6nemli rol\u00fc bulunmaktad\u0131r.<\/p>\n\n\n\n<p>\u00c7ocuklar bar\u0131\u015f i\u00e7inde bir d\u00fcnyan\u0131n da kap\u0131lar\u0131n\u0131 a\u00e7acak anahtard\u0131r<\/p>\n\n\n\n<p>TBMM&#8217;nin a\u00e7\u0131ld\u0131\u011f\u0131 g\u00fcn\u00fcn \u00e7ocuklara arma\u011fan edilmesi, Ulu \u00d6nder Gazi Mustafa Kemal Atat\u00fcrk\u2019\u00fcn gelece\u011fimizin teminat\u0131 \u00e7ocuklar\u0131m\u0131zaverdi\u011fi de\u011ferin ve duydu\u011fu g\u00fcvenin en somut g\u00f6stergesi olmu\u015ftur.<\/p>\n\n\n\n<p>Gelece\u011fimizin teminat\u0131 \u00e7ocuklar\u0131m\u0131z, \u00fclkemizin ve milletimizin en b\u00fcy\u00fck zenginli\u011fi ve umut kayna\u011f\u0131d\u0131r. T\u00fcrkiye Cumhuriyeti bu anlamda \u00e7ocuklar\u0131na bayram arma\u011fan eden tek \u00fclke olarak d\u00fcnyaya \u00f6rnek olmu\u015ftur. Ulusal Egemenlik ve \u00c7ocuk Bayram\u0131, co\u015fkumuzu, sevincimizi t\u00fcm d\u00fcnya \u00e7ocuklar\u0131yla payla\u015ft\u0131\u011f\u0131m\u0131z, karde\u015flik ve bar\u0131\u015f mesajlar\u0131n\u0131 \u00e7ocuklar arac\u0131l\u0131\u011f\u0131yla bir kez daha tekrar etti\u011fimiz \u00e7ok \u00f6zel bir bayramd\u0131r. \u0130nan\u0131yorum ki hangi \u00fclkede olursa olsun t\u00fcm \u00e7ocuklar\u0131n sava\u015f, a\u00e7l\u0131k ve karga\u015fa ortam\u0131ndan uzak bir \u015fekilde ya\u015famalar\u0131, bar\u0131\u015f i\u00e7inde bir d\u00fcnyan\u0131n da kap\u0131lar\u0131n\u0131 a\u00e7acak anahtard\u0131r.<\/p>\n\n\n\n<p>Cumhuriyet, Antalya ve Finike\u2019mizin gelece\u011fi \u00e7ocuklar\u0131m\u0131z\u0131n elinde \u015fekillenecektir<\/p>\n\n\n\n<p>Y\u00fcz\u00fc g\u00fclen ve gelece\u011fe umutla bakan \u00e7ocuklar yeti\u015ftirmek hepimizin en \u00f6nemli vazifesidir. Bu vazife do\u011frultusunda bizler de Finike Belediyesi olarak \u00e7ocuklar\u0131m\u0131z\u0131n mutlu ve huzurlu bir ortamda ya\u015famalar\u0131n\u0131 ve hak ettikleri kaliteli e\u011fitim ko\u015fullar\u0131na kavu\u015fmalar\u0131n\u0131 sa\u011flamak i\u00e7in elimizden geleni t\u00fcm enerjimiz ile yapmaya gayret g\u00f6steriyoruz.<\/p>\n\n\n\n<p>\u00c7ocuklar\u0131m\u0131z\u0131n yararlanaca\u011f\u0131 ya\u015fam alanlar\u0131, e\u011fitim destekleri, sanat ve spor kurslar\u0131 d\u00fczenleyerek gelece\u011fimizin teminat\u0131 \u00e7ocuklar\u0131m\u0131z\u0131n Cumhuriyete lay\u0131k ve B\u00fcy\u00fck Atat\u00fcrk\u2019\u00fcn izinden giden nesiller olmas\u0131 i\u00e7in t\u00fcm g\u00fcc\u00fcm\u00fcz ve inanc\u0131m\u0131zla \u00e7al\u0131\u015fmalar\u0131m\u0131z\u0131 s\u00fcrd\u00fcr\u00fcyoruz.<\/p>\n\n\n\n<p>Biliyoruz ki, Antalya\u2019n\u0131n ve Finike\u2019mizin gelece\u011fi \u00e7ocuklar\u0131m\u0131z\u0131n elinde \u015fekillenecektir. T\u00fcrkiye Cumhuriyeti\u2019nin gelece\u011finin mimar\u0131 de\u011ferli \u00e7ocuklar\u0131m\u0131z olacak. Buradan bir kez daha \u00e7ocuklar\u0131m\u0131z\u0131 \u00e7ok sevdi\u011fimizi ve onlara sonsuz bir g\u00fcven duydu\u011fumuzu vurgulamak istiyorum.<\/p>\n\n\n\n<p>Bu anlaml\u0131 g\u00fcnde ba\u015fta Cumhuriyetimizin kurucusu Ba\u015fkomutan\u0131m\u0131z, Ulu \u00d6nder Gazi Mustafa Kemal Atat\u00fcrk olmak \u00fczere \u0130stiklal Sava\u015f\u0131m\u0131z\u0131n t\u00fcm kahramanlar\u0131n\u0131, Birinci Meclis \u00fcyelerimizi ve aziz \u015fehitlerimizisevgi, sayg\u0131, minnet ve rahmetle an\u0131yorum.<\/p>\n\n\n\n<p>T\u00fcrkiye B\u00fcy\u00fck Millet Meclisi\u2019nin kurulu\u015funun ve milli egemenli\u011fimizi kazanmam\u0131z\u0131n 105\u2019inci y\u0131l\u0131n\u0131, 23 Nisan Ulusal Egemenlik ve \u00c7ocuk Bayram\u0131\u2019n\u0131b\u00fcy\u00fck bir gurur, mutluluk ve sevin\u00e7le kutluyorum.\u201d<\/p>\n\n\n\n<p>Finike Belediyesi \/ B\u00fclten<\/p>\n","protected":false},"excerpt":{"rendered":"<p>Finike Belediye Ba\u015fkan\u0131 Mustafa Geyik\u00e7i, 23 Nisan Ulusal Egemenlik ve \u00c7ocuk Bayram\u0131 dolay\u0131s\u0131yla kutlama mesaj\u0131 yay\u0131mlad\u0131. Mesaj\u0131nda \u00e7ocuklar\u0131n T\u00fcrkiye Cumhuriyeti\u2019nin ba\u011f\u0131ms\u0131zl\u0131\u011f\u0131n\u0131n ve gelece\u011finin teminat\u0131 oldu\u011funu <a href=\"https:\/\/akdenizhaber.com.tr\/index.php\/2024\/04\/23\/geyikci-23-nisani-kutladi\/\" class=\"read-more-link\">[more&#8230;]<\/a><\/p>\n","protected":false},"author":2,"featured_media":22878,"comment_status":"open","ping_status":"open","sticky":false,"template":"","format":"standard","meta":{"footnotes":""},"categories":[2],"tags":[],"class_list":["post-22877","post","type-post","status-publish","format-standard","has-post-thumbnail","hentry","category-gundem"],"_links":{"self":[{"href":"https:\/\/akdenizhaber.com.tr\/index.php\/wp-json\/wp\/v2\/posts\/22877","targetHints":{"allow":["GET"]}}],"collection":[{"href":"https:\/\/akdenizhaber.com.tr\/index.php\/wp-json\/wp\/v2\/posts"}],"about":[{"href":"https:\/\/akdenizhaber.com.tr\/index.php\/wp-json\/wp\/v2\/types\/post"}],"author":[{"embeddable":true,"href":"https:\/\/akdenizhaber.com.tr\/index.php\/wp-json\/wp\/v2\/users\/2"}],"replies":[{"embeddable":true,"href":"https:\/\/akdenizhaber.com.tr\/index.php\/wp-json\/wp\/v2\/comments?post=22877"}],"version-history":[{"count":1,"href":"https:\/\/akdenizhaber.com.tr\/index.php\/wp-json\/wp\/v2\/posts\/22877\/revisions"}],"predecessor-version":[{"id":22879,"href":"https:\/\/akdenizhaber.com.tr\/index.php\/wp-json\/wp\/v2\/posts\/22877\/revisions\/22879"}],"wp:featuredmedia":[{"embeddable":true,"href":"https:\/\/akdenizhaber.com.tr\/index.php\/wp-json\/wp\/v2\/media\/22878"}],"wp:attachment":[{"href":"https:\/\/akdenizhaber.com.tr\/index.php\/wp-json\/wp\/v2\/media?parent=22877"}],"wp:term":[{"taxonomy":"category","embeddable":true,"href":"https:\/\/akdenizhaber.com.tr\/index.php\/wp-json\/wp\/v2\/categories?post=22877"},{"taxonomy":"post_tag","embeddable":true,"href":"https:\/\/akdenizhaber.com.tr\/index.php\/wp-json\/wp\/v2\/tags?post=22877"}],"curies":[{"name":"wp","href":"https:\/\/api.w.org\/{rel}","templated":true}]}}