{"id":22871,"date":"2024-04-23T12:55:21","date_gmt":"2024-04-23T09:55:21","guid":{"rendered":"https:\/\/akdenizhaber.com.tr\/?p=22871"},"modified":"2024-04-23T12:55:22","modified_gmt":"2024-04-23T09:55:22","slug":"kepezsporun-yukselisi","status":"publish","type":"post","link":"https:\/\/akdenizhaber.com.tr\/index.php\/2024\/04\/23\/kepezsporun-yukselisi\/","title":{"rendered":"Kepezspor\u2019un y\u00fckseli\u015fi"},"content":{"rendered":"\n<p>Futbolda 2. Lig, hentbolda 1. Lig\u2019e y\u00fckselen ve di\u011fer bran\u015flarda \u015fampiyonluk m\u00fccadelesi s\u00fcren Kepez Belediyesi Spor Kul\u00fcb\u00fc\u2019n\u00fcn Ba\u015fkan\u0131 Hakan \u00c7atal, antren\u00f6rleriyle motivasyon toplant\u0131s\u0131 yapt\u0131.<\/p>\n\n\n\n<p>Ba\u015far\u0131l\u0131 bir sezon ge\u00e7iren Kepez Belediyesi Spor Kul\u00fcb\u00fc Ba\u015fkan\u0131 Hakan \u00c7atal, antren\u00f6rleriyle yapt\u0131\u011f\u0131 motivasyon toplant\u0131s\u0131nda yeni \u015fampiyonluklar yolunda i\u015fbirli\u011fi yap\u0131lmas\u0131n\u0131 istedi. Sezonu tamamlanan futbolda 2. Lig, kad\u0131n hentbolda 1. Lig\u2019e y\u00fckselen kul\u00fcb\u00fcn basketbol ve voleybol tak\u0131mlar\u0131 da, 2\u2019inci y\u00fckselme m\u00fccadelesini s\u00fcrd\u00fcr\u00fcyor. Bireysel sporlarda da Antalya ve T\u00fcrkiye \u00f6l\u00e7ekli madalyalar kazanan sporcular\u0131n oldu\u011funu hat\u0131rlatan Ba\u015fkan \u00c7atal, bran\u015flar aras\u0131nda dayan\u0131\u015fma yap\u0131lmas\u0131n\u0131 istedi. Kepez Belediyesi\u2019nin sundu\u011fu imkanlar ile daha fazlas\u0131n\u0131 da yapabileceklerini belirten \u00c7atal, \u201cAltyap\u0131dan yeti\u015ftirdi\u011fimiz sporcular\u0131m\u0131z ile Antalya\u2019n\u0131n marka spor kul\u00fcb\u00fc olduk. Alttan gelen spor \u00f6\u011frencilerimizin \u00fcst liglerde oynama iste\u011fini kar\u015f\u0131layabilmemiz i\u00e7in, s\u00fcrd\u00fcr\u00fclebilir \u015fekilde ba\u015far\u0131l\u0131 olmaktan ba\u015fka \u00e7aremiz yok.\u201d diye konu\u015ftu.<\/p>\n\n\n\n<p>Kepez Belediyesi \/ B\u00fclten<\/p>\n","protected":false},"excerpt":{"rendered":"<p>Futbolda 2. Lig, hentbolda 1. Lig\u2019e y\u00fckselen ve di\u011fer bran\u015flarda \u015fampiyonluk m\u00fccadelesi s\u00fcren Kepez Belediyesi Spor Kul\u00fcb\u00fc\u2019n\u00fcn Ba\u015fkan\u0131 Hakan \u00c7atal, antren\u00f6rleriyle motivasyon toplant\u0131s\u0131 yapt\u0131. Ba\u015far\u0131l\u0131 <a href=\"https:\/\/akdenizhaber.com.tr\/index.php\/2024\/04\/23\/kepezsporun-yukselisi\/\" class=\"read-more-link\">[more&#8230;]<\/a><\/p>\n","protected":false},"author":2,"featured_media":22872,"comment_status":"open","ping_status":"open","sticky":false,"template":"","format":"standard","meta":{"footnotes":""},"categories":[2],"tags":[],"class_list":["post-22871","post","type-post","status-publish","format-standard","has-post-thumbnail","hentry","category-gundem"],"_links":{"self":[{"href":"https:\/\/akdenizhaber.com.tr\/index.php\/wp-json\/wp\/v2\/posts\/22871","targetHints":{"allow":["GET"]}}],"collection":[{"href":"https:\/\/akdenizhaber.com.tr\/index.php\/wp-json\/wp\/v2\/posts"}],"about":[{"href":"https:\/\/akdenizhaber.com.tr\/index.php\/wp-json\/wp\/v2\/types\/post"}],"author":[{"embeddable":true,"href":"https:\/\/akdenizhaber.com.tr\/index.php\/wp-json\/wp\/v2\/users\/2"}],"replies":[{"embeddable":true,"href":"https:\/\/akdenizhaber.com.tr\/index.php\/wp-json\/wp\/v2\/comments?post=22871"}],"version-history":[{"count":1,"href":"https:\/\/akdenizhaber.com.tr\/index.php\/wp-json\/wp\/v2\/posts\/22871\/revisions"}],"predecessor-version":[{"id":22873,"href":"https:\/\/akdenizhaber.com.tr\/index.php\/wp-json\/wp\/v2\/posts\/22871\/revisions\/22873"}],"wp:featuredmedia":[{"embeddable":true,"href":"https:\/\/akdenizhaber.com.tr\/index.php\/wp-json\/wp\/v2\/media\/22872"}],"wp:attachment":[{"href":"https:\/\/akdenizhaber.com.tr\/index.php\/wp-json\/wp\/v2\/media?parent=22871"}],"wp:term":[{"taxonomy":"category","embeddable":true,"href":"https:\/\/akdenizhaber.com.tr\/index.php\/wp-json\/wp\/v2\/categories?post=22871"},{"taxonomy":"post_tag","embeddable":true,"href":"https:\/\/akdenizhaber.com.tr\/index.php\/wp-json\/wp\/v2\/tags?post=22871"}],"curies":[{"name":"wp","href":"https:\/\/api.w.org\/{rel}","templated":true}]}}