{"id":22858,"date":"2024-04-23T12:53:01","date_gmt":"2024-04-23T09:53:01","guid":{"rendered":"https:\/\/akdenizhaber.com.tr\/?p=22858"},"modified":"2024-04-23T12:53:01","modified_gmt":"2024-04-23T09:53:01","slug":"ozturk-turizmde-misafir-memnuniyeti-bir-sezon-sonrasinin-erken-rezervasyonudur","status":"publish","type":"post","link":"https:\/\/akdenizhaber.com.tr\/index.php\/2024\/04\/23\/ozturk-turizmde-misafir-memnuniyeti-bir-sezon-sonrasinin-erken-rezervasyonudur\/","title":{"rendered":"\u00d6zt\u00fcrk ;&#8217;Turizmde misafir memnuniyeti bir sezon sonras\u0131n\u0131n erken rezervasyonudur&#8217;"},"content":{"rendered":"\n<p>Antalya&#8217;n\u0131n Elmal\u0131 il\u00e7esi Belediye Ba\u015fkan\u0131 Halil \u00d6zt\u00fcrk, turist memnuniyetinin bir sonraki y\u0131l\u0131n erken rezervasyonu oldu\u011funun unutulmamas\u0131 gerekti\u011fini s\u00f6yledi.<\/p>\n\n\n\n<p>Deniz, kum ve g\u00fcne\u015f turizminde T\u00fcrkiye turizminin ba\u015fkenti Antalya&#8217;n\u0131n yayla, inan\u00e7 ve k\u00fclt\u00fcr turizminden ayr\u0131cal\u0131kl\u0131 il\u00e7esinin Elmal\u0131 oldu\u011funu belirten Elmal\u0131 Belediye Ba\u015fkan\u0131 Halil \u00d6zt\u00fcrk, kadim \u015fehir Elmal\u0131n\u0131n tan\u0131t\u0131m\u0131na \u00f6zel \u00f6nem verdiklerini ifade etti. Ba\u015fkan \u00d6zt\u00fcrk, &#8221;Turizmde misafir memnuniyeti bir sonraki y\u0131l\u0131n erken rezervasyonu.&#8217; dedi.<br>Turizm Haftas\u0131 ile ilgili a\u00e7\u0131klama yapan Ba\u015fkan Halil \u00d6zt\u00fcrk,&#8221; Antalya kitle turizminde hi\u00e7 \u015f\u00fcphesiz T\u00fcrkiye turizminin ba\u015fkenti. 700 bin yatak kapasitesi ile deniz, kum ve g\u00fcne\u015f turizminin en b\u00fcy\u00fck destinasyonu. Antalya&#8217;n\u0131n T\u00fcrkiye ve d\u00fcnya turizminde en b\u00fcy\u00fck zenginli\u011fi ise Gazipa\u015fa Dan Ka\u015f&#8217;a kadar irili ufakl\u0131 300&#8217;\u00fcn \u00fczerinde tarihi \u00f6ren yeri bulunmas\u0131. D\u00fcnyan\u0131n hi\u00e7bir \u00fclkesinde bu kadar \u00e7ok tarihi \u00f6ren \u015fehri olan yer yok. D\u00fcnyada sadece Antalya. Elmal\u0131m\u0131zda ge\u00e7mi\u015fte bir\u00e7ok medeniyeti b\u00fcnyesinde bar\u0131nd\u0131ran k\u00fclt\u00fcrel zenginli\u011fi olan tarihi bir il\u00e7emiz. Vahap \u00dcmmi ,Sinan \u00dcmmi&nbsp; gibi tasavvuf b\u00fcy\u00fcklerinin mezarlar\u0131 yan\u0131 s\u0131ra Tekke k\u00f6y\u00fcnde t\u00fcrbesi bulunan Anadolu&#8217;da Alevi- Bekta\u015fi inan\u00e7, k\u00fclt\u00fcr ve \u00f6\u011fretisini&nbsp; h\u00fcnkar Hac\u0131 Bekta\u015fi Veli&#8217;den sonra yayg\u0131nla\u015ft\u0131ran Abdal Musa&#8217;n\u0131n olmas\u0131 Elmal\u0131&#8217;y\u0131 k\u00fclt\u00fcr turizm yan\u0131 s\u0131ra inan\u00e7 turizminde \u00f6nc\u00fc yapt\u0131.<br>Elmal\u0131&#8217;n\u0131n Cumhuriyet d\u00f6neminin en b\u00fcy\u00fck de\u011feri ise Gazi Mustafa Kemal Atat\u00fcrk&#8217;\u00fcn te\u015fviki ile yaz\u0131m\u0131n\u0131 17 y\u0131lda tamamlayan ve T\u00fcrkiye&#8217;nin yeti\u015ftirdi\u011fi en b\u00fcy\u00fck m\u00fcfessirlerden olan Hak Dili Kur&#8217;an Dili isimli tefsirin sahibi Elmal\u0131l\u0131 Hamdi Yaz\u0131rd\u0131r&#8221; ifadesinde bulundu.<br>ELMANI&#8217;NIN G\u0130R\u0130\u015e\u0130NE T\u00dcRK&#8217;\u00dcN \u0130LK ER MEYDANI G\u00dcRE\u015e\u00c7\u0130 HEYKEL\u0130 D\u0130K\u0130LD\u0130<br>\u00d6te Yanda Elmal\u0131 Belediyesi Elmal\u0131&#8217;n\u0131n giri\u015fine tarihi ge\u00e7mi\u015fi Edirne K\u0131rkp\u0131nar dan daha eski olan&nbsp; T\u00fcrk&#8217;\u00fcn \u0130lk Er Meydan\u0131 isimli&nbsp; Elmal\u0131&#8217;da iki g\u00fcre\u015f\u00e7inin g\u00fcre\u015f yapt\u0131\u011f\u0131 ya\u011fl\u0131&nbsp; g\u00fcre\u015flerinin sembol\u00fc olan iki pehlivan\u0131n\u0131n g\u00fcre\u015fti\u011fi heykelini dikti. Heykelin a\u00e7\u0131l\u0131\u015f\u0131n\u0131 Elmal\u0131 Belediye Ba\u015fkan\u0131 Halil \u00d6zt\u00fcrk, Antalya B\u00fcy\u00fck\u015fehir Belediye Ba\u015fkan\u0131 Muhittin B\u00f6cek, CHP Antalya \u0130l Ba\u015fkan\u0131 Nail Kamac\u0131 yapt\u0131.<br>Abdurrahman B\u00fcy\u00fckkeskin \/ Haber<\/p>\n","protected":false},"excerpt":{"rendered":"<p>Antalya&#8217;n\u0131n Elmal\u0131 il\u00e7esi Belediye Ba\u015fkan\u0131 Halil \u00d6zt\u00fcrk, turist memnuniyetinin bir sonraki y\u0131l\u0131n erken rezervasyonu oldu\u011funun unutulmamas\u0131 gerekti\u011fini s\u00f6yledi. Deniz, kum ve g\u00fcne\u015f turizminde T\u00fcrkiye turizminin <a href=\"https:\/\/akdenizhaber.com.tr\/index.php\/2024\/04\/23\/ozturk-turizmde-misafir-memnuniyeti-bir-sezon-sonrasinin-erken-rezervasyonudur\/\" class=\"read-more-link\">[more&#8230;]<\/a><\/p>\n","protected":false},"author":2,"featured_media":22859,"comment_status":"open","ping_status":"open","sticky":false,"template":"","format":"standard","meta":{"footnotes":""},"categories":[2],"tags":[],"class_list":["post-22858","post","type-post","status-publish","format-standard","has-post-thumbnail","hentry","category-gundem"],"_links":{"self":[{"href":"https:\/\/akdenizhaber.com.tr\/index.php\/wp-json\/wp\/v2\/posts\/22858","targetHints":{"allow":["GET"]}}],"collection":[{"href":"https:\/\/akdenizhaber.com.tr\/index.php\/wp-json\/wp\/v2\/posts"}],"about":[{"href":"https:\/\/akdenizhaber.com.tr\/index.php\/wp-json\/wp\/v2\/types\/post"}],"author":[{"embeddable":true,"href":"https:\/\/akdenizhaber.com.tr\/index.php\/wp-json\/wp\/v2\/users\/2"}],"replies":[{"embeddable":true,"href":"https:\/\/akdenizhaber.com.tr\/index.php\/wp-json\/wp\/v2\/comments?post=22858"}],"version-history":[{"count":1,"href":"https:\/\/akdenizhaber.com.tr\/index.php\/wp-json\/wp\/v2\/posts\/22858\/revisions"}],"predecessor-version":[{"id":22861,"href":"https:\/\/akdenizhaber.com.tr\/index.php\/wp-json\/wp\/v2\/posts\/22858\/revisions\/22861"}],"wp:featuredmedia":[{"embeddable":true,"href":"https:\/\/akdenizhaber.com.tr\/index.php\/wp-json\/wp\/v2\/media\/22859"}],"wp:attachment":[{"href":"https:\/\/akdenizhaber.com.tr\/index.php\/wp-json\/wp\/v2\/media?parent=22858"}],"wp:term":[{"taxonomy":"category","embeddable":true,"href":"https:\/\/akdenizhaber.com.tr\/index.php\/wp-json\/wp\/v2\/categories?post=22858"},{"taxonomy":"post_tag","embeddable":true,"href":"https:\/\/akdenizhaber.com.tr\/index.php\/wp-json\/wp\/v2\/tags?post=22858"}],"curies":[{"name":"wp","href":"https:\/\/api.w.org\/{rel}","templated":true}]}}