{"id":22846,"date":"2024-04-22T13:50:26","date_gmt":"2024-04-22T10:50:26","guid":{"rendered":"https:\/\/akdenizhaber.com.tr\/?p=22846"},"modified":"2024-04-22T13:50:26","modified_gmt":"2024-04-22T10:50:26","slug":"evliya-celebi-mesleki-ve-teknik-anadolu-lisesi-turkiye-finallerinde-antalyayi-temsil-edecekler","status":"publish","type":"post","link":"https:\/\/akdenizhaber.com.tr\/index.php\/2024\/04\/22\/evliya-celebi-mesleki-ve-teknik-anadolu-lisesi-turkiye-finallerinde-antalyayi-temsil-edecekler\/","title":{"rendered":"Evliya \u00c7elebi Mesleki Ve Teknik Anadolu Lisesi   T\u00fcrkiye Finallerinde Antalya\u2019y\u0131 Temsil Edecekler"},"content":{"rendered":"\n<p><\/p>\n\n\n\n<p>Milli E\u011fitim Bakanl\u0131\u011f\u0131 Mesleki ve Teknik E\u011fitim Genel M\u00fcd\u00fcrl\u00fc\u011f\u00fc koordinesinde T\u00fcrk Mutfa\u011f\u0131n\u0131n Geleneksel Tatlar\u0131n\u0131 Koruma ve Tan\u0131tma Misyonu do\u011frultusunda 7 B\u00f6lge 28 \u015eehirde d\u00fczenlenen \u201cMEB Gastronomi Festivali ve Yemek Yar\u0131\u015fmas\u0131\u2019n\u0131n Akdeniz B\u00f6lgesi Antalya Finalinde yar\u0131\u015fan Manavgat Evliya \u00c7elebi Mesleki Ve Teknik Anadolu Lisesi 24 Okul \u0130\u00e7erisinden Antalya B\u00f6lge Birincisi olarak 1 Okul Kupas\u0131 ve 3 Alt\u0131n Madalya kazand\u0131. Okul, \u0130stanbul\u2019da d\u00fczenlenecek T\u00fcrkiye Finallerinde Antalya B\u00f6lgesini temsil etme hakk\u0131 kazand\u0131.<\/p>\n\n\n\n<p>Yar\u0131\u015fmaya kat\u0131lan \u00f6\u011frenciler Ayetullah \u00c7i\u00e7ek, Mertcan Evin, Eyy\u00fcp \u00d6z ve Dan\u0131\u015fman \u00d6\u011fretmenler Emre YILDIRIM ve Mehmet KUYUCAK\u2019a \u00f6d\u00fcllerini Antalya \u0130l Milli E\u011fitim M\u00fcd\u00fcr Yard\u0131mc\u0131s\u0131 Sn. Yavuz KALA takdim etti.<\/p>\n\n\n\n<p>Okul M\u00fcd\u00fcr\u00fc \u00d6mer AKKAN yar\u0131\u015fmayla ilgili olarak; \u201cBakanl\u0131\u011f\u0131m\u0131z\u0131n d\u00fczenledi\u011fi bu \u00e7ok \u00f6nemli yar\u0131\u015fma da Antalya B\u00f6lge Birincisi olan \u00f6\u011frencilerimize, onlar\u0131 yar\u0131\u015fmaya mesai merfumu g\u00f6zetmeksizin b\u00fcy\u00fck \u00f6zveri ile yar\u0131\u015fmaya haz\u0131rlayan de\u011ferli \u00f6\u011fretmenlerimize, yar\u0131\u015fman\u0131n ba\u015f\u0131ndan sonuna kadar yar\u0131\u015fma ekibini koordine eden Teknik M\u00fcd\u00fcr Yard\u0131mc\u0131m\u0131z Mehmet Can ORAKCI\u2019ya emekleri kar\u015f\u0131s\u0131nda te\u015fekk\u00fcr ediyor ve \u0130stanbul Finallerinde ba\u015far\u0131lar diliyorum \u201ddedi.<\/p>\n\n\n\n<p>&nbsp;B\u00fc\u015fra Deveci \/ Haber<\/p>\n","protected":false},"excerpt":{"rendered":"<p>Milli E\u011fitim Bakanl\u0131\u011f\u0131 Mesleki ve Teknik E\u011fitim Genel M\u00fcd\u00fcrl\u00fc\u011f\u00fc koordinesinde T\u00fcrk Mutfa\u011f\u0131n\u0131n Geleneksel Tatlar\u0131n\u0131 Koruma ve Tan\u0131tma Misyonu do\u011frultusunda 7 B\u00f6lge 28 \u015eehirde d\u00fczenlenen \u201cMEB <a href=\"https:\/\/akdenizhaber.com.tr\/index.php\/2024\/04\/22\/evliya-celebi-mesleki-ve-teknik-anadolu-lisesi-turkiye-finallerinde-antalyayi-temsil-edecekler\/\" class=\"read-more-link\">[more&#8230;]<\/a><\/p>\n","protected":false},"author":2,"featured_media":22847,"comment_status":"open","ping_status":"open","sticky":false,"template":"","format":"standard","meta":{"footnotes":""},"categories":[2],"tags":[],"class_list":["post-22846","post","type-post","status-publish","format-standard","has-post-thumbnail","hentry","category-gundem"],"_links":{"self":[{"href":"https:\/\/akdenizhaber.com.tr\/index.php\/wp-json\/wp\/v2\/posts\/22846","targetHints":{"allow":["GET"]}}],"collection":[{"href":"https:\/\/akdenizhaber.com.tr\/index.php\/wp-json\/wp\/v2\/posts"}],"about":[{"href":"https:\/\/akdenizhaber.com.tr\/index.php\/wp-json\/wp\/v2\/types\/post"}],"author":[{"embeddable":true,"href":"https:\/\/akdenizhaber.com.tr\/index.php\/wp-json\/wp\/v2\/users\/2"}],"replies":[{"embeddable":true,"href":"https:\/\/akdenizhaber.com.tr\/index.php\/wp-json\/wp\/v2\/comments?post=22846"}],"version-history":[{"count":1,"href":"https:\/\/akdenizhaber.com.tr\/index.php\/wp-json\/wp\/v2\/posts\/22846\/revisions"}],"predecessor-version":[{"id":22848,"href":"https:\/\/akdenizhaber.com.tr\/index.php\/wp-json\/wp\/v2\/posts\/22846\/revisions\/22848"}],"wp:featuredmedia":[{"embeddable":true,"href":"https:\/\/akdenizhaber.com.tr\/index.php\/wp-json\/wp\/v2\/media\/22847"}],"wp:attachment":[{"href":"https:\/\/akdenizhaber.com.tr\/index.php\/wp-json\/wp\/v2\/media?parent=22846"}],"wp:term":[{"taxonomy":"category","embeddable":true,"href":"https:\/\/akdenizhaber.com.tr\/index.php\/wp-json\/wp\/v2\/categories?post=22846"},{"taxonomy":"post_tag","embeddable":true,"href":"https:\/\/akdenizhaber.com.tr\/index.php\/wp-json\/wp\/v2\/tags?post=22846"}],"curies":[{"name":"wp","href":"https:\/\/api.w.org\/{rel}","templated":true}]}}