{"id":22841,"date":"2024-04-22T13:49:01","date_gmt":"2024-04-22T10:49:01","guid":{"rendered":"https:\/\/akdenizhaber.com.tr\/?p=22841"},"modified":"2024-04-22T13:49:24","modified_gmt":"2024-04-22T10:49:24","slug":"tgf-69-baskanlar-konseyi-gebzede-basladi","status":"publish","type":"post","link":"https:\/\/akdenizhaber.com.tr\/index.php\/2024\/04\/22\/tgf-69-baskanlar-konseyi-gebzede-basladi\/","title":{"rendered":"TGF 69. Ba\u015fkanlar Konseyi Gebze\u2019de Ba\u015flad\u0131"},"content":{"rendered":"\n<p>T\u00fcrkiye Gazeteciler Federasyonu 69. Ba\u015fkanlar Konseyi toplant\u0131s\u0131 Gebze Gazeteciler Cemiyeti\u2019nin ev sahipli\u011finde ba\u015flad\u0131.<\/p>\n\n\n\n<p>T\u00fcrkiye\u2019nin d\u00f6rt bir yan\u0131ndan cemiyet ba\u015fkan\u0131 ve gazeteciler, 22-24 Nisan tarihleri aras\u0131nda konaklayacaklar\u0131 Dar\u0131ca Bayramo\u011flu\u2019na gelmeye ba\u015flad\u0131.<\/p>\n\n\n\n<p>TGF Genel Ba\u015fkan\u0131 Y\u0131lmaz Karaca, 69. Ba\u015fkanlar Konseyi toplant\u0131s\u0131nda Anadolu bas\u0131n\u0131n\u0131n son durumu, sorunlar\u0131n\u0131n ve \u00e7\u00f6z\u00fcm \u00f6nerilerinin masaya yat\u0131r\u0131laca\u011f\u0131n\u0131 belirterek, ayr\u0131ca Bas\u0131n Vakf\u0131 ola\u011fan genel kurulunun da ger\u00e7ekle\u015ftirilece\u011fini s\u00f6yledi.<\/p>\n\n\n\n<p>Program\u0131n bug\u00fcnk\u00fc b\u00f6l\u00fcm\u00fcnde Gebze\u2019nin Eskihisar K\u00f6y\u00fcnde Gebze belediye ba\u015fkan\u0131 Zinnur B\u00fcy\u00fckg\u00f6z gazetecilerle yemek yiyecek ve ard\u0131ndan Ba\u015fkanlar Konseyi \u00fcyeleri Dar\u0131ca Hayvanat Bah\u00e7esini gezecekler.<\/p>\n\n\n\n<p>Program yar\u0131n da Ba\u015fkanlar Konseyi toplant\u0131s\u0131 ve Bas\u0131n Vakf\u0131 genel kurulu ile devam edecek.<\/p>\n\n\n\n<p>TGF Genel Ba\u015fkan Yard\u0131mc\u0131s\u0131 ve Gebze Gazeteciler Cemiyeti ba\u015fkan\u0131 Levent Altun da, \u201cT\u00fcrkiye\u2019nin d\u00f6rt bir yan\u0131ndan meslekta\u015flar\u0131m\u0131z\u0131 3 g\u00fcn Gebze\u2019de a\u011f\u0131rlayacak olman\u0131n heyecan\u0131 ve mutlulu\u011funu ya\u015f\u0131yoruz. Hem mesleki sorunlar\u0131m\u0131z\u0131 tart\u0131\u015faca\u011f\u0131z hem de misafirlerimize Gebzemizin tarihi ve turistik yerlerini gezdirme f\u0131rsat\u0131 bulaca\u011f\u0131z\u201d diye konu\u015ftu.<\/p>\n\n\n\n<p>T\u00fcrkiye Gazeteciler Federasyonu 69. ba\u015fkanlar konseyi toplant\u0131s\u0131na Manavgat Gazeteciler ve Yazarlar Cemiyeti de kat\u0131ld\u0131.<\/p>\n\n\n\n<p>T\u00fcrkiye Gazeteciler Federasyonu \/ B\u00fclten<\/p>\n\n\n\n<figure class=\"wp-block-image size-large\"><img loading=\"lazy\" decoding=\"async\" width=\"768\" height=\"1024\" src=\"https:\/\/akdenizhaber.com.tr\/wp-content\/uploads\/2024\/04\/a39ad165-312a-451d-a9b8-d6822d738091-768x1024.jpg\" alt=\"\" class=\"wp-image-22844\" srcset=\"https:\/\/akdenizhaber.com.tr\/wp-content\/uploads\/2024\/04\/a39ad165-312a-451d-a9b8-d6822d738091-768x1024.jpg 768w, https:\/\/akdenizhaber.com.tr\/wp-content\/uploads\/2024\/04\/a39ad165-312a-451d-a9b8-d6822d738091-225x300.jpg 225w, https:\/\/akdenizhaber.com.tr\/wp-content\/uploads\/2024\/04\/a39ad165-312a-451d-a9b8-d6822d738091-1152x1536.jpg 1152w, https:\/\/akdenizhaber.com.tr\/wp-content\/uploads\/2024\/04\/a39ad165-312a-451d-a9b8-d6822d738091.jpg 1200w\" sizes=\"auto, (max-width: 768px) 100vw, 768px\" \/><\/figure>\n","protected":false},"excerpt":{"rendered":"<p>T\u00fcrkiye Gazeteciler Federasyonu 69. Ba\u015fkanlar Konseyi toplant\u0131s\u0131 Gebze Gazeteciler Cemiyeti\u2019nin ev sahipli\u011finde ba\u015flad\u0131. T\u00fcrkiye\u2019nin d\u00f6rt bir yan\u0131ndan cemiyet ba\u015fkan\u0131 ve gazeteciler, 22-24 Nisan tarihleri aras\u0131nda <a href=\"https:\/\/akdenizhaber.com.tr\/index.php\/2024\/04\/22\/tgf-69-baskanlar-konseyi-gebzede-basladi\/\" class=\"read-more-link\">[more&#8230;]<\/a><\/p>\n","protected":false},"author":2,"featured_media":22842,"comment_status":"open","ping_status":"open","sticky":false,"template":"","format":"standard","meta":{"footnotes":""},"categories":[2],"tags":[],"class_list":["post-22841","post","type-post","status-publish","format-standard","has-post-thumbnail","hentry","category-gundem"],"_links":{"self":[{"href":"https:\/\/akdenizhaber.com.tr\/index.php\/wp-json\/wp\/v2\/posts\/22841","targetHints":{"allow":["GET"]}}],"collection":[{"href":"https:\/\/akdenizhaber.com.tr\/index.php\/wp-json\/wp\/v2\/posts"}],"about":[{"href":"https:\/\/akdenizhaber.com.tr\/index.php\/wp-json\/wp\/v2\/types\/post"}],"author":[{"embeddable":true,"href":"https:\/\/akdenizhaber.com.tr\/index.php\/wp-json\/wp\/v2\/users\/2"}],"replies":[{"embeddable":true,"href":"https:\/\/akdenizhaber.com.tr\/index.php\/wp-json\/wp\/v2\/comments?post=22841"}],"version-history":[{"count":2,"href":"https:\/\/akdenizhaber.com.tr\/index.php\/wp-json\/wp\/v2\/posts\/22841\/revisions"}],"predecessor-version":[{"id":22845,"href":"https:\/\/akdenizhaber.com.tr\/index.php\/wp-json\/wp\/v2\/posts\/22841\/revisions\/22845"}],"wp:featuredmedia":[{"embeddable":true,"href":"https:\/\/akdenizhaber.com.tr\/index.php\/wp-json\/wp\/v2\/media\/22842"}],"wp:attachment":[{"href":"https:\/\/akdenizhaber.com.tr\/index.php\/wp-json\/wp\/v2\/media?parent=22841"}],"wp:term":[{"taxonomy":"category","embeddable":true,"href":"https:\/\/akdenizhaber.com.tr\/index.php\/wp-json\/wp\/v2\/categories?post=22841"},{"taxonomy":"post_tag","embeddable":true,"href":"https:\/\/akdenizhaber.com.tr\/index.php\/wp-json\/wp\/v2\/tags?post=22841"}],"curies":[{"name":"wp","href":"https:\/\/api.w.org\/{rel}","templated":true}]}}