{"id":22836,"date":"2024-04-22T13:44:49","date_gmt":"2024-04-22T10:44:49","guid":{"rendered":"https:\/\/akdenizhaber.com.tr\/?p=22836"},"modified":"2024-04-22T13:44:50","modified_gmt":"2024-04-22T10:44:50","slug":"bayramlik","status":"publish","type":"post","link":"https:\/\/akdenizhaber.com.tr\/index.php\/2024\/04\/22\/bayramlik\/","title":{"rendered":"BAYRAMLIK"},"content":{"rendered":"\n<p><\/p>\n\n\n\n<p>Bug\u00fcn bayram g\u00f6z g\u00f6ze bakal\u0131m, el tutal\u0131m \u00e7ocuklar.<br>Bug\u00fcn\u00fc \u00f6mre yayal\u0131m, dinleyelim; anlayal\u0131m insan\u0131.<br>Sevgiler sunal\u0131m, g\u00f6n\u00fcl verip insan g\u00f6nl\u00fcne girelim.<br>\u0130\u00e7inden geldi\u011fiyle safl\u0131\u011f\u0131n ger\u00e7ekli\u011fiyle, sevdi\u011finle olal\u0131m.<\/p>\n\n\n\n<p>Kusurlar\u0131 \u00f6nce kendimizde arayal\u0131m, can y\u00fcrek yakmayal\u0131m.<br>Mum dibini \u0131\u015f\u0131tmaz, boynuz kula\u011f\u0131 ge\u00e7erden \u00f6nce cana bakal\u0131m.<br>Sevgileri anlarda, an\u0131nda ya\u015fayal\u0131m; saf insan ruhundan \u015fa\u015fmayal\u0131m.<br>\u0130nsan de\u011ferini, kendi de\u011ferlerimizi, engin derinli\u011fi yabana atmayal\u0131m.<\/p>\n\n\n\n<p>Hi\u00e7 \u00f6lmeyecekmi\u015f gibi dosdo\u011fru insan olarak ahlakl\u0131 ya\u015fayal\u0131m.<br>Mutlak kendimizi sevelim, be\u011fenelim; kendimize g\u00fcvenelim, inanal\u0131m, sar\u0131lal\u0131m.<br>Bir m\u00fczikle bir d\u00f6rtl\u00fc\u011f\u00fc bir sporu deneyelim; dengeli, hareketli ya\u015fayal\u0131m.<br>Akl\u0131 kullanal\u0131m; ruhu, duygular\u0131 y\u00fcrekle dinleyerek d\u00fc\u015fler kural\u0131m.<\/p>\n\n\n\n<p>Bug\u00fcn\u00fcn bayram\u0131n\u0131 berrak billur ya\u015fayal\u0131m, yar\u0131nlara bayramlarla ta\u015fal\u0131m.<br>\u0130\u00e7indeki a\u015fkla co\u015fal\u0131m; g\u00f6nl\u00fcm\u00fczce sevdiklerimize sevgi, sayg\u0131yla ko\u015fal\u0131m.<br>\u0130\u00e7imize atmayal\u0131m; an\u0131nda, zaman\u0131nda, g\u00fcn\u00fcnde de\u011ferlerimizle \u00e7a\u011flayal\u0131m.<br>Narin, yufka y\u00fcrek g\u00f6nl\u00fcn hassasiyetini g\u00f6z\u00fcm\u00fcz, akl\u0131n bilinciyle besleyelim.<\/p>\n\n\n\n<p>Hadi bug\u00fcn gidelim insanl\u0131\u011fa, d\u00fcnyan\u0131n do\u011fas\u0131na, insan do\u011fall\u0131\u011f\u0131na.<br>\u0130nsanlar benzemezdir, her biri kendine g\u00f6re de\u011ferdir, y\u00fccedir, bilin\u00e7lidir.<br>Elverir, g\u00f6n\u00fcl al\u0131r, g\u00f6zlerde hayat bulur; b\u00fct\u00fcn do\u011fal sesler insan i\u00e7ini besler.<br>\u0130nsanl\u0131k insandad\u0131r; akarda, alt\u0131nda, Mekke&#8217;de hacda de\u011fil, kendinde, sende gizlidir.<\/p>\n\n\n\n<pre class=\"wp-block-code\"><code>                        NeHaS Yazar Halil YILDIRIM<\/code><\/pre>\n\n\n\n<p>G\u00fcn do\u011farken bayram sabah\u0131, ihtimali bayram ziyaret\u00e7ilerime ne s\u00f6ylemde olmal\u0131y\u0131m\u0131 yazm\u0131\u015ft\u0131m. Okudu\u011fumda ya\u015f\u0131ma yak\u0131\u015fan duygu ak\u0131m\u0131yla ya\u015fad\u0131klar\u0131m\u0131n nadide izlerini yazm\u0131\u015f\u0131m me\u011fer.<\/p>\n","protected":false},"excerpt":{"rendered":"<p>Bug\u00fcn bayram g\u00f6z g\u00f6ze bakal\u0131m, el tutal\u0131m \u00e7ocuklar.Bug\u00fcn\u00fc \u00f6mre yayal\u0131m, dinleyelim; anlayal\u0131m insan\u0131.Sevgiler sunal\u0131m, g\u00f6n\u00fcl verip insan g\u00f6nl\u00fcne girelim.\u0130\u00e7inden geldi\u011fiyle safl\u0131\u011f\u0131n ger\u00e7ekli\u011fiyle, sevdi\u011finle olal\u0131m. Kusurlar\u0131 <a href=\"https:\/\/akdenizhaber.com.tr\/index.php\/2024\/04\/22\/bayramlik\/\" class=\"read-more-link\">[more&#8230;]<\/a><\/p>\n","protected":false},"author":2,"featured_media":22486,"comment_status":"open","ping_status":"open","sticky":false,"template":"","format":"standard","meta":{"footnotes":""},"categories":[2],"tags":[],"class_list":["post-22836","post","type-post","status-publish","format-standard","has-post-thumbnail","hentry","category-gundem"],"_links":{"self":[{"href":"https:\/\/akdenizhaber.com.tr\/index.php\/wp-json\/wp\/v2\/posts\/22836","targetHints":{"allow":["GET"]}}],"collection":[{"href":"https:\/\/akdenizhaber.com.tr\/index.php\/wp-json\/wp\/v2\/posts"}],"about":[{"href":"https:\/\/akdenizhaber.com.tr\/index.php\/wp-json\/wp\/v2\/types\/post"}],"author":[{"embeddable":true,"href":"https:\/\/akdenizhaber.com.tr\/index.php\/wp-json\/wp\/v2\/users\/2"}],"replies":[{"embeddable":true,"href":"https:\/\/akdenizhaber.com.tr\/index.php\/wp-json\/wp\/v2\/comments?post=22836"}],"version-history":[{"count":1,"href":"https:\/\/akdenizhaber.com.tr\/index.php\/wp-json\/wp\/v2\/posts\/22836\/revisions"}],"predecessor-version":[{"id":22837,"href":"https:\/\/akdenizhaber.com.tr\/index.php\/wp-json\/wp\/v2\/posts\/22836\/revisions\/22837"}],"wp:featuredmedia":[{"embeddable":true,"href":"https:\/\/akdenizhaber.com.tr\/index.php\/wp-json\/wp\/v2\/media\/22486"}],"wp:attachment":[{"href":"https:\/\/akdenizhaber.com.tr\/index.php\/wp-json\/wp\/v2\/media?parent=22836"}],"wp:term":[{"taxonomy":"category","embeddable":true,"href":"https:\/\/akdenizhaber.com.tr\/index.php\/wp-json\/wp\/v2\/categories?post=22836"},{"taxonomy":"post_tag","embeddable":true,"href":"https:\/\/akdenizhaber.com.tr\/index.php\/wp-json\/wp\/v2\/tags?post=22836"}],"curies":[{"name":"wp","href":"https:\/\/api.w.org\/{rel}","templated":true}]}}