{"id":22812,"date":"2024-04-22T13:19:22","date_gmt":"2024-04-22T10:19:22","guid":{"rendered":"https:\/\/akdenizhaber.com.tr\/?p=22812"},"modified":"2024-04-22T13:19:22","modified_gmt":"2024-04-22T10:19:22","slug":"tarimsal-uretimde-fedakarliklarla-dolu-91-yil","status":"publish","type":"post","link":"https:\/\/akdenizhaber.com.tr\/index.php\/2024\/04\/22\/tarimsal-uretimde-fedakarliklarla-dolu-91-yil\/","title":{"rendered":"Tar\u0131msal \u00dcretimde Fedakarl\u0131klarla Dolu 91 Y\u0131l"},"content":{"rendered":"\n<p><br>Bat\u0131 Akdeniz Tar\u0131msal Ara\u015ft\u0131rma Enstit\u00fcs\u00fc&#8217;nde 91. Kurulu\u015f Y\u0131l D\u00f6n\u00fcm\u00fc ve Enstit\u00fc Emeklilerine Vefa Etkinli\u011fi d\u00fczenledi. Etkinli\u011fe kat\u0131lan Vali Hulusi \u015eahin, 90 y\u0131ll\u0131k mazisiyle BATEM&#8217;de b\u00fcy\u00fck emeklerle b\u00fcy\u00fck mesafeler kat edildi\u011fine vurgu yapt\u0131.<br>Bat\u0131 Akdeniz Tar\u0131msal Ara\u015ft\u0131rma Enstit\u00fcs\u00fc (BATEM)&#8217;in 91. Kurulu\u015f Y\u0131l D\u00f6n\u00fcm\u00fc Enstit\u00fc Emeklilerine Vefa Etkinli\u011fiyle kutland\u0131. BATEM Aksu yerle\u015fkesinde ger\u00e7ekle\u015fen t\u00f6rene, Antalya Valisi Hulusi \u015eahin, Aksu Kaymakam\u0131 Ahmet Hikmet \u015eahin, Antalya Ticaret Borsas\u0131 Ba\u015fkan\u0131 Ali \u00c7and\u0131r, Tar\u0131m Orman \u0130l M\u00fcd\u00fcr\u00fc \u015eakir F\u0131rat Erkal, Orman B\u00f6lge M\u00fcd\u00fcr\u00fc Vedat Dikici, BATEM M\u00fcd\u00fcr\u00fc Abdullah \u00dcnl\u00fc, tar\u0131m sekt\u00f6r\u00fc temsilcileri, enstit\u00fc personeli ve emeklileri kat\u0131ld\u0131. Programda enstit\u00fcden emekli olduktan sonra hayat\u0131n\u0131 kaybedenler dualarla an\u0131ld\u0131.<br>Etkinlikte konu\u015fan Vali \u015eahin &#8220;Cumhuriyetin kurucu iradesinin akl\u0131yla BATEM gibi b\u00fcy\u00fck enstit\u00fclerin kuruldu\u011funa dikkat \u00e7ekti. Cumhuriyet tarihi boyunca tar\u0131msal \u00fcretiminin art\u0131r\u0131lmas\u0131 ve daha nitelikli hale getirilmesi i\u00e7in yap\u0131lan \u00e7al\u0131\u015fmalar\u0131n \u00f6nemine vurgu yapt\u0131.<br>D\u00fcnya N\u00fcfusu 100 y\u0131lda 8 Kat\u0131na \u00c7\u0131kt\u0131<br>D\u00fcnya tarihinde Sanayi Devrimi vurguland\u0131\u011f\u0131n\u0131 ifade eden Vali \u015eahin &#8220;Ancak Sanayi Devrimi kendi i\u00e7inde tar\u0131m devrimini de bar\u0131nd\u0131rd\u0131. Aksi takdirde o d\u00f6nemde ya\u015fanan b\u00fcy\u00fck n\u00fcfus art\u0131\u015f\u0131n\u0131 mevcut \u00fcretim doyuramazd\u0131. D\u00fcnya n\u00fcfusu 20. y\u00fczy\u0131lda 1 milyar&#8217;a \u00e7\u0131kt\u0131, Bug\u00fcn 8 milyar. \u0130nsanl\u0131k tarihi boyunca 4-5 bin y\u0131lda 1 milyara ula\u015fan insanl\u0131k, sadece son 100 y\u0131lda 8 milyara ula\u015ft\u0131. 8 kat\u0131na \u00e7\u0131kt\u0131. Bu n\u00fcfusu beslemeniz laz\u0131m Bu n\u00fcfus eskiden sadece hububatla bir \u015fekilde besleniyordu ancak art\u0131k beklentiler ve talepler de de\u011fi\u015fti.&#8221; dedi.<br>Bug\u00fcn 90 Milyonu Besliyor, \u0130hracat Yap\u0131yoruz<br>Cumhuriyet kuruldu\u011funda T\u00fcrkiye&#8217;nin 13 milyonluk bir \u00fclke oldu\u011funa dikkat \u00e7eken Vali \u015eahin &#8220;Sava\u015flarla k\u0131r\u0131lm\u0131\u015f, n\u00fcfus olarak d\u00fc\u015fm\u00fc\u015f, sanayi olmayan bir \u00fclkeydi T\u00fcrkiye. Tar\u0131m vard\u0131 ama tar\u0131m\u0131 da son derece elveri\u015fsiz yap\u0131yordu. Bug\u00fcn geldi\u011fimiz noktada 90 milyonu besliyoruz. 13 milyondan 90 milyona \u00e7\u0131kt\u0131k. Burada sadece bir besleme yapm\u0131yoruz, hatta ciddi bir tar\u0131msal \u00fcretimle ihracat da yap\u0131yoruz. Antalya \u00f6zelinde konu\u015facak olursak 1.2 milyar dolar ihracat\u0131m\u0131z var. Bu \u00fcretimimizin y\u00fczde yirmi be\u015fine tekab\u00fcl ediyor, kalan\u0131 i\u00e7 piyasaya gidiyor. Bu kendili\u011finden olmad\u0131. Antalya eskiden s\u0131tmadan k\u0131r\u0131lan bir memleketti. Batakl\u0131klarla arazilerin b\u00fcy\u00fck bir \u00e7o\u011funlu\u011fu kullan\u0131lam\u0131yordu. \u00d6ncelikle bu alanlar \u0131slah edilip tar\u0131ma kazand\u0131r\u0131lmas\u0131yla birlikte \u00f6nemli mesafe kat ettik. Bug\u00fcn D\u00fcnya&#8217;da Antalya olarak tar\u0131m sekt\u00f6r\u00fcnde s\u00f6z sahibiyiz. Bunu da bu enstit\u00fc ve benzeri kurulu\u015flar\u0131n emeklerine bor\u00e7luyuz. 90 y\u0131ll\u0131k mazisi olan bu enstit\u00fcler ve benzeri kurulu\u015flar b\u00fcy\u00fck emeklerle bug\u00fcnlere gelmi\u015ftir. B\u00fcy\u00fck fedakarl\u0131klar yap\u0131lm\u0131\u015ft\u0131r, onlar\u0131n canl\u0131 tan\u0131klar\u0131 buradaki mensuplar\u0131m\u0131z. Elbette vefat edenler de var, onlara rahmet diliyoruz. \u0130yi ki vars\u0131n\u0131z. Sizlere uzun \u00f6m\u00fcrler diliyoruz. Te\u015fkilat sizindir, te\u015fkilat\u0131 b\u0131rakmay\u0131n&#8221; dedi.<br>Program\u0131n ard\u0131ndan Vali \u015eahin, T\u0131bb\u0131 Aromatik Bitkiler Laboratuvar\u0131n\u0131 inceleyip yetkililerden \u00e7al\u0131\u015fmalar hakk\u0131nda bilgi ald\u0131.<\/p>\n\n\n\n<p>Antalya Valili\u011fi \/ B\u00fclten<\/p>\n","protected":false},"excerpt":{"rendered":"<p>Bat\u0131 Akdeniz Tar\u0131msal Ara\u015ft\u0131rma Enstit\u00fcs\u00fc&#8217;nde 91. Kurulu\u015f Y\u0131l D\u00f6n\u00fcm\u00fc ve Enstit\u00fc Emeklilerine Vefa Etkinli\u011fi d\u00fczenledi. Etkinli\u011fe kat\u0131lan Vali Hulusi \u015eahin, 90 y\u0131ll\u0131k mazisiyle BATEM&#8217;de b\u00fcy\u00fck <a href=\"https:\/\/akdenizhaber.com.tr\/index.php\/2024\/04\/22\/tarimsal-uretimde-fedakarliklarla-dolu-91-yil\/\" class=\"read-more-link\">[more&#8230;]<\/a><\/p>\n","protected":false},"author":2,"featured_media":22813,"comment_status":"open","ping_status":"open","sticky":false,"template":"","format":"standard","meta":{"footnotes":""},"categories":[2],"tags":[],"class_list":["post-22812","post","type-post","status-publish","format-standard","has-post-thumbnail","hentry","category-gundem"],"_links":{"self":[{"href":"https:\/\/akdenizhaber.com.tr\/index.php\/wp-json\/wp\/v2\/posts\/22812","targetHints":{"allow":["GET"]}}],"collection":[{"href":"https:\/\/akdenizhaber.com.tr\/index.php\/wp-json\/wp\/v2\/posts"}],"about":[{"href":"https:\/\/akdenizhaber.com.tr\/index.php\/wp-json\/wp\/v2\/types\/post"}],"author":[{"embeddable":true,"href":"https:\/\/akdenizhaber.com.tr\/index.php\/wp-json\/wp\/v2\/users\/2"}],"replies":[{"embeddable":true,"href":"https:\/\/akdenizhaber.com.tr\/index.php\/wp-json\/wp\/v2\/comments?post=22812"}],"version-history":[{"count":1,"href":"https:\/\/akdenizhaber.com.tr\/index.php\/wp-json\/wp\/v2\/posts\/22812\/revisions"}],"predecessor-version":[{"id":22814,"href":"https:\/\/akdenizhaber.com.tr\/index.php\/wp-json\/wp\/v2\/posts\/22812\/revisions\/22814"}],"wp:featuredmedia":[{"embeddable":true,"href":"https:\/\/akdenizhaber.com.tr\/index.php\/wp-json\/wp\/v2\/media\/22813"}],"wp:attachment":[{"href":"https:\/\/akdenizhaber.com.tr\/index.php\/wp-json\/wp\/v2\/media?parent=22812"}],"wp:term":[{"taxonomy":"category","embeddable":true,"href":"https:\/\/akdenizhaber.com.tr\/index.php\/wp-json\/wp\/v2\/categories?post=22812"},{"taxonomy":"post_tag","embeddable":true,"href":"https:\/\/akdenizhaber.com.tr\/index.php\/wp-json\/wp\/v2\/tags?post=22812"}],"curies":[{"name":"wp","href":"https:\/\/api.w.org\/{rel}","templated":true}]}}