{"id":22809,"date":"2024-04-22T13:18:32","date_gmt":"2024-04-22T10:18:32","guid":{"rendered":"https:\/\/akdenizhaber.com.tr\/?p=22809"},"modified":"2024-04-22T13:18:33","modified_gmt":"2024-04-22T10:18:33","slug":"antalya-koray-aydin-dedi","status":"publish","type":"post","link":"https:\/\/akdenizhaber.com.tr\/index.php\/2024\/04\/22\/antalya-koray-aydin-dedi\/","title":{"rendered":"Antalya \u2018Koray Ayd\u0131n\u2019 dedi"},"content":{"rendered":"\n<p>\u0130yi Parti\u2019de Kurultay heyecan\u0131 ya\u015fan\u0131rken g\u00f6zler Antalya\u2019ya \u00e7evrildi. Kurucular Kurulu \u00dcyeleri Musa Ertuganba\u015fta olmak \u00fczere \u0130l Ba\u015fkan\u0131 Vahdet Af\u015fin Karacan ile birlikte \u00fcst kurul delegeleri \u2018Koray Ayd\u0131n\u2019\u0131 destekliyor.<\/p>\n\n\n\n<p>\u0130yi Parti\u2019nin kurulu\u015funda ve te\u015fkilatlanmas\u0131n\u0131n mimar\u0131 olan Koray Ayd\u0131n, yakla\u015fan Kurultay \u00f6ncesinde a\u00e7\u0131k ara \u00f6nde g\u00f6r\u00fcl\u00fcyor. \u0130yi Parti\u2019nin kuruldu\u011fu g\u00fcnden bu yana davalar\u0131 i\u00e7in kritik s\u00fcre\u00e7lerin a\u015f\u0131lmas\u0131nda \u00f6n planda yer alan Kurucular Kurulu \u00dcyeleri ile ge\u00e7ti\u011fimiz g\u00fcnlerde bir araya gelen Koray Ayd\u0131n\u2019a destek devam ediyor. Kurucular Kurulu \u00dcyeleri Musa Ertugan ve Feridun Bah\u015fi\u2019nin Koray Ayd\u0131n\u2019\u0131 desteklediklerini a\u00e7\u0131klamalar\u0131n\u0131n ard\u0131ndan Antalya \u0130l Ba\u015fkan\u0131 Vahdet Karacan ve beraberindeki \u00fcst kurul delegeleri de \u2018Koray Ayd\u0131n\u2019 dedi.<\/p>\n\n\n\n<p>K\u0130MLER KATILMI\u015eTI?<\/p>\n\n\n\n<p>Ge\u00e7ti\u011fimiz hafta i\u00e7erisinde aralar\u0131nda partinin \u00f6nde gelen isimleri olarak bilinen Kurucular Kurulu \u00dcyeleri Musa Ertugan, Feridun Bah\u015fi ile birlikte Abdulkadir Akcan, Vahdet Af\u015fin Karacan, \u0130brahim Celayirolu, Alper Ar\u0131kan, Alper Sert, Ercan Erim, Adil Erko\u00e7, Ayhan B\u00f6l\u00fckba\u015f\u0131, Ayhan Erel, Behi\u00e7 \u00c7elik, Fuat Y\u0131ld\u0131r\u0131m, \u0130brahim Halil Oral, Mehmet Arslan, Sevin \u00c7a\u011flayan, Sevin\u00e7 G\u00fcm\u00fc\u015f, \u015eahin Arslanta\u015f, Tamer Kayaalp, Vedat Bayram, Mustafa \u00c7elik, &nbsp;Eski Genel Ba\u015fkan Yard\u0131mc\u0131s\u0131 Arzu \u00d6n\u015fen ve B\u00fclent Erol, Ankara\u2019da Koray Ayd\u0131n\u2019\u0131 ziyaret ederek destek mesaj\u0131 vermi\u015flerdi. Antalya Eski Milletvekili Feridun Bah\u015fi\u2019nin de dilek\u00e7eyi imzalad\u0131\u011f\u0131, sonuna kadar Ayd\u0131n\u2019a destek oldu\u011fu \u00f6\u011frenildi.<\/p>\n\n\n\n<p>ERTUGAN\u2019IN MESAJI ETK\u0130L\u0130 OLDU<\/p>\n\n\n\n<p>\u0130yi Parti Kurucular Kurulu \u00dcyesi Musa Ertugan\u2019\u0131n sosyal medya hesab\u0131ndan payla\u015ft\u0131\u011f\u0131, \u201c\u0130yi parti kurucular kurulu \u00fcyeleri olarak, Genel Ba\u015fkan Aday\u0131m\u0131z Sn. Koray Ayd\u0131n Ba\u015fkan\u0131m\u0131z\u0131 Ziyaret ettik desteklerimizi belirterek imzalar\u0131m\u0131z\u0131 verdik. Ayr\u0131ca, T\u00fcm illerden gelen verilere g\u00f6re bayrak yar\u0131\u015f\u0131n\u0131 a\u00e7\u0131k ara kazan\u0131yoruz. Hay\u0131rl\u0131 u\u011furlu olsun\u201d mesaj\u0131n\u0131n ard\u0131ndan Antalya\u2019daki \u00fcst kurul delegelerinin Koray Ayd\u0131n\u2019\u0131 genel ba\u015fkan olarak g\u00f6rmek istedi\u011fi \u00f6\u011frenildi.<\/p>\n\n\n\n<p>Haber Merkezi<\/p>\n","protected":false},"excerpt":{"rendered":"<p>\u0130yi Parti\u2019de Kurultay heyecan\u0131 ya\u015fan\u0131rken g\u00f6zler Antalya\u2019ya \u00e7evrildi. Kurucular Kurulu \u00dcyeleri Musa Ertuganba\u015fta olmak \u00fczere \u0130l Ba\u015fkan\u0131 Vahdet Af\u015fin Karacan ile birlikte \u00fcst kurul delegeleri <a href=\"https:\/\/akdenizhaber.com.tr\/index.php\/2024\/04\/22\/antalya-koray-aydin-dedi\/\" class=\"read-more-link\">[more&#8230;]<\/a><\/p>\n","protected":false},"author":2,"featured_media":22810,"comment_status":"open","ping_status":"open","sticky":false,"template":"","format":"standard","meta":{"footnotes":""},"categories":[2],"tags":[],"class_list":["post-22809","post","type-post","status-publish","format-standard","has-post-thumbnail","hentry","category-gundem"],"_links":{"self":[{"href":"https:\/\/akdenizhaber.com.tr\/index.php\/wp-json\/wp\/v2\/posts\/22809","targetHints":{"allow":["GET"]}}],"collection":[{"href":"https:\/\/akdenizhaber.com.tr\/index.php\/wp-json\/wp\/v2\/posts"}],"about":[{"href":"https:\/\/akdenizhaber.com.tr\/index.php\/wp-json\/wp\/v2\/types\/post"}],"author":[{"embeddable":true,"href":"https:\/\/akdenizhaber.com.tr\/index.php\/wp-json\/wp\/v2\/users\/2"}],"replies":[{"embeddable":true,"href":"https:\/\/akdenizhaber.com.tr\/index.php\/wp-json\/wp\/v2\/comments?post=22809"}],"version-history":[{"count":1,"href":"https:\/\/akdenizhaber.com.tr\/index.php\/wp-json\/wp\/v2\/posts\/22809\/revisions"}],"predecessor-version":[{"id":22811,"href":"https:\/\/akdenizhaber.com.tr\/index.php\/wp-json\/wp\/v2\/posts\/22809\/revisions\/22811"}],"wp:featuredmedia":[{"embeddable":true,"href":"https:\/\/akdenizhaber.com.tr\/index.php\/wp-json\/wp\/v2\/media\/22810"}],"wp:attachment":[{"href":"https:\/\/akdenizhaber.com.tr\/index.php\/wp-json\/wp\/v2\/media?parent=22809"}],"wp:term":[{"taxonomy":"category","embeddable":true,"href":"https:\/\/akdenizhaber.com.tr\/index.php\/wp-json\/wp\/v2\/categories?post=22809"},{"taxonomy":"post_tag","embeddable":true,"href":"https:\/\/akdenizhaber.com.tr\/index.php\/wp-json\/wp\/v2\/tags?post=22809"}],"curies":[{"name":"wp","href":"https:\/\/api.w.org\/{rel}","templated":true}]}}