{"id":22803,"date":"2024-04-22T13:13:27","date_gmt":"2024-04-22T10:13:27","guid":{"rendered":"https:\/\/akdenizhaber.com.tr\/?p=22803"},"modified":"2024-04-22T13:13:42","modified_gmt":"2024-04-22T10:13:42","slug":"muhittin-bocek-belediye-baskanliginda-26ci-yilina-girdi","status":"publish","type":"post","link":"https:\/\/akdenizhaber.com.tr\/index.php\/2024\/04\/22\/muhittin-bocek-belediye-baskanliginda-26ci-yilina-girdi\/","title":{"rendered":"Muhittin B\u00f6cek, belediye ba\u015fkanl\u0131\u011f\u0131nda 26&#8217;c\u0131 y\u0131l\u0131na girdi"},"content":{"rendered":"\n<p>Antalya B\u00fcy\u00fck\u015fehir Belediye Ba\u015fkan\u0131 Muhittin B\u00f6cek, Belediye ba\u015fkan\u0131 olmada 6. d\u00f6nem 26&#8217;nc\u0131 y\u0131l\u0131na girdi. 31 Mart Belediye Ba\u015fkanl\u0131\u011f\u0131&#8217;na yeniden CHP&#8217;den Antalya B\u00fcy\u00fck\u015fehir Belediye Ba\u015fkan\u0131 Muhittin B\u00f6cek, Antalya&#8217;da iki defa \u00fcst \u00fcste b\u00fcy\u00fck\u015fehir belediye ba\u015fkan\u0131 se\u00e7ilmede eski DYP&#8217;li Av. Hasan Suba\u015f\u0131&#8217;ndan sonra ikinci defa olmu\u015f oldu.<\/p>\n\n\n\n<p>&nbsp;Antalya B\u00fcy\u00fck\u015fehir Belediye Ba\u015fkan\u0131 Muhittin B\u00f6cek, 4 d\u00f6nem Antalya merkez Konyaalt\u0131 il\u00e7esi Konyaalt\u0131 Belediye Ba\u015fkan\u0131 olma yan\u0131 s\u0131ra iki d\u00f6nemde Antalya B\u00fcy\u00fck\u015fehir olmak \u00fczere 6 d\u00f6nem belediye ba\u015fkanl\u0131\u011f\u0131 yaparak T\u00fcrkiye&#8217;nin en uzun s\u00fcreli belediye ba\u015fkan\u0131 unvan\u0131na sahip oldu.<\/p>\n\n\n\n<p>&nbsp;Siyasete Anavatan Partisinden at\u0131lan Ba\u015fkan\u0131 Muhittin B\u00f6cek, ilk olarak&nbsp; 18 Nisan 1999 tarihinde Konyaalt\u0131 Belediye ba\u015fkan\u0131 se\u00e7ilmi\u015fti Anavatan Partisi&#8217;nden.<\/p>\n\n\n\n<p>Ba\u015fkan Muhittin B\u00f6cek yapt\u0131\u011f\u0131 a\u00e7\u0131klamada,&#8221; Antalya&#8217;m ve Antalyal\u0131lar i\u00e7in 18 Nisan 1999&#8217;da ba\u015flad\u0131\u011f\u0131m belediye ba\u015fkanl\u0131\u011f\u0131 g\u00f6revini 26&#8217;nc\u0131 y\u0131l\u0131mda da ilk g\u00fcnk\u00fc heyecan ve hizmet a\u015fk\u0131yla s\u00fcrd\u00fcrmenin mutlulu\u011funu ya\u015f\u0131yorum.&nbsp; Y\u00f6r\u00fck \u00e7ocu\u011fu olarak \u00e7ift\u00e7ilikten belediye ba\u015fkanl\u0131\u011f\u0131na uzanan bu zorlu yolculukta elde etti\u011fim ba\u015far\u0131lar\u0131 Mustafa Kemal Atat\u00fcrk ve bize emanet etti\u011fi Cumhuriyetimize bor\u00e7luyum. Bir Cumhuriyet \u00e7ocu\u011fu olarak ilk g\u00fcnk\u00fc gibi do\u011fruluk ve d\u00fcr\u00fcstl\u00fc\u011f\u00fc ilke edinerek halk\u0131m\u0131z i\u00e7in azimle gururla \u00e7al\u0131\u015fmaya, &#8216;Herkesin Ba\u015fkan\u0131&#8217; olmaya devam edece\u011fim.&#8221;dedi<\/p>\n\n\n\n<p>Abdurrahman B\u00fcy\u00fckkeskin \/ B\u00fclten<\/p>\n","protected":false},"excerpt":{"rendered":"<p>Antalya B\u00fcy\u00fck\u015fehir Belediye Ba\u015fkan\u0131 Muhittin B\u00f6cek, Belediye ba\u015fkan\u0131 olmada 6. d\u00f6nem 26&#8217;nc\u0131 y\u0131l\u0131na girdi. 31 Mart Belediye Ba\u015fkanl\u0131\u011f\u0131&#8217;na yeniden CHP&#8217;den Antalya B\u00fcy\u00fck\u015fehir Belediye Ba\u015fkan\u0131 Muhittin <a href=\"https:\/\/akdenizhaber.com.tr\/index.php\/2024\/04\/22\/muhittin-bocek-belediye-baskanliginda-26ci-yilina-girdi\/\" class=\"read-more-link\">[more&#8230;]<\/a><\/p>\n","protected":false},"author":2,"featured_media":22804,"comment_status":"open","ping_status":"open","sticky":false,"template":"","format":"standard","meta":{"footnotes":""},"categories":[2],"tags":[],"class_list":["post-22803","post","type-post","status-publish","format-standard","has-post-thumbnail","hentry","category-gundem"],"_links":{"self":[{"href":"https:\/\/akdenizhaber.com.tr\/index.php\/wp-json\/wp\/v2\/posts\/22803","targetHints":{"allow":["GET"]}}],"collection":[{"href":"https:\/\/akdenizhaber.com.tr\/index.php\/wp-json\/wp\/v2\/posts"}],"about":[{"href":"https:\/\/akdenizhaber.com.tr\/index.php\/wp-json\/wp\/v2\/types\/post"}],"author":[{"embeddable":true,"href":"https:\/\/akdenizhaber.com.tr\/index.php\/wp-json\/wp\/v2\/users\/2"}],"replies":[{"embeddable":true,"href":"https:\/\/akdenizhaber.com.tr\/index.php\/wp-json\/wp\/v2\/comments?post=22803"}],"version-history":[{"count":1,"href":"https:\/\/akdenizhaber.com.tr\/index.php\/wp-json\/wp\/v2\/posts\/22803\/revisions"}],"predecessor-version":[{"id":22805,"href":"https:\/\/akdenizhaber.com.tr\/index.php\/wp-json\/wp\/v2\/posts\/22803\/revisions\/22805"}],"wp:featuredmedia":[{"embeddable":true,"href":"https:\/\/akdenizhaber.com.tr\/index.php\/wp-json\/wp\/v2\/media\/22804"}],"wp:attachment":[{"href":"https:\/\/akdenizhaber.com.tr\/index.php\/wp-json\/wp\/v2\/media?parent=22803"}],"wp:term":[{"taxonomy":"category","embeddable":true,"href":"https:\/\/akdenizhaber.com.tr\/index.php\/wp-json\/wp\/v2\/categories?post=22803"},{"taxonomy":"post_tag","embeddable":true,"href":"https:\/\/akdenizhaber.com.tr\/index.php\/wp-json\/wp\/v2\/tags?post=22803"}],"curies":[{"name":"wp","href":"https:\/\/api.w.org\/{rel}","templated":true}]}}