{"id":22799,"date":"2024-04-22T13:11:40","date_gmt":"2024-04-22T10:11:40","guid":{"rendered":"https:\/\/akdenizhaber.com.tr\/?p=22799"},"modified":"2024-04-22T13:11:40","modified_gmt":"2024-04-22T10:11:40","slug":"kepezspor-taraftari-stadyumdan-kocagoz-icin-adalet-istedi","status":"publish","type":"post","link":"https:\/\/akdenizhaber.com.tr\/index.php\/2024\/04\/22\/kepezspor-taraftari-stadyumdan-kocagoz-icin-adalet-istedi\/","title":{"rendered":"Kepezspor taraftar\u0131 stadyumdan                                               Kocag\u00f6z i\u00e7in &#8216;adalet&#8217; istedi"},"content":{"rendered":"\n<p><br>Kepezspor taraftar\u0131, bug\u00fcn oynanan Ayval\u0131kg\u00fcc\u00fc ma\u00e7\u0131nda 130 bin se\u00e7menin iradesiyle se\u00e7ilen Kepez Belediye Ba\u015fkan\u0131 Mesut Kocag\u00f6z&#8217;\u00fcn tutuklu yarg\u0131lanmas\u0131 s\u00fcrecine kepki g\u00f6sterdi. Kepezspor taraftar\u0131 ma\u00e7\u0131 \u00fczerinde Ba\u015fkan Kocag\u00f6z foto\u011fraf\u0131 ile birlikte #MesutKocag\u00f6zYaln\u0131zDe\u011fildir slogan\u0131n\u0131n yer ald\u0131\u011f\u0131 beyaz ti\u015f\u00f6rtleri giyerek izledi.<br><br>Antalya&#8217;da ya\u015fanan teleferik kazas\u0131 sonras\u0131 hukuksuz \u015fekilde tutuklu yarg\u0131lanmas\u0131na karar verilen Kepez Belediye Ba\u015fkan\u0131 Mesut Kocag\u00f6z&#8217;e destek \u00e7\u0131\u011f gibi b\u00fcy\u00fcyor. &#8220;Mesut Kocag\u00f6z Yaln\u0131z De\u011fildir&#8221; slogan\u0131yla Antalya&#8217;n\u0131n Kepez \u0130l\u00e7esi&#8217;nden ba\u015flayan adalet aray\u0131\u015f\u0131na futbol taraftarlar\u0131 da dahil oldu.<br>\u015eampiyonlu\u011fu garantileyen Kepezspor, bug\u00fcn Ayval\u0131kg\u00fcc\u00fc ile Antalya Kepez Hasan Do\u011fan Stadyumu&#8217;nda kar\u015f\u0131 kar\u015f\u0131ya geldi. Kepezspor Tak\u0131m\u0131, \u015fampiyonlu\u011funu tutuklu bulunan Kepez Belediye Ba\u015fkan\u0131 Mesut Kocag\u00f6z&#8217;e hediye ederken, taraftarlar \u00fczerilerine giydikleri beyaz ti\u015f\u00f6rtlerle ma\u00e7\u0131 izledi. Taraftarlar \u00fczerinde Ba\u015fkan Kocag\u00f6z&#8217;\u00fcn foto\u011fraf\u0131 ve #MesutKocag\u00f6zYaln\u0131zDe\u011fildir slogan\u0131n\u0131n bulundu\u011fu ti\u015f\u00f6rtlerle Ba\u015fkan Kocag\u00f6z i\u00e7in &#8216;adalet&#8217; aray\u0131\u015f\u0131n\u0131 s\u00fcrd\u00fcrd\u00fc.\u00a0 Ma\u00e7 boyunca &#8216;Mesut Kocag\u00f6z Yaln\u0131z De\u011fildir&#8217; slogan\u0131 at\u0131l\u0131rken, protokol trib\u00fcn\u00fcnde Ba\u015fkan Kocag\u00f6z&#8217;\u00fcn oturaca\u011f\u0131 koltuk bo\u015f b\u0131rak\u0131ld\u0131. Koltu\u011fun \u00fczerine taraftar\u0131n \u00fczerine giydi\u011fi beyaz ti\u015f\u00f6rt b\u0131rak\u0131ld\u0131.<\/p>\n\n\n\n<p>Kepez Belediyesi \/ B\u00fclten<\/p>\n","protected":false},"excerpt":{"rendered":"<p>Kepezspor taraftar\u0131, bug\u00fcn oynanan Ayval\u0131kg\u00fcc\u00fc ma\u00e7\u0131nda 130 bin se\u00e7menin iradesiyle se\u00e7ilen Kepez Belediye Ba\u015fkan\u0131 Mesut Kocag\u00f6z&#8217;\u00fcn tutuklu yarg\u0131lanmas\u0131 s\u00fcrecine kepki g\u00f6sterdi. Kepezspor taraftar\u0131 ma\u00e7\u0131 \u00fczerinde <a href=\"https:\/\/akdenizhaber.com.tr\/index.php\/2024\/04\/22\/kepezspor-taraftari-stadyumdan-kocagoz-icin-adalet-istedi\/\" class=\"read-more-link\">[more&#8230;]<\/a><\/p>\n","protected":false},"author":2,"featured_media":22800,"comment_status":"open","ping_status":"open","sticky":false,"template":"","format":"standard","meta":{"footnotes":""},"categories":[2],"tags":[],"class_list":["post-22799","post","type-post","status-publish","format-standard","has-post-thumbnail","hentry","category-gundem"],"_links":{"self":[{"href":"https:\/\/akdenizhaber.com.tr\/index.php\/wp-json\/wp\/v2\/posts\/22799","targetHints":{"allow":["GET"]}}],"collection":[{"href":"https:\/\/akdenizhaber.com.tr\/index.php\/wp-json\/wp\/v2\/posts"}],"about":[{"href":"https:\/\/akdenizhaber.com.tr\/index.php\/wp-json\/wp\/v2\/types\/post"}],"author":[{"embeddable":true,"href":"https:\/\/akdenizhaber.com.tr\/index.php\/wp-json\/wp\/v2\/users\/2"}],"replies":[{"embeddable":true,"href":"https:\/\/akdenizhaber.com.tr\/index.php\/wp-json\/wp\/v2\/comments?post=22799"}],"version-history":[{"count":1,"href":"https:\/\/akdenizhaber.com.tr\/index.php\/wp-json\/wp\/v2\/posts\/22799\/revisions"}],"predecessor-version":[{"id":22801,"href":"https:\/\/akdenizhaber.com.tr\/index.php\/wp-json\/wp\/v2\/posts\/22799\/revisions\/22801"}],"wp:featuredmedia":[{"embeddable":true,"href":"https:\/\/akdenizhaber.com.tr\/index.php\/wp-json\/wp\/v2\/media\/22800"}],"wp:attachment":[{"href":"https:\/\/akdenizhaber.com.tr\/index.php\/wp-json\/wp\/v2\/media?parent=22799"}],"wp:term":[{"taxonomy":"category","embeddable":true,"href":"https:\/\/akdenizhaber.com.tr\/index.php\/wp-json\/wp\/v2\/categories?post=22799"},{"taxonomy":"post_tag","embeddable":true,"href":"https:\/\/akdenizhaber.com.tr\/index.php\/wp-json\/wp\/v2\/tags?post=22799"}],"curies":[{"name":"wp","href":"https:\/\/api.w.org\/{rel}","templated":true}]}}