{"id":22792,"date":"2024-04-20T11:59:57","date_gmt":"2024-04-20T08:59:57","guid":{"rendered":"https:\/\/akdenizhaber.com.tr\/?p=22792"},"modified":"2024-04-20T11:59:57","modified_gmt":"2024-04-20T08:59:57","slug":"sosyal-bilimler-meslek-yuksekokulunda-26-kariyer-gunu-etkinligi","status":"publish","type":"post","link":"https:\/\/akdenizhaber.com.tr\/index.php\/2024\/04\/20\/sosyal-bilimler-meslek-yuksekokulunda-26-kariyer-gunu-etkinligi\/","title":{"rendered":"Sosyal Bilimler Meslek Y\u00fcksekokulu\u2019nda\u00a0\u00a0                            26 . Kariyer G\u00fcn\u00fc Etkinli\u011fi"},"content":{"rendered":"\n<p><\/p>\n\n\n\n<p>Akdeniz \u00dcniversitesi Sosyal Bilimler <a>Meslek Y\u00fcksekokulu <\/a>(SBMYO) 26. Kariyer G\u00fcn\u00fc etkinli\u011fi Y\u00fcksekokul yerle\u015fkesinde b\u00fcy\u00fck bir co\u015fku ve kat\u0131l\u0131mla ger\u00e7ekle\u015ftirildi.<\/p>\n\n\n\n<p>Y\u00fcksekokul yerle\u015fkesinde farkl\u0131 sekt\u00f6rlerden kat\u0131l\u0131mc\u0131lar\u0131n yer ald\u0131\u011f\u0131 stantlar\u0131n kuruldu\u011fu etkinli\u011fe Akdeniz \u00dcniversitesi Rekt\u00f6r Yard\u0131mc\u0131s\u0131 Prof. Dr. \u015e\u00fckr\u00fc \u00d6zen, Rekt\u00f6r Dan\u0131\u015fman\u0131 Cemil Tonbul, \u00d6\u011fretim \u00dcyeleri ve \u00e7ok say\u0131da \u00f6\u011frenci kat\u0131ld\u0131.<\/p>\n\n\n\n<p>ETK\u0130NL\u0130\u011e\u0130N ARKASINDA C\u0130DD\u0130 B\u0130R EMEK VAR<\/p>\n\n\n\n<p>Kariyer G\u00fcn\u00fc etkinlik a\u00e7\u0131l\u0131\u015f\u0131nda konu\u015fan Akdeniz \u00dcniversitesi Rekt\u00f6r Yard\u0131mc\u0131s\u0131 Prof. Dr. \u015e\u00fckr\u00fc \u00d6zen, \u201cBurada yeti\u015fen \u00f6\u011frencilerimiz her \u015feyden \u00f6nce \u00fclkemiz a\u00e7\u0131s\u0131ndan sosyal sermaye anlam\u0131nda \u00e7ok k\u0131ymetli bir de\u011ferdir. Bug\u00fcn burada \u00f6\u011frencilerimize sunulan f\u0131rsatlarda \u00e7ok de\u011ferlidir. Sevgili \u00f6\u011frenciler sizlerde l\u00fctfen bu platformlar\u0131n, stantlar\u0131n \u00f6n\u00fcnden h\u0131zl\u0131ca ge\u00e7ip gitmeyin. Bu etkinli\u011fin arkas\u0131nda ciddi bir emek var. Stantlar\u0131 ziyaret ederek mutlaka bir diyalo\u011fa girip bir sohbet edip sekt\u00f6r\u00fcn sizlerden ne bekledi\u011fini ne t\u00fcr kazan\u0131mlara \u00f6nem verildi\u011fini \u00f6\u011frenmeye \u00e7al\u0131\u015f\u0131n\u0131z. Sizlerden gelen geri bildirimlere g\u00f6re hocalar\u0131m\u0131z da de\u011fi\u015fen geli\u015fen d\u00fcnya \u015fartlar\u0131nda sekt\u00f6r\u00fcn ihtiya\u00e7lar\u0131na g\u00f6re e\u011fitim materyallerini, m\u00fcfredatlar\u0131n\u0131 g\u00fcncelleme f\u0131rsat\u0131 bulacaklard\u0131r. Akdeniz \u00dcniversitesi T\u00fcrkiye&#8217;nin \u00e7ok k\u00f6kl\u00fc ve \u00f6nemli kurumlar\u0131ndan birisidir. Y\u00d6K taraf\u0131ndan Ara\u015ft\u0131rma \u00dcniversitesi aday stat\u00fcs\u00fcne y\u00fckseltilmi\u015f durumday\u0131z. 2 y\u0131l\u0131n sonunda da ara\u015ft\u0131rma \u00fcniversiteleri aras\u0131nda yerimizi alaca\u011f\u0131m\u0131za da inanc\u0131m\u0131z tamd\u0131r.\u201d diye konu\u015ftu.<\/p>\n\n\n\n<p>\u00d6\u011eRENC\u0130LER\u0130M\u0130Z VE SEKT\u00d6R A\u00c7ISINDAN \u00c7OK \u00d6NEML\u0130<\/p>\n\n\n\n<p>Y\u00fcksekokul M\u00fcd\u00fcr\u00fc Prof. Dr. Burhan \u00d6zkan ise \u201cKariyer G\u00fcn\u00fc etkinlikleri, e\u011fitim-\u00f6\u011fretim programlar\u0131yla i\u015f hayat\u0131n\u0131n talep ve ihtiya\u00e7lar\u0131 aras\u0131nda sistematik bir uyumun sa\u011flanmas\u0131, \u00f6\u011frencilerin sekt\u00f6r\u00fc tan\u0131mas\u0131 ve sekt\u00f6r\u00fcn ihtiyac\u0131 olan nitelikli i\u015fg\u00fcc\u00fc temin edilmesi ama\u00e7lar\u0131na y\u00f6nelik olarak, Okul-Sekt\u00f6r i\u015f birli\u011fi kapsam\u0131nda d\u00fczenlenmektedir.&nbsp; Akdeniz \u00dcniversitesi SBMYO olarak Kariyer G\u00fcn\u00fcetkinli\u011finin, b\u00f6lgemizdeki turizm sekt\u00f6r\u00fc ba\u015fta olmak \u00fczere ilgili sekt\u00f6rlerin nitelikli i\u015fg\u00fcc\u00fc taleplerindeki beklentilerin saptanmas\u0131, s\u00f6z konusu beklentilerin okulumuz e\u011fitim-\u00f6\u011fretim m\u00fcfredat\u0131na yans\u0131t\u0131lmas\u0131, \u00f6\u011frencilerimize i\u015f ve staj yeri bulma imk\u00e2n\u0131 sa\u011flamas\u0131 noktas\u0131nda \u00e7ok \u00f6nemli oldu\u011funa inan\u0131yoruz.\u201d ifadelerini kulland\u0131.&nbsp;<\/p>\n\n\n\n<p>EN TEMEL AMACIMIZMEZUNLARIMIZIN ARANAN ELEMAN OLMASI<\/p>\n\n\n\n<p>Meslek Y\u00fcksekokullar\u0131n\u0131n nitelikli i\u015f g\u00fcc\u00fc olu\u015fturmaya katk\u0131 sa\u011flayan en \u00f6nemli kurumlardan biri olarak g\u00f6r\u00fcld\u00fc\u011f\u00fcn\u00fc belirten M\u00fcd\u00fcr \u00d6zkan, \u201c\u00c7\u00fcnk\u00fc mesleki e\u011fitim-\u00f6\u011fretimde, yaparak \u00f6\u011frenme ya da bilmeyi, yapabilmeye \u00e7evirmek esast\u0131r. Dolay\u0131s\u0131yla mesleki e\u011fitim; teorik e\u011fitimi, pratik e\u011fitimle tamamlama ve istihdama y\u00f6nlendirebilme odakl\u0131d\u0131r. Bu nedenle Y\u00fcksekokulumuzda y\u00fcr\u00fct\u00fclen e\u011fitim-\u00f6\u011fretim programlar\u0131m\u0131zla \u00f6\u011frencilerimize \u00fcst d\u00fczey bilgi, beceri ve yetkinlik kazand\u0131rarak onlar\u0131 aranan veya ana eleman olarak mezun olmalar\u0131n\u0131 sa\u011flamak en temel amac\u0131m\u0131zd\u0131r. Mezunlar\u0131m\u0131z\u0131n aranan\/ana eleman nitelikli olmas\u0131n\u0131n, okul-sekt\u00f6r i\u015f birli\u011fi ile m\u00fcmk\u00fcn oldu\u011fundan hareketle \u00f6\u011frencilerimizin, sekt\u00f6r\u00fcn ihtiya\u00e7lar\u0131na cevap verebilecek nitelikleri kazanabilmesi i\u00e7in sekt\u00f6rle ili\u015fkilerimizin g\u00fc\u00e7l\u00fc ve s\u00fcrd\u00fcr\u00fclebilir olmas\u0131 ve sekt\u00f6r beklentileri ile mesleki e\u011fitim aras\u0131ndaki k\u00f6pr\u00fcn\u00fcn g\u00fcncel kalabilmesine \u00f6zel \u00f6nem veriyoruz.\u201d dedi.<\/p>\n\n\n\n<p>Son olarak \u00f6\u011frenciler i\u00e7in son derece \u00f6nemli olan Kariyer G\u00fcn\u00fc etkinli\u011fin ger\u00e7ekle\u015ftirilmesine imkan sa\u011flad\u0131klar\u0131 i\u00e7in \u00f6ncelikle Akdeniz \u00dcniversitesi Rekt\u00f6r\u00fc Prof. Dr. \u00d6zlenen\u00d6zkan\u2019a ve etkinli\u011fe kat\u0131lan&nbsp; payda\u015flara, sekt\u00f6r temsilcilerine, mezunlara&nbsp;&nbsp; ilgi ve destekleri i\u00e7in&nbsp; SBMYO&nbsp; ailesi ad\u0131na te\u015fekk\u00fcr etti.<br><br><\/p>\n\n\n\n<p>Akdeniz \u00dcniversitesi Rekt\u00f6rl\u00fc\u011f\u00fc \/ B\u00fclten<\/p>\n","protected":false},"excerpt":{"rendered":"<p>Akdeniz \u00dcniversitesi Sosyal Bilimler Meslek Y\u00fcksekokulu (SBMYO) 26. Kariyer G\u00fcn\u00fc etkinli\u011fi Y\u00fcksekokul yerle\u015fkesinde b\u00fcy\u00fck bir co\u015fku ve kat\u0131l\u0131mla ger\u00e7ekle\u015ftirildi. Y\u00fcksekokul yerle\u015fkesinde farkl\u0131 sekt\u00f6rlerden kat\u0131l\u0131mc\u0131lar\u0131n yer <a href=\"https:\/\/akdenizhaber.com.tr\/index.php\/2024\/04\/20\/sosyal-bilimler-meslek-yuksekokulunda-26-kariyer-gunu-etkinligi\/\" class=\"read-more-link\">[more&#8230;]<\/a><\/p>\n","protected":false},"author":2,"featured_media":22793,"comment_status":"open","ping_status":"open","sticky":false,"template":"","format":"standard","meta":{"footnotes":""},"categories":[2],"tags":[],"class_list":["post-22792","post","type-post","status-publish","format-standard","has-post-thumbnail","hentry","category-gundem"],"_links":{"self":[{"href":"https:\/\/akdenizhaber.com.tr\/index.php\/wp-json\/wp\/v2\/posts\/22792","targetHints":{"allow":["GET"]}}],"collection":[{"href":"https:\/\/akdenizhaber.com.tr\/index.php\/wp-json\/wp\/v2\/posts"}],"about":[{"href":"https:\/\/akdenizhaber.com.tr\/index.php\/wp-json\/wp\/v2\/types\/post"}],"author":[{"embeddable":true,"href":"https:\/\/akdenizhaber.com.tr\/index.php\/wp-json\/wp\/v2\/users\/2"}],"replies":[{"embeddable":true,"href":"https:\/\/akdenizhaber.com.tr\/index.php\/wp-json\/wp\/v2\/comments?post=22792"}],"version-history":[{"count":1,"href":"https:\/\/akdenizhaber.com.tr\/index.php\/wp-json\/wp\/v2\/posts\/22792\/revisions"}],"predecessor-version":[{"id":22794,"href":"https:\/\/akdenizhaber.com.tr\/index.php\/wp-json\/wp\/v2\/posts\/22792\/revisions\/22794"}],"wp:featuredmedia":[{"embeddable":true,"href":"https:\/\/akdenizhaber.com.tr\/index.php\/wp-json\/wp\/v2\/media\/22793"}],"wp:attachment":[{"href":"https:\/\/akdenizhaber.com.tr\/index.php\/wp-json\/wp\/v2\/media?parent=22792"}],"wp:term":[{"taxonomy":"category","embeddable":true,"href":"https:\/\/akdenizhaber.com.tr\/index.php\/wp-json\/wp\/v2\/categories?post=22792"},{"taxonomy":"post_tag","embeddable":true,"href":"https:\/\/akdenizhaber.com.tr\/index.php\/wp-json\/wp\/v2\/tags?post=22792"}],"curies":[{"name":"wp","href":"https:\/\/api.w.org\/{rel}","templated":true}]}}