{"id":22790,"date":"2024-04-20T11:59:08","date_gmt":"2024-04-20T08:59:08","guid":{"rendered":"https:\/\/akdenizhaber.com.tr\/?p=22790"},"modified":"2024-04-20T11:59:09","modified_gmt":"2024-04-20T08:59:09","slug":"mevsim-gecisleri-2","status":"publish","type":"post","link":"https:\/\/akdenizhaber.com.tr\/index.php\/2024\/04\/20\/mevsim-gecisleri-2\/","title":{"rendered":"MEVS\u0130M GE\u00c7\u0130\u015eLER\u0130"},"content":{"rendered":"\n<p>G\u00fcnayd\u0131n g\u00fczel insanlar\u2026<br>Biliyorsunuz ki mevsim ge\u00e7i\u015fleri, do\u011fan\u0131n d\u00f6ng\u00fcs\u00fcnde ger\u00e7ekle\u015fen do\u011fal ve belirgin de\u011fi\u015fimlerdir. Bu d\u00f6nemlerde hava ko\u015fullar\u0131, s\u0131cakl\u0131k, nem ve di\u011fer \u00e7evresel fakt\u00f6rlerde belirgin de\u011fi\u015fiklikler meydana gelir. Bu de\u011fi\u015fimler, v\u00fccut \u00fczerinde \u00e7e\u015fitli etkilere neden olabilir ve sa\u011fl\u0131\u011f\u0131 olumsuz y\u00f6nde etkileyebilir. Dolay\u0131s\u0131yla, mevsim ge\u00e7i\u015flerinde sa\u011fl\u0131\u011fa dikkat etmek \u00f6nemlidir. \u00d6ncelikle, mevsim ge\u00e7i\u015flerinde ba\u011f\u0131\u015f\u0131kl\u0131k sisteminin zay\u0131flamas\u0131yla ili\u015fkilendirilen hastal\u0131klara kar\u015f\u0131 \u00f6nlem almak gerekebilir. \u00d6zellikle k\u0131\u015f ve ilkbahar aylar\u0131nda s\u0131k\u00e7a g\u00f6r\u00fclen grip ve so\u011fuk alg\u0131nl\u0131\u011f\u0131 gibi enfeksiyonlar, mevsim ge\u00e7i\u015flerinde artabilir. Bu nedenle, ellerin s\u0131k s\u0131k y\u0131kanmas\u0131, sa\u011fl\u0131kl\u0131 beslenme al\u0131\u015fkanl\u0131klar\u0131n\u0131n s\u00fcrd\u00fcr\u00fclmesi ve d\u00fczenli egzersiz yap\u0131lmas\u0131 gibi \u00f6nlemler al\u0131narak ba\u011f\u0131\u015f\u0131kl\u0131k sistemi desteklenebilir. Ayr\u0131ca, mevsim ge\u00e7i\u015flerinde hava ko\u015fullar\u0131ndaki de\u011fi\u015fikliklerin etkisiyle ortaya \u00e7\u0131kabilen alerjik reaksiyonlara kar\u015f\u0131 da dikkatli olunmal\u0131d\u0131r. \u00d6zellikle bahar aylar\u0131nda polenlerin artmas\u0131yla birlikte alerji semptomlar\u0131 daha belirgin hale gelebilir. Bu durumda, alerjiye neden olan maddelerden ka\u00e7\u0131nmak veya uygun tedavilerle semptomlar\u0131n kontrol alt\u0131na al\u0131nmas\u0131 \u00f6nemlidir. Mevsim ge\u00e7i\u015flerinde hava ko\u015fullar\u0131ndaki de\u011fi\u015fimler, baz\u0131 ki\u015filerde ruh halinde ve enerji d\u00fczeylerinde dalgalanmalara neden olabilir. \u00d6zellikle k\u0131\u015f aylar\u0131nda g\u00f6r\u00fclen depresyon ve mevsimsel duygu durum bozuklu\u011fu gibi durumlar, mevsim ge\u00e7i\u015flerinde artabilir. Bu durumda, d\u00fczenli egzersiz, yeterli uyku ve sosyal destek gibi \u00f6nlemler al\u0131narak ruh sa\u011fl\u0131\u011f\u0131n\u0131n korunmas\u0131 \u00f6nemlidir.<\/p>\n\n\n\n<p>ESRA \u0130\u00c7G\u00d6Z<\/p>\n","protected":false},"excerpt":{"rendered":"<p>G\u00fcnayd\u0131n g\u00fczel insanlar\u2026Biliyorsunuz ki mevsim ge\u00e7i\u015fleri, do\u011fan\u0131n d\u00f6ng\u00fcs\u00fcnde ger\u00e7ekle\u015fen do\u011fal ve belirgin de\u011fi\u015fimlerdir. Bu d\u00f6nemlerde hava ko\u015fullar\u0131, s\u0131cakl\u0131k, nem ve di\u011fer \u00e7evresel fakt\u00f6rlerde belirgin de\u011fi\u015fiklikler <a href=\"https:\/\/akdenizhaber.com.tr\/index.php\/2024\/04\/20\/mevsim-gecisleri-2\/\" class=\"read-more-link\">[more&#8230;]<\/a><\/p>\n","protected":false},"author":2,"featured_media":22483,"comment_status":"open","ping_status":"open","sticky":false,"template":"","format":"standard","meta":{"footnotes":""},"categories":[2],"tags":[],"class_list":["post-22790","post","type-post","status-publish","format-standard","has-post-thumbnail","hentry","category-gundem"],"_links":{"self":[{"href":"https:\/\/akdenizhaber.com.tr\/index.php\/wp-json\/wp\/v2\/posts\/22790","targetHints":{"allow":["GET"]}}],"collection":[{"href":"https:\/\/akdenizhaber.com.tr\/index.php\/wp-json\/wp\/v2\/posts"}],"about":[{"href":"https:\/\/akdenizhaber.com.tr\/index.php\/wp-json\/wp\/v2\/types\/post"}],"author":[{"embeddable":true,"href":"https:\/\/akdenizhaber.com.tr\/index.php\/wp-json\/wp\/v2\/users\/2"}],"replies":[{"embeddable":true,"href":"https:\/\/akdenizhaber.com.tr\/index.php\/wp-json\/wp\/v2\/comments?post=22790"}],"version-history":[{"count":1,"href":"https:\/\/akdenizhaber.com.tr\/index.php\/wp-json\/wp\/v2\/posts\/22790\/revisions"}],"predecessor-version":[{"id":22791,"href":"https:\/\/akdenizhaber.com.tr\/index.php\/wp-json\/wp\/v2\/posts\/22790\/revisions\/22791"}],"wp:featuredmedia":[{"embeddable":true,"href":"https:\/\/akdenizhaber.com.tr\/index.php\/wp-json\/wp\/v2\/media\/22483"}],"wp:attachment":[{"href":"https:\/\/akdenizhaber.com.tr\/index.php\/wp-json\/wp\/v2\/media?parent=22790"}],"wp:term":[{"taxonomy":"category","embeddable":true,"href":"https:\/\/akdenizhaber.com.tr\/index.php\/wp-json\/wp\/v2\/categories?post=22790"},{"taxonomy":"post_tag","embeddable":true,"href":"https:\/\/akdenizhaber.com.tr\/index.php\/wp-json\/wp\/v2\/tags?post=22790"}],"curies":[{"name":"wp","href":"https:\/\/api.w.org\/{rel}","templated":true}]}}