{"id":22787,"date":"2024-04-20T11:58:10","date_gmt":"2024-04-20T08:58:10","guid":{"rendered":"https:\/\/akdenizhaber.com.tr\/?p=22787"},"modified":"2024-04-20T11:58:10","modified_gmt":"2024-04-20T08:58:10","slug":"dunya-cocuklari-antalya-buyuksehir-belediyesini-ziyaret-etti","status":"publish","type":"post","link":"https:\/\/akdenizhaber.com.tr\/index.php\/2024\/04\/20\/dunya-cocuklari-antalya-buyuksehir-belediyesini-ziyaret-etti\/","title":{"rendered":"D\u00fcnya \u00e7ocuklar\u0131 Antalya B\u00fcy\u00fck\u015fehir Belediyesi\u2019ni ziyaret etti"},"content":{"rendered":"\n<p>Antalya B\u00fcy\u00fck\u015fehir Belediyesi\u2019nin d\u00fczenledi\u011fi \u00c7ocuk ve U\u00e7urtma \u015eenli\u011fi kapsam\u0131nda Antalya\u2019ya gelen konuk \u00fclke \u00e7ocuklar\u0131, B\u00fcy\u00fck\u015fehir Belediyesi Genel Sekreteri Cansel Tuncer\u2019i ziyaret etti.<\/p>\n\n\n\n<p>Antalya B\u00fcy\u00fck\u015fehir Belediyesi Genel Sekreteri Cansel Tuncer, 23 Nisan Ulusal Egemenlik ve \u00c7ocuk Bayram\u0131 i\u00e7in 15 \u00fclkeden Antalya&#8217;ya gelen konuk \u00fclke \u00e7ocuklar\u0131n\u0131 misafir etti.Azerbaycan, G\u00fcrcistan, Kazakistan, Endonezya, Tataristan, Romanya, Estonya, \u00d6zbekistan, Litvanya, K\u0131rg\u0131zistan, Polonya ve T\u00fcrkiye\u2019dengelen d\u00fcnya \u00e7ocuklar\u0131n\u0131 a\u011f\u0131rlayan Genel Sekreter Cansel Tuncer, \u00e7ocuklar\u0131n bayram\u0131n\u0131 kutlayarak etkinlikler hakk\u0131nda bilgi verdi.<\/p>\n\n\n\n<p>23 N\u0130SAN T\u00dcM D\u00dcNYA \u00c7OCUKLARININ BAYRAMI<\/p>\n\n\n\n<p>23 Nisan&#8217;\u0131n yaln\u0131zca T\u00fcrkiye&#8217;nin de\u011fil, t\u00fcm d\u00fcnya \u00e7ocuklar\u0131n\u0131n bayram\u0131 oldu\u011funu aktaran Tuncer, \u201cUlu \u00d6nderimiz Gazi Mustafa Kemal Atat\u00fcrk\u2019\u00fcn t\u00fcm d\u00fcnya \u00e7ocuklar\u0131na arma\u011fan etti\u011fi bu anlaml\u0131 bayramda bizlerle birlikte oldu\u011funuz i\u00e7in te\u015fekk\u00fcr ediyoruz.B\u00fcy\u00fck\u015fehir Belediye Ba\u015fkan\u0131m\u0131z Muhittin B\u00f6cek ad\u0131na sizleri a\u011f\u0131rlamaktan b\u00fcy\u00fck memnuniyet duyuyorum.<\/p>\n\n\n\n<p>Antalya B\u00fcy\u00fck\u015fehir Belediyesi olarak, 23 Nisan Ulusal Egemenlik ve \u00c7ocuk Bayram\u0131&#8217;n\u0131 co\u015fkuyla kutlamak i\u00e7in muhte\u015fem bir etkinlik program\u0131 haz\u0131rlad\u0131k. Bug\u00fcn Sevgi Korteji ile ba\u015flayacak kutlamalar ile 19-23 Nisan tarihleri aras\u0131nda \u00e7ocuklar\u0131n doya doya e\u011flenebilmesi i\u00e7in m\u00fczik ve dans g\u00f6sterileri, yar\u0131\u015fmalar ve pek \u00e7ok etkinlik d\u00fczenlenecek.15 ayr\u0131 \u00fclkeden Antalya\u2019m\u0131za gelerek bayrama kat\u0131lan 500 konuk \u00e7ocu\u011fun unutulmaz hat\u0131ralarla evine d\u00f6nece\u011fine inan\u0131yorum\u2019 diye konu\u015ftu.<\/p>\n\n\n\n<p>Ziyaret sonunda misafir \u00e7ocuklarla hediye al\u0131\u015fveri\u015finde bulunuldu. Konuk \u00fclke \u00e7ocuklar\u0131 \u00fclkelerinden getirdikleri birbirinden farkl\u0131 objeleri hediye ederken Antalya B\u00fcy\u00fck\u015fehir Belediye Genel Sekteri Cansel Tuncer \u00e7ocuklarla hat\u0131ra foto\u011fraf\u0131 \u00e7ektirdi.<\/p>\n\n\n\n<p>Antalya B\u00fcy\u00fck\u015fehir Belediyesi \/ B\u00fclten<\/p>\n","protected":false},"excerpt":{"rendered":"<p>Antalya B\u00fcy\u00fck\u015fehir Belediyesi\u2019nin d\u00fczenledi\u011fi \u00c7ocuk ve U\u00e7urtma \u015eenli\u011fi kapsam\u0131nda Antalya\u2019ya gelen konuk \u00fclke \u00e7ocuklar\u0131, B\u00fcy\u00fck\u015fehir Belediyesi Genel Sekreteri Cansel Tuncer\u2019i ziyaret etti. Antalya B\u00fcy\u00fck\u015fehir Belediyesi <a href=\"https:\/\/akdenizhaber.com.tr\/index.php\/2024\/04\/20\/dunya-cocuklari-antalya-buyuksehir-belediyesini-ziyaret-etti\/\" class=\"read-more-link\">[more&#8230;]<\/a><\/p>\n","protected":false},"author":2,"featured_media":22788,"comment_status":"open","ping_status":"open","sticky":false,"template":"","format":"standard","meta":{"footnotes":""},"categories":[2],"tags":[],"class_list":["post-22787","post","type-post","status-publish","format-standard","has-post-thumbnail","hentry","category-gundem"],"_links":{"self":[{"href":"https:\/\/akdenizhaber.com.tr\/index.php\/wp-json\/wp\/v2\/posts\/22787","targetHints":{"allow":["GET"]}}],"collection":[{"href":"https:\/\/akdenizhaber.com.tr\/index.php\/wp-json\/wp\/v2\/posts"}],"about":[{"href":"https:\/\/akdenizhaber.com.tr\/index.php\/wp-json\/wp\/v2\/types\/post"}],"author":[{"embeddable":true,"href":"https:\/\/akdenizhaber.com.tr\/index.php\/wp-json\/wp\/v2\/users\/2"}],"replies":[{"embeddable":true,"href":"https:\/\/akdenizhaber.com.tr\/index.php\/wp-json\/wp\/v2\/comments?post=22787"}],"version-history":[{"count":1,"href":"https:\/\/akdenizhaber.com.tr\/index.php\/wp-json\/wp\/v2\/posts\/22787\/revisions"}],"predecessor-version":[{"id":22789,"href":"https:\/\/akdenizhaber.com.tr\/index.php\/wp-json\/wp\/v2\/posts\/22787\/revisions\/22789"}],"wp:featuredmedia":[{"embeddable":true,"href":"https:\/\/akdenizhaber.com.tr\/index.php\/wp-json\/wp\/v2\/media\/22788"}],"wp:attachment":[{"href":"https:\/\/akdenizhaber.com.tr\/index.php\/wp-json\/wp\/v2\/media?parent=22787"}],"wp:term":[{"taxonomy":"category","embeddable":true,"href":"https:\/\/akdenizhaber.com.tr\/index.php\/wp-json\/wp\/v2\/categories?post=22787"},{"taxonomy":"post_tag","embeddable":true,"href":"https:\/\/akdenizhaber.com.tr\/index.php\/wp-json\/wp\/v2\/tags?post=22787"}],"curies":[{"name":"wp","href":"https:\/\/api.w.org\/{rel}","templated":true}]}}