{"id":22784,"date":"2024-04-20T11:57:09","date_gmt":"2024-04-20T08:57:09","guid":{"rendered":"https:\/\/akdenizhaber.com.tr\/?p=22784"},"modified":"2024-04-20T11:57:10","modified_gmt":"2024-04-20T08:57:10","slug":"antalya-dogal-yasam-parkinda-yeni-yavru-bereketi","status":"publish","type":"post","link":"https:\/\/akdenizhaber.com.tr\/index.php\/2024\/04\/20\/antalya-dogal-yasam-parkinda-yeni-yavru-bereketi\/","title":{"rendered":"Antalya Do\u011fal Ya\u015fam Park\u0131nda, yeni yavru bereketi"},"content":{"rendered":"\n<p>Antalya B\u00fcy\u00fck\u015fehir Belediyesi Do\u011fal Ya\u015fam Park\u0131, bahar\u0131n gelmesiyle birlikte sevince bo\u011fuldu. Parkta, lemur, ke\u00e7i, geyik, koyun gibi \u00e7e\u015fitli t\u00fcrlerden yeni yavrular d\u00fcnyaya geldi. Yeni yavrularla co\u015fkulu bir bahar ya\u015fayan Do\u011fal Ya\u015fam Park\u0131\u2019na 23 Nisan Ulusal Egemenlik ve \u00c7ocuk Bayram\u0131\u2019nda giri\u015fler \u00fccretsiz olacak.<\/p>\n\n\n\n<p>Antalya Do\u011fal Ya\u015fam Park\u0131, do\u011fan\u0131n ve hayvanlar\u0131n korunmas\u0131 ad\u0131na \u00f6nemli bir merkez olmaya devam ediyor. Do\u011fal ya\u015fam alanlar\u0131nda \u00f6zg\u00fcrce dola\u015fan 1400&#8217;den fazla hayvan\u0131 bar\u0131nd\u0131ran park, 127 farkl\u0131 t\u00fcre ev sahipli\u011fi yap\u0131yor. Her y\u0131l y\u00fcz binlerce ziyaret\u00e7iyi a\u011f\u0131rlayan Do\u011fal Ya\u015fam Park\u0131\u2019nda bahar mevsiminin de habercisi olan do\u011fumlar ba\u015flad\u0131.Do\u011fal Ya\u015fam Park\u0131 \u015eube M\u00fcd\u00fcr\u00fc Dr. Ayg\u00fcl Arsun, yeni do\u011fumlarla park\u0131n ne\u015fesinin ve co\u015fkusunun artt\u0131\u011f\u0131n\u0131 belirtti.<\/p>\n\n\n\n<p>YAVRU BEREKET\u0130<\/p>\n\n\n\n<p>\u00d6zellikle \u00e7ocuklar\u0131n ilgisini \u00e7eken kuyruklu lemurlardan \u00fc\u00e7 yeni yavrunun do\u011fdu\u011funu belirten Arsun, &#8220;Yavrular bir ayl\u0131k oldular ve anne s\u0131rt\u0131nda zamanlar\u0131n\u0131 ge\u00e7iriyorlar. Baz\u0131lar\u0131 a\u011fa\u00e7lara t\u0131rmanarak kendilerini deniyorlar, bir \u00e7ocuk gibi oynuyorlar&#8221; dedi.<\/p>\n\n\n\n<p>Ayr\u0131ca, parkta di\u011fer t\u00fcrlerden de yavrular\u0131n oldu\u011funu belirten Arsun, &#8220;Ceylanlar\u0131m\u0131zda yavrulama ba\u015flad\u0131. Da\u011f ke\u00e7ileri, geyikler, koyunlar ve kuzular hepsi yavrulad\u0131. Rakunlar\u0131m\u0131z\u0131n da yeni yavrular\u0131 var. \u0130lkbahar\u0131n sonlar\u0131na do\u011fru do\u011facak yavrular\u0131m\u0131zvar. Baharla birlikte \u00fcreme patlamas\u0131 ya\u015f\u0131yoruz&#8221; diye konu\u015ftu.<\/p>\n\n\n\n<p>T\u00dcM \u00c7OCUKLAR DAVETL\u0130<\/p>\n\n\n\n<p>Arsun, \u00f6zellikle 23 Nisan Ulusal Egemenlik ve \u00c7ocuk Bayram\u0131 \u00f6ncesine denk gelen bu g\u00fczel haberle ziyaret\u00e7ilere bir de m\u00fcjde verdi. Giri\u015flerin 23 Nisan&#8217;da \u00fccretsiz olaca\u011f\u0131n\u0131 belirten Arsun, t\u00fcm \u00e7ocuklar\u0131 ve ailelerini park\u0131 ziyaret etmeye davet etti.<\/p>\n\n\n\n<p>Antalya B\u00fcy\u00fck\u015fehir Belediyesi \/ B\u00fclten<\/p>\n","protected":false},"excerpt":{"rendered":"<p>Antalya B\u00fcy\u00fck\u015fehir Belediyesi Do\u011fal Ya\u015fam Park\u0131, bahar\u0131n gelmesiyle birlikte sevince bo\u011fuldu. Parkta, lemur, ke\u00e7i, geyik, koyun gibi \u00e7e\u015fitli t\u00fcrlerden yeni yavrular d\u00fcnyaya geldi. Yeni yavrularla <a href=\"https:\/\/akdenizhaber.com.tr\/index.php\/2024\/04\/20\/antalya-dogal-yasam-parkinda-yeni-yavru-bereketi\/\" class=\"read-more-link\">[more&#8230;]<\/a><\/p>\n","protected":false},"author":2,"featured_media":22785,"comment_status":"open","ping_status":"open","sticky":false,"template":"","format":"standard","meta":{"footnotes":""},"categories":[2],"tags":[],"class_list":["post-22784","post","type-post","status-publish","format-standard","has-post-thumbnail","hentry","category-gundem"],"_links":{"self":[{"href":"https:\/\/akdenizhaber.com.tr\/index.php\/wp-json\/wp\/v2\/posts\/22784","targetHints":{"allow":["GET"]}}],"collection":[{"href":"https:\/\/akdenizhaber.com.tr\/index.php\/wp-json\/wp\/v2\/posts"}],"about":[{"href":"https:\/\/akdenizhaber.com.tr\/index.php\/wp-json\/wp\/v2\/types\/post"}],"author":[{"embeddable":true,"href":"https:\/\/akdenizhaber.com.tr\/index.php\/wp-json\/wp\/v2\/users\/2"}],"replies":[{"embeddable":true,"href":"https:\/\/akdenizhaber.com.tr\/index.php\/wp-json\/wp\/v2\/comments?post=22784"}],"version-history":[{"count":1,"href":"https:\/\/akdenizhaber.com.tr\/index.php\/wp-json\/wp\/v2\/posts\/22784\/revisions"}],"predecessor-version":[{"id":22786,"href":"https:\/\/akdenizhaber.com.tr\/index.php\/wp-json\/wp\/v2\/posts\/22784\/revisions\/22786"}],"wp:featuredmedia":[{"embeddable":true,"href":"https:\/\/akdenizhaber.com.tr\/index.php\/wp-json\/wp\/v2\/media\/22785"}],"wp:attachment":[{"href":"https:\/\/akdenizhaber.com.tr\/index.php\/wp-json\/wp\/v2\/media?parent=22784"}],"wp:term":[{"taxonomy":"category","embeddable":true,"href":"https:\/\/akdenizhaber.com.tr\/index.php\/wp-json\/wp\/v2\/categories?post=22784"},{"taxonomy":"post_tag","embeddable":true,"href":"https:\/\/akdenizhaber.com.tr\/index.php\/wp-json\/wp\/v2\/tags?post=22784"}],"curies":[{"name":"wp","href":"https:\/\/api.w.org\/{rel}","templated":true}]}}