{"id":22781,"date":"2024-04-20T11:56:13","date_gmt":"2024-04-20T08:56:13","guid":{"rendered":"https:\/\/akdenizhaber.com.tr\/?p=22781"},"modified":"2024-04-20T11:56:14","modified_gmt":"2024-04-20T08:56:14","slug":"akdeniz-universitesinde-bilimsel-basarilar-odullendirildi","status":"publish","type":"post","link":"https:\/\/akdenizhaber.com.tr\/index.php\/2024\/04\/20\/akdeniz-universitesinde-bilimsel-basarilar-odullendirildi\/","title":{"rendered":"Akdeniz \u00dcniversitesi\u2019nde Bilimsel Ba\u015far\u0131lar \u00d6d\u00fcllendirildi"},"content":{"rendered":"\n<p>Akdeniz \u00dcniversitesi\u2019nde, \u00fcst\u00fcn performans g\u00f6steren \u00f6\u011fretim \u00fcyelerine te\u015fekk\u00fcr belgesi verildi. Rekt\u00f6r Prof. Dr. \u00d6zlenen \u00d6zkan, yay\u0131n say\u0131s\u0131ndaki art\u0131\u015f\u0131n Ara\u015ft\u0131rma \u00dcniversitesi olma hedefi i\u00e7in \u00f6nemini vurgulad\u0131.<\/p>\n\n\n\n<p>Akdeniz \u00dcniversitesi\u2019nde, bilimsel ara\u015ft\u0131rma ve yay\u0131nlarda \u00fcst\u00fcn performans g\u00f6steren \u00f6\u011fretim \u00fcyelerinin ba\u015far\u0131lar\u0131 Senato Salonu\u2019nda d\u00fczenlenen t\u00f6renle kutland\u0131. \u00dcst\u00fcn performans g\u00f6steren \u00f6\u011fretim \u00fcyeleri te\u015fekk\u00fcr belgelerini Akdeniz \u00dcniversitesi Rekt\u00f6r\u00fc Prof. Dr. \u00d6zlenen \u00d6zkan\u2019\u0131n ellerinden ald\u0131.D\u00fczenlenen t\u00f6rene Akdeniz \u00dcniversitesi Rekt\u00f6r\u00fc Prof. Dr. \u00d6zlenen \u00d6zkan\u2019\u0131n yan\u0131 s\u0131ra Rekt\u00f6r Yard\u0131mc\u0131lar\u0131 Prof. Dr. \u015e\u00fckr\u00fc \u00d6zen, Prof. Dr. Ay\u015fe G\u00fclbin Ar\u0131c\u0131, Prof. Dr. Cengiz Toker ve \u00fcst\u00fcn performans g\u00f6steren \u00f6\u011fretim \u00fcyeleri kat\u0131ld\u0131.<\/p>\n\n\n\n<p>EN \u00c7OK YAYIN SAYISI VE H-\u0130NDEX\u2019E G\u00d6RE BA\u015eARI SIRALAMASI ESAS ALINDI<\/p>\n\n\n\n<p>Sa\u011fl\u0131k Bilimleri, Ziraat, M\u00fchendislik, Fen Bilimleri ve Su \u00dcr\u00fcnleri, Sosyal, Be\u015feri ve \u0130dari Bilimler, E\u011fitim Bilimleri, Spor Bilimleri ve Mimarl\u0131k, Planlama ve Tasar\u0131m Temel Alanlar\u0131ndakiH-index\u2019e g\u00f6re en ba\u015far\u0131l\u0131 s\u0131ralamaya sahip \u00f6\u011fretim \u00fcyeleri, SCI-E dergilerdeki yay\u0131n say\u0131lar\u0131na g\u00f6re ba\u015far\u0131 s\u0131ralamas\u0131 en y\u00fcksek olan \u00f6\u011fretim \u00fcyeleri ile Hukuk, \u0130lahiyat ve G\u00fczel Sanatlar Temel Alanlar\u0131ndaki yay\u0131n say\u0131s\u0131 en y\u00fcksek \u00f6\u011fretim \u00fcyelerine Rekt\u00f6r \u00d6zkan taraf\u0131ndan te\u015fekk\u00fcr belgeleri takdim edildi.<\/p>\n\n\n\n<p>ATTI\u011eIMIZ ADIMLARIN OLUMLU SONU\u00c7LARINI G\u00d6R\u00dcYORUZ<\/p>\n\n\n\n<p>Akdeniz \u00dcniversitesi\u2019nin bilimsel geli\u015fimine katk\u0131da bulunan \u00f6\u011fretim \u00fcyelerinin bir araya geldi\u011fi t\u00f6rende konu\u015fan Rekt\u00f6r \u00d6zkan, g\u00f6reve geldi\u011fi ilk g\u00fcnden itibaren \u00e7\u0131kt\u0131 odakl\u0131, katma de\u011fer sa\u011flayacak, nitelikli bilimsel \u00e7al\u0131\u015fmalar\u0131n \u00fcretilmesine b\u00fcy\u00fck \u00f6nem verdi\u011fini vurgulayarak, \u201cBu do\u011frultuda, bilimsel ara\u015ft\u0131rma projeleri y\u00f6nergeleri, atama y\u00fckseltme kriterleri ve stratejik plan g\u00fcncellendi ve bilimsel \u00fcretimi te\u015fvik eden bir sistem olu\u015fturuldu. Bug\u00fcn, att\u0131\u011f\u0131m\u0131z ad\u0131mlar\u0131n olumlu sonu\u00e7lar\u0131n\u0131 g\u00f6rmenin mutlulu\u011funu ya\u015f\u0131yoruz. \u00dcniversitemizin uluslararas\u0131 i\u015f birli\u011fiyle ger\u00e7ekle\u015ftirilen SCI yay\u0131n say\u0131s\u0131n\u0131n 1420\u2019ye y\u00fckseldi\u011fi ve Q1 ve Q2 dergilerdeki yay\u0131n ortalamas\u0131n\u0131n %75\u2019e \u00e7\u0131kt\u0131\u011f\u0131na hep birlikte \u015fahitlik ediyoruz. Uluslararas\u0131 i\u015f birli\u011fiyle yap\u0131lan yay\u0131n say\u0131s\u0131n\u0131n %25\u2019e ula\u015ft\u0131\u011f\u0131n\u0131 g\u00f6rmek de bizleri ayr\u0131ca memnun etti.\u201d diye konu\u015ftu.<\/p>\n\n\n\n<p>ARA\u015eTIRMA \u00dcN\u0130VERS\u0130TES\u0130 OLMA HEDEF\u0130NE \u0130NAN\u00c7LA&nbsp;\u0130LERL\u0130YORUZ<\/p>\n\n\n\n<p>Yay\u0131n say\u0131s\u0131ndaki art\u0131\u015f\u0131n Akdeniz \u00dcniversitesi\u2019nin Ara\u015ft\u0131rma \u00dcniversitesi olma hedefine g\u00fc\u00e7 verdi\u011fini vurgulayan Rekt\u00f6r Prof. Dr. \u00d6zlenen \u00d6zkan, \u201cGe\u00e7ti\u011fimiz y\u0131l Y\u00fcksek\u00f6\u011fretim Kurulu\u2019nun ba\u015flatt\u0131\u011f\u0131 \u2018Ara\u015ft\u0131rma \u00dcniversiteleri\u2019 uygulamas\u0131 kapsam\u0131nda aday izleme program\u0131na dahil edilen 6 \u00fcniversiteden biri olduk. \u00d6\u011fretim \u00fcyelerimizin \u00f6zverileri ve emekleriyle 2 y\u0131l i\u00e7inde Ara\u015ft\u0131rma \u00dcniversitesi olma hedefine ula\u015faca\u011f\u0131m\u0131za y\u00fcrekten inan\u0131yorum.\u201d ifadelerini kulland\u0131.<\/p>\n\n\n\n<p>Akdeniz \u00dcniversitesi Rekt\u00f6rl\u00fc\u011f\u00fc \/ B\u00fclten<\/p>\n","protected":false},"excerpt":{"rendered":"<p>Akdeniz \u00dcniversitesi\u2019nde, \u00fcst\u00fcn performans g\u00f6steren \u00f6\u011fretim \u00fcyelerine te\u015fekk\u00fcr belgesi verildi. Rekt\u00f6r Prof. Dr. \u00d6zlenen \u00d6zkan, yay\u0131n say\u0131s\u0131ndaki art\u0131\u015f\u0131n Ara\u015ft\u0131rma \u00dcniversitesi olma hedefi i\u00e7in \u00f6nemini vurgulad\u0131. <a href=\"https:\/\/akdenizhaber.com.tr\/index.php\/2024\/04\/20\/akdeniz-universitesinde-bilimsel-basarilar-odullendirildi\/\" class=\"read-more-link\">[more&#8230;]<\/a><\/p>\n","protected":false},"author":2,"featured_media":22782,"comment_status":"open","ping_status":"open","sticky":false,"template":"","format":"standard","meta":{"footnotes":""},"categories":[2],"tags":[],"class_list":["post-22781","post","type-post","status-publish","format-standard","has-post-thumbnail","hentry","category-gundem"],"_links":{"self":[{"href":"https:\/\/akdenizhaber.com.tr\/index.php\/wp-json\/wp\/v2\/posts\/22781","targetHints":{"allow":["GET"]}}],"collection":[{"href":"https:\/\/akdenizhaber.com.tr\/index.php\/wp-json\/wp\/v2\/posts"}],"about":[{"href":"https:\/\/akdenizhaber.com.tr\/index.php\/wp-json\/wp\/v2\/types\/post"}],"author":[{"embeddable":true,"href":"https:\/\/akdenizhaber.com.tr\/index.php\/wp-json\/wp\/v2\/users\/2"}],"replies":[{"embeddable":true,"href":"https:\/\/akdenizhaber.com.tr\/index.php\/wp-json\/wp\/v2\/comments?post=22781"}],"version-history":[{"count":1,"href":"https:\/\/akdenizhaber.com.tr\/index.php\/wp-json\/wp\/v2\/posts\/22781\/revisions"}],"predecessor-version":[{"id":22783,"href":"https:\/\/akdenizhaber.com.tr\/index.php\/wp-json\/wp\/v2\/posts\/22781\/revisions\/22783"}],"wp:featuredmedia":[{"embeddable":true,"href":"https:\/\/akdenizhaber.com.tr\/index.php\/wp-json\/wp\/v2\/media\/22782"}],"wp:attachment":[{"href":"https:\/\/akdenizhaber.com.tr\/index.php\/wp-json\/wp\/v2\/media?parent=22781"}],"wp:term":[{"taxonomy":"category","embeddable":true,"href":"https:\/\/akdenizhaber.com.tr\/index.php\/wp-json\/wp\/v2\/categories?post=22781"},{"taxonomy":"post_tag","embeddable":true,"href":"https:\/\/akdenizhaber.com.tr\/index.php\/wp-json\/wp\/v2\/tags?post=22781"}],"curies":[{"name":"wp","href":"https:\/\/api.w.org\/{rel}","templated":true}]}}