{"id":22778,"date":"2024-04-20T11:55:32","date_gmt":"2024-04-20T08:55:32","guid":{"rendered":"https:\/\/akdenizhaber.com.tr\/?p=22778"},"modified":"2024-04-20T11:55:33","modified_gmt":"2024-04-20T08:55:33","slug":"bahar-2024-yilini-ovp-tahmininden-daha-iyi-bir-duzeyde-tamamlayacagiz","status":"publish","type":"post","link":"https:\/\/akdenizhaber.com.tr\/index.php\/2024\/04\/20\/bahar-2024-yilini-ovp-tahmininden-daha-iyi-bir-duzeyde-tamamlayacagiz\/","title":{"rendered":"Bahar; \u20182024 Y\u0131l\u0131n\u0131 OVP Tahmininden Daha \u0130yi Bir D\u00fczeyde Tamamlayaca\u011f\u0131z\u2019"},"content":{"rendered":"\n<p><strong>Merkez Bankas\u0131 taraf\u0131ndan a\u00e7\u0131klanan \u00f6demeler dengesi istatistiklerine ili\u015fkin a\u00e7\u0131klama yapan ATSO Y\u00f6netim Kurulu Ba\u015fkan\u0131 Ali Bahar, \u201c2024 y\u0131l\u0131na ise \u00e7ok h\u0131zl\u0131 bir ba\u015flang\u0131\u00e7 yaparak ilk 2 ayl\u0131k d\u00f6nemde gelen turist say\u0131m\u0131z\u0131 ge\u00e7en y\u0131la g\u00f6re y\u00fczde 10 art\u0131rd\u0131k. Bu da g\u00f6steriyor ki Antalya olarak \u00fclkemizin cari a\u00e7\u0131\u011f\u0131na turizm ba\u015fta olmak \u00fczere t\u00fcm sekt\u00f6rlerimiz ile pozitif katk\u0131 sunmaya devam edece\u011fiz\u201d dedi.<\/strong><\/p>\n\n\n\n<p>Antalya Ticaret ve Sanayi Odas\u0131 (ATSO) Y\u00f6netim Kurulu Ba\u015fkan\u0131 Ali Bahar, T\u00fcrkiye Cumhuriyet Merkez Bankas\u0131 (TCMB) taraf\u0131ndan a\u00e7\u0131klanan \u00f6demeler dengesi istatistiklerine ili\u015fkin a\u00e7\u0131klamada bulundu. Cari dengenin \u015eubat ay\u0131nda 3,3 milyar dolar a\u00e7\u0131k verdi\u011fini ifade eden Ba\u015fkan Bahar, son 19 ay\u0131n en d\u00fc\u015f\u00fck cari a\u00e7\u0131k d\u00fczeyi oldu\u011funu kaydetti. 2024 y\u0131l\u0131n\u0131n Orta Vadeli Program (OVP) tahminlerinden daha iyi bir d\u00fczeyde tamamlanaca\u011f\u0131n\u0131 belirten ATSO Ba\u015fkan\u0131 Bahar s\u00f6zlerini \u015f\u00f6yle s\u00fcrd\u00fcrd\u00fc; \u201cBir \u00f6nceki y\u0131l\u0131n ayn\u0131 ay\u0131nda 9 milyar dolar olan cari a\u00e7\u0131k bu y\u0131l \u015eubat ay\u0131nda 3,3 milyar dolar d\u00fczeyine gerilerken, y\u0131ll\u0131kland\u0131r\u0131lm\u0131\u015f cari a\u00e7\u0131k 2024 \u015eubat ay\u0131 itibariyle 31,8 milyar dolar ile 2022 y\u0131l\u0131 Temmuz ay\u0131ndan bu yana en d\u00fc\u015f\u00fck seviyede ger\u00e7ekle\u015fti. B\u00f6ylelikle OVP\u2019de 34,7 milyar dolar olarak \u00f6n g\u00f6r\u00fclen 2024 y\u0131l\u0131 cari a\u00e7\u0131k ger\u00e7ekle\u015fme d\u00fczeyi, 2024 y\u0131l\u0131n\u0131 bu tahminin daha da alt\u0131nda bir a\u00e7\u0131kla tamamlayaca\u011f\u0131m\u0131z\u0131 g\u00f6steriyor.\u201d<\/p>\n\n\n\n<p><strong>ANTALYA\u2019NIN KATKISI B\u00dcY\u00dcK<\/strong><\/p>\n\n\n\n<p>\u00d6demeler Bilan\u00e7osu verilerinde hizmet ticareti dengesinin 2,4 milyar dolar, net seyahat gelirlerinin ise 2 milyar dolar fazla verdi\u011fini dile getiren Ba\u015fkan Bahar, \u201cBu fazlan\u0131n sa\u011flanmas\u0131nda Antalya\u2019n\u0131n b\u00fcy\u00fck bir katk\u0131s\u0131 oldu\u011funu biliyoruz. Antalya olarak 2023 y\u0131l\u0131n\u0131 16 milyonun \u00fczerinde rekor say\u0131da turist ile kapatt\u0131k. 2024 y\u0131l\u0131na ise \u00e7ok h\u0131zl\u0131 bir ba\u015flang\u0131\u00e7 yaparak ilk 2 ayl\u0131k d\u00f6nemde gelen turist say\u0131m\u0131z\u0131 ge\u00e7en y\u0131la g\u00f6re y\u00fczde 10 art\u0131rd\u0131k. Yaz d\u00f6nemi i\u00e7in de ciddi oranda rezervasyon art\u0131\u015flar\u0131 oldu\u011funu biliyoruz. Bu da g\u00f6steriyor ki Antalya olarak \u00fclkemizin cari a\u00e7\u0131\u011f\u0131na turizm ba\u015fta olmak \u00fczere t\u00fcm sekt\u00f6rlerimiz ile pozitif katk\u0131 sunmaya devam edece\u011fiz\u201d ifadelerini kulland\u0131.<\/p>\n\n\n\n<p><strong>CAR\u0130 DENGEDEK\u0130 \u0130Y\u0130LE\u015eME ENFLASYONDAK\u0130 D\u00dc\u015e\u00dc\u015eLE ANLAM KAZANACAK<\/strong><\/p>\n\n\n\n<p>Cari dengedeki iyile\u015fmeye ra\u011fmen hen\u00fcz i\u00e7 talepte belirgin bir yava\u015flama olmad\u0131\u011f\u0131n\u0131 kaydeden Ba\u015fkan Bahar \u201c\u015eubat ay\u0131 perakende sat\u0131\u015f endekslerinde ciddi bir y\u00fckseli\u015f g\u00f6rd\u00fck. Talepteki yava\u015flaman\u0131n May\u0131s ay\u0131ndan itibaren kendisini net bir bi\u00e7imde hissettirmesini bekliyoruz. \u0130\u00e7 talepteki yava\u015flama ile birlikte, bu y\u0131l asgari \u00fccrete ara zam yap\u0131lmayacak olmas\u0131 da Temmuz\u2019dan itibaren enflasyonun h\u0131zla gerileyece\u011fini g\u00f6stermektedir\u201d dedi. Y\u0131l\u0131n ikinci yar\u0131s\u0131nda ihracat ve ithalat performans\u0131n\u0131n ihracat lehine a\u00e7\u0131lmas\u0131n\u0131 beklediklerini dile getiren Bahar, \u201c2022 ve 2023 T\u00fcrkiye\u2019nin y\u00fcksek i\u00e7 taleple b\u00fcy\u00fcd\u00fc\u011f\u00fc y\u0131llard\u0131. 2024 ise net ihracat\u0131n b\u00fcy\u00fcmeye ciddi katk\u0131 verdi\u011fi bir y\u0131l olacak. Cari a\u00e7\u0131ktaki gerileme TCMB\u2019nin d\u00f6viz rezervi birikimine katk\u0131 sa\u011flayacakt\u0131r\u201d diye konu\u015ftu.<\/p>\n\n\n\n<p><strong>KAMUDA TASARRUF YASASI \u00c7OK \u00d6NEML\u0130 B\u0130R ADIMDIR<\/strong><\/p>\n\n\n\n<p>\u00dclkenin en b\u00fcy\u00fck ekonomik sorununun hala enflasyon oldu\u011funu ve \u00e7\u00f6z\u00fcm\u00fc i\u00e7in sab\u0131r gerekti\u011fini belirten ATSO Ba\u015fkan\u0131 Ali Bahar, \u201cSonbahara kadar enflasyonla m\u00fccadelede \u00f6nemli bir yol kat etmi\u015f olaca\u011f\u0131m\u0131z\u0131 d\u00fc\u015f\u00fcn\u00fcyoruz. Gerek i\u015f d\u00fcnyam\u0131z gerekse vatanda\u015flar\u0131m\u0131z bu konuda \u00fczerine d\u00fc\u015fen hassasiyeti g\u00f6stermi\u015flerdir, g\u00f6stermeye de devam edeceklerdir. Cumhurba\u015fkan\u0131 Yard\u0131mc\u0131m\u0131z Say\u0131n Cevdet Y\u0131lmaz\u2019\u0131n \u00f6nceki g\u00fcn yapt\u0131\u011f\u0131 \u201cKamuda Tasarruf Yasas\u0131na\u201d y\u00f6nelik a\u00e7\u0131klamalar\u0131, devletimizin enflasyon konusunu ne derece \u00f6nemsedi\u011fini fazlas\u0131yla g\u00f6stermektedir\u201d dedi.<\/p>\n\n\n\n<p>\u201cPara ve maliye politikalar\u0131n\u0131n asla tek ba\u015f\u0131na yeterli olmad\u0131\u011f\u0131n\u0131 ve mutlaka yap\u0131sal reformlar ile desteklenmesi gerekti\u011fini \u00e7ok defa dile getirdik\u201d diyerek s\u00f6zlerini s\u00fcrd\u00fcren Ba\u015fkan Ali Bahar, \u201cKamuda tasarruf ile birlikte verimlili\u011fin art\u0131r\u0131lmas\u0131na y\u00f6nelik \u00e7al\u0131\u015fmalar\u0131n k\u0131sa s\u00fcrede tamamlanmas\u0131 ve bir an \u00f6nce uygulamaya koyulmas\u0131 b\u00fcy\u00fck \u00f6nem arz etmektedir. Ancak tek ba\u015f\u0131na kamu harcamalar\u0131n\u0131n azalt\u0131lmas\u0131 yeterli olmayacakt\u0131r, bunun yan\u0131 s\u0131ra do\u011fru kayna\u011f\u0131n do\u011fru alanlara sevk edilmesi de yerinde bir karar olacakt\u0131r. \u00c7\u00fcnk\u00fc tasarruf yaln\u0131zca kayna\u011f\u0131 azaltmakla de\u011fil, verimin de art\u0131r\u0131lmas\u0131 ile anlam kazanacakt\u0131r. Bu vesile ile i\u015f d\u00fcnyas\u0131 olarak bu talebimizi de dile getirmi\u015f olal\u0131m. Bizler i\u015f insanlar\u0131 olarak elimizi ta\u015f\u0131n alt\u0131na koydu\u011fumuzu her f\u0131rsatta dile getirdik. \u015eimdi g\u00f6r\u00fcyoruz ki, bu sabr\u0131m\u0131z\u0131n meyvelerini yak\u0131n vadede almaya ba\u015flayaca\u011f\u0131m\u0131z, istikrar\u0131n ve \u00fclkemizin t\u00fcm dinamiklerinin uyum i\u00e7inde \u00e7al\u0131\u015ft\u0131\u011f\u0131 bir d\u00f6neme do\u011fru ilerliyoruz. Bu kararl\u0131l\u0131k ve azimle 2024 y\u0131l\u0131n\u0131 beklentilerin de \u00fczerinde iyi bir noktada tamamlayaca\u011f\u0131m\u0131za inanc\u0131m\u0131z tamd\u0131r\u201d ifadelerini kulland\u0131.<\/p>\n\n\n\n<p><strong>MART AYINDA YILLIK A\u00c7IK 30 M\u0130LYAR DOLARA GER\u0130LEYECEK<\/strong><\/p>\n\n\n\n<p>Mal dengesinin ge\u00e7en y\u0131l 10,5 milyar dolar a\u00e7\u0131k verdi\u011fini hat\u0131rlatan Ba\u015fkan Bahar, \u201cMal dengesi de ciddi bir gerileme kaydederek bu y\u0131l\u0131n \u015eubat ay\u0131nda 4,8 milyar dolara gerilemi\u015ftir. \u00d6demeler dengesi a\u00e7\u0131\u011f\u0131n\u0131n \u015eubat ay\u0131nda bir \u00f6nceki y\u0131l\u0131n ayn\u0131 ay\u0131na g\u00f6re 5,8 milyar dolar, Ocak \u2013 \u015eubat ay\u0131 toplam\u0131nda ise ge\u00e7en y\u0131la g\u00f6re 14 milyar dolar gerileme kaydetmi\u015ftir. Bu gerilemenin ihracat art\u0131\u015f\u0131na ek olarak ithalattaki yava\u015flama ile kaydedilmi\u015ftir. Bu da g\u00f6steriyor ki ithal ikameci \u00fcretim s\u00fcrecini ba\u015far\u0131 ile y\u00fcr\u00fct\u00fcyoruz. Bu politika zaten OVP ile de son derece uyumludur. \u00d6n\u00fcm\u00fczdeki d\u00f6nemde ithalatta daha h\u0131zl\u0131 bir azal\u0131\u015f ya\u015fanmas\u0131 durumunda hem cari a\u00e7\u0131k dengesi beklentilerin \u00fczerinde bir iyile\u015fme kaydedecektir\u201d diye konu\u015ftu.<\/p>\n\n\n\n<p>Antalya Ticaret ve Sanayi Odas\u0131 \/ B\u00fclten<\/p>\n","protected":false},"excerpt":{"rendered":"<p>Merkez Bankas\u0131 taraf\u0131ndan a\u00e7\u0131klanan \u00f6demeler dengesi istatistiklerine ili\u015fkin a\u00e7\u0131klama yapan ATSO Y\u00f6netim Kurulu Ba\u015fkan\u0131 Ali Bahar, \u201c2024 y\u0131l\u0131na ise \u00e7ok h\u0131zl\u0131 bir ba\u015flang\u0131\u00e7 yaparak ilk <a href=\"https:\/\/akdenizhaber.com.tr\/index.php\/2024\/04\/20\/bahar-2024-yilini-ovp-tahmininden-daha-iyi-bir-duzeyde-tamamlayacagiz\/\" class=\"read-more-link\">[more&#8230;]<\/a><\/p>\n","protected":false},"author":2,"featured_media":22779,"comment_status":"open","ping_status":"open","sticky":false,"template":"","format":"standard","meta":{"footnotes":""},"categories":[2],"tags":[],"class_list":["post-22778","post","type-post","status-publish","format-standard","has-post-thumbnail","hentry","category-gundem"],"_links":{"self":[{"href":"https:\/\/akdenizhaber.com.tr\/index.php\/wp-json\/wp\/v2\/posts\/22778","targetHints":{"allow":["GET"]}}],"collection":[{"href":"https:\/\/akdenizhaber.com.tr\/index.php\/wp-json\/wp\/v2\/posts"}],"about":[{"href":"https:\/\/akdenizhaber.com.tr\/index.php\/wp-json\/wp\/v2\/types\/post"}],"author":[{"embeddable":true,"href":"https:\/\/akdenizhaber.com.tr\/index.php\/wp-json\/wp\/v2\/users\/2"}],"replies":[{"embeddable":true,"href":"https:\/\/akdenizhaber.com.tr\/index.php\/wp-json\/wp\/v2\/comments?post=22778"}],"version-history":[{"count":1,"href":"https:\/\/akdenizhaber.com.tr\/index.php\/wp-json\/wp\/v2\/posts\/22778\/revisions"}],"predecessor-version":[{"id":22780,"href":"https:\/\/akdenizhaber.com.tr\/index.php\/wp-json\/wp\/v2\/posts\/22778\/revisions\/22780"}],"wp:featuredmedia":[{"embeddable":true,"href":"https:\/\/akdenizhaber.com.tr\/index.php\/wp-json\/wp\/v2\/media\/22779"}],"wp:attachment":[{"href":"https:\/\/akdenizhaber.com.tr\/index.php\/wp-json\/wp\/v2\/media?parent=22778"}],"wp:term":[{"taxonomy":"category","embeddable":true,"href":"https:\/\/akdenizhaber.com.tr\/index.php\/wp-json\/wp\/v2\/categories?post=22778"},{"taxonomy":"post_tag","embeddable":true,"href":"https:\/\/akdenizhaber.com.tr\/index.php\/wp-json\/wp\/v2\/tags?post=22778"}],"curies":[{"name":"wp","href":"https:\/\/api.w.org\/{rel}","templated":true}]}}