{"id":22775,"date":"2024-04-20T11:54:43","date_gmt":"2024-04-20T08:54:43","guid":{"rendered":"https:\/\/akdenizhaber.com.tr\/?p=22775"},"modified":"2024-04-20T11:54:44","modified_gmt":"2024-04-20T08:54:44","slug":"hayvancilara-coban-haritasi-destegi","status":"publish","type":"post","link":"https:\/\/akdenizhaber.com.tr\/index.php\/2024\/04\/20\/hayvancilara-coban-haritasi-destegi\/","title":{"rendered":"Hayvanc\u0131lara \u00c7oban Haritas\u0131 deste\u011fi"},"content":{"rendered":"\n<p>Antalya B\u00fcy\u00fck\u015fehir Belediyesi, yayla ve k\u0131rsal hayvanc\u0131l\u0131\u011f\u0131 s\u00fcrd\u00fcrmek, geli\u015ftirmek ve desteklemek amac\u0131yla Korkuteli\u2019nin Yaz\u0131r ve \u0130mecik Mahallelerinde \u00e7oban haritas\u0131 da\u011f\u0131tt\u0131.<\/p>\n\n\n\n<p>Antalya B\u00fcy\u00fck\u015fehir Belediyesi Tar\u0131msal Hizmetler Dairesi Ba\u015fkanl\u0131\u011f\u0131, \u2018\u00c7oban Haritas\u0131 Pojesi\u2019 kapsam\u0131nda Korkuteli\u2019nde hayvanc\u0131l\u0131\u011f\u0131n yo\u011fun olarak yap\u0131ld\u0131\u011f\u0131 b\u00f6lgelerde \u00e7obanlar\u0131n atalar\u0131ndan \u00f6\u011frenerek bug\u00fcnlere kadar ta\u015f\u0131d\u0131\u011f\u0131 binlerce y\u0131ll\u0131k s\u00fcr\u00fc ve mera rotalar\u0131n\u0131n ad\u0131m ad\u0131m haritas\u0131n\u0131 \u00e7\u0131kard\u0131. Gelecek nesiller ad\u0131na \u00f6nemli bir veri miras\u0131 olarak kalacak \u00e7oban haritalar\u0131 Korkuteli\u2019de \u00e7obanlara da\u011f\u0131t\u0131ld\u0131. \u00c7oban haritalar\u0131 ile k\u0131rsal hayvanc\u0131l\u0131\u011f\u0131n as\u0131rl\u0131k rotalar\u0131 koruma alt\u0131na al\u0131nm\u0131\u015f olurken, Antalya\u2019n\u0131n k\u00fc\u00e7\u00fckba\u015f hayvanc\u0131l\u0131\u011f\u0131 ile ilgili verilerin titizlikle kaydedilmesiyle hayvanc\u0131l\u0131\u011f\u0131n geli\u015fimine de destek sunacak.&nbsp;<\/p>\n\n\n\n<p>TALEPLER KAR\u015eILANIYOR<\/p>\n\n\n\n<p>Hayvanlar\u0131n ve \u00e7obanlar\u0131n daha korunakl\u0131 ve iyi \u015fartlarda bar\u0131nmas\u0131n\u0131 sa\u011flamay\u0131 hedefleyen proje ile \u00e7obanlar\u0131n yaylalardan inmeye ihtiya\u00e7 duymamas\u0131 hedefleniyor. Bu kapsamda s\u00fcrd\u00fcr\u00fclen \u00e7al\u0131\u015fmalarda \u00f6zellikle iklim de\u011fi\u015fikli\u011fi ve ya\u011f\u0131\u015f oranlar\u0131na ba\u011fl\u0131 ya\u015fanabilecek kurakl\u0131k gibi olumsuzluklardan etkilenilmemesi i\u00e7in hayvanlar\u0131n topland\u0131\u011f\u0131 alanlara yeni i\u00e7me suyu hatlar\u0131 ve konforu artt\u0131racak \u00e7al\u0131\u015fmalar yap\u0131lacak. \u00c7obanlar\u0131n talepleri do\u011frultusunda konteyner bar\u0131nak i\u00e7inde \u00e7al\u0131\u015fmalar ba\u015flad\u0131.<\/p>\n\n\n\n<p>TUZLU M\u0130NERALL\u0130 TA\u015e DA\u011eITILIYOR<\/p>\n\n\n\n<p>Yem ve veterinerlik desteklerini de vermeye devam eden B\u00fcy\u00fck\u015fehir Belediyesi son olarak k\u00fc\u00e7\u00fckba\u015f hayvanlar\u0131n\u0131n ihtiya\u00e7 duydu\u011fu yalama ta\u015f\u0131 olarak bilinen tuzlu mineral ta\u015flar\u0131n\u0131 \u00e7obanlara da\u011f\u0131tt\u0131. Hayvanlar\u0131n geli\u015fimi ve sa\u011fl\u0131\u011f\u0131 i\u00e7in son derece \u00f6nemli olan bu ta\u015flar hayvanc\u0131l\u0131kta verimlili\u011fi de artt\u0131r\u0131yor. Korkuteli Yaz\u0131r ve \u0130mecik mahallelerinde otuz muhtara toplam 250 kg yalama ta\u015f\u0131 teslim edildi. Da\u011f\u0131t\u0131mlar di\u011fer il\u00e7e ve mahallelerde devam edecek.<\/p>\n\n\n\n<p>YAZIR MUHTARI KOCAO\u011eLU\u2019DAN TE\u015eEKK\u00dcR<\/p>\n\n\n\n<p>Yaz\u0131r Mahalle Muhtar\u0131 Mehmet Kocao\u011flu, B\u00fcy\u00fck\u015fehir Belediyesi\u2019nin hayvanc\u0131l\u0131kla ilgili desteklerinden son derece memnun olduklar\u0131n\u0131 belirterek, \u201cD\u00fc\u011f\u00fcn salonumuz tamamlanmak \u00fczere, yeni i\u00e7me suyumuz gelecek, yollar\u0131m\u0131z\u0131n bak\u0131mlar\u0131 yap\u0131l\u0131yor bunun yan\u0131nda hamur yo\u011furma makinas\u0131, hayvan yemi, veteriner deste\u011fi ve son olarak \u00e7obanlar\u0131m\u0131za yalama ta\u015f\u0131 deste\u011fi ald\u0131k. Yalama ta\u015flar\u0131 hayvanc\u0131lar\u0131m\u0131z\u0131n her zaman ihtiya\u00e7 duydu\u011fu bir \u00fcr\u00fcn. Talepte bulunan t\u00fcm \u00e7obanlar\u0131m\u0131za belediyemiz ula\u015ft\u0131r\u0131yor. Sa\u011f olsun muhittin B\u00f6cek Ba\u015fkan\u0131m\u0131z her zaman yan\u0131m\u0131zda. Mahallemiz ad\u0131na ba\u015fkan\u0131m\u0131za te\u015fekk\u00fcrlerimi sunuyorum\u201d diye konu\u015ftu.<\/p>\n\n\n\n<p>\u00c7ALI\u015eMA B\u0130Z\u0130M \u0130\u00c7\u0130N \u00c7OK \u00d6NEML\u0130<\/p>\n\n\n\n<p>Belediyenin \u00e7oban haritas\u0131 \u00e7al\u0131\u015fmas\u0131ndan mutlu oldu\u011funu belirten \u00c7oban \u00d6mer A\u011f\u0131ro\u011flu da, \u201cUzun y\u0131llard\u0131r kulland\u0131\u011f\u0131m\u0131z meralar ve rotalar\u0131m\u0131z ile ilgili belediyemiz kapsaml\u0131 bir \u00e7al\u0131\u015fma ger\u00e7ekle\u015ftirdi. Bu rotalar\u0131n korunmas\u0131 ve hayvanc\u0131l\u0131\u011fa daha uygun bir hale getirilmesi \u00e7ok \u00f6nemli. \u00d6zellikle hayvanlar\u0131m\u0131z\u0131 toplad\u0131\u011f\u0131m\u0131z mera alanlar\u0131na yeni su kaynaklar\u0131n\u0131n ula\u015ft\u0131r\u0131lmas\u0131 ve \u00e7oban bar\u0131naklar\u0131 ile ilgili \u00e7al\u0131\u015fmalar yap\u0131lacak bu imk\u00e2nlar\u0131n sa\u011flanmas\u0131 biz \u00e7obanlar i\u00e7in son derece \u00f6nemli. Yalama ta\u015flar\u0131m\u0131z\u0131 da teslim ald\u0131k. Bu ta\u015flar hayvanlar\u0131m\u0131z t\u00fckettik\u00e7e daha verimli daha lezzetli etleri oluyor. Bizleri d\u00fc\u015f\u00fcnen \u00fcreticinin hayvanc\u0131n\u0131n yan\u0131nda olan ba\u015fkan\u0131m\u0131za \u00e7ok te\u015fekk\u00fcr ederiz\u201d dedi.<\/p>\n\n\n\n<p>Antalya B\u00fcy\u00fck\u015fehir Belediyesi \/ B\u00fclten<\/p>\n","protected":false},"excerpt":{"rendered":"<p>Antalya B\u00fcy\u00fck\u015fehir Belediyesi, yayla ve k\u0131rsal hayvanc\u0131l\u0131\u011f\u0131 s\u00fcrd\u00fcrmek, geli\u015ftirmek ve desteklemek amac\u0131yla Korkuteli\u2019nin Yaz\u0131r ve \u0130mecik Mahallelerinde \u00e7oban haritas\u0131 da\u011f\u0131tt\u0131. Antalya B\u00fcy\u00fck\u015fehir Belediyesi Tar\u0131msal Hizmetler <a href=\"https:\/\/akdenizhaber.com.tr\/index.php\/2024\/04\/20\/hayvancilara-coban-haritasi-destegi\/\" class=\"read-more-link\">[more&#8230;]<\/a><\/p>\n","protected":false},"author":2,"featured_media":22776,"comment_status":"open","ping_status":"open","sticky":false,"template":"","format":"standard","meta":{"footnotes":""},"categories":[2],"tags":[],"class_list":["post-22775","post","type-post","status-publish","format-standard","has-post-thumbnail","hentry","category-gundem"],"_links":{"self":[{"href":"https:\/\/akdenizhaber.com.tr\/index.php\/wp-json\/wp\/v2\/posts\/22775","targetHints":{"allow":["GET"]}}],"collection":[{"href":"https:\/\/akdenizhaber.com.tr\/index.php\/wp-json\/wp\/v2\/posts"}],"about":[{"href":"https:\/\/akdenizhaber.com.tr\/index.php\/wp-json\/wp\/v2\/types\/post"}],"author":[{"embeddable":true,"href":"https:\/\/akdenizhaber.com.tr\/index.php\/wp-json\/wp\/v2\/users\/2"}],"replies":[{"embeddable":true,"href":"https:\/\/akdenizhaber.com.tr\/index.php\/wp-json\/wp\/v2\/comments?post=22775"}],"version-history":[{"count":1,"href":"https:\/\/akdenizhaber.com.tr\/index.php\/wp-json\/wp\/v2\/posts\/22775\/revisions"}],"predecessor-version":[{"id":22777,"href":"https:\/\/akdenizhaber.com.tr\/index.php\/wp-json\/wp\/v2\/posts\/22775\/revisions\/22777"}],"wp:featuredmedia":[{"embeddable":true,"href":"https:\/\/akdenizhaber.com.tr\/index.php\/wp-json\/wp\/v2\/media\/22776"}],"wp:attachment":[{"href":"https:\/\/akdenizhaber.com.tr\/index.php\/wp-json\/wp\/v2\/media?parent=22775"}],"wp:term":[{"taxonomy":"category","embeddable":true,"href":"https:\/\/akdenizhaber.com.tr\/index.php\/wp-json\/wp\/v2\/categories?post=22775"},{"taxonomy":"post_tag","embeddable":true,"href":"https:\/\/akdenizhaber.com.tr\/index.php\/wp-json\/wp\/v2\/tags?post=22775"}],"curies":[{"name":"wp","href":"https:\/\/api.w.org\/{rel}","templated":true}]}}