{"id":22772,"date":"2024-04-20T11:53:21","date_gmt":"2024-04-20T08:53:21","guid":{"rendered":"https:\/\/akdenizhaber.com.tr\/?p=22772"},"modified":"2024-04-20T11:53:22","modified_gmt":"2024-04-20T08:53:22","slug":"kepezin-kizlari-ilk-16da","status":"publish","type":"post","link":"https:\/\/akdenizhaber.com.tr\/index.php\/2024\/04\/20\/kepezin-kizlari-ilk-16da\/","title":{"rendered":"Kepez\u2019in k\u0131zlar\u0131 ilk 16\u2019da"},"content":{"rendered":"\n<p>Kepez Belediyesi Spor Kul\u00fcb\u00fc Kad\u0131n Basketbol Tak\u0131m\u0131, Anadolu \u015eampiyonas\u0131nda 5 ma\u00e7\u0131n 4&#8217;\u00fcn\u00fc kazanarak T\u00fcrkiye&#8217;nin ilk 16 tak\u0131m\u0131 aras\u0131na girdi.<br><br><\/p>\n\n\n\n<p>Ge\u00e7en sezonun hem U16 &nbsp;hem de U18\u2019de Antalya \u015fampiyonu olan Kepez Belediyesi Spor Kul\u00fcb\u00fc Kad\u0131n Basketbol Tak\u0131m\u0131, Anadolu \u015eampiyonas\u0131nda 5 kar\u015f\u0131la\u015fman\u0131n 4&#8217;\u00fcn\u00fc kazanarak T\u00fcrkiye \u015eampiyonas\u0131&#8217;na kat\u0131lmaya hak kazanan 16 tak\u0131m aras\u0131nda yer ald\u0131. U\u015fak\u2019ta d\u00fczenlenen \u015fampiyonada ilk ma\u00e7\u0131n\u0131 \u00c7aykur Rizespor kar\u015f\u0131s\u0131nda 50-45 galibiyet ile tamamlayan Kepez&#8217;in pota sultanlar\u0131, finalde oynad\u0131klar\u0131 Sakarya Asa\u015f engelini de 54-52 skor ile ge\u00e7ti. \u0130lk kez kat\u0131ld\u0131klar\u0131 T\u00fcrkiye \u015eampiyonas\u0131\u2019nda ge\u00e7en sezon 12\u2019inci olan Kepezliler, May\u0131s ay\u0131nda ba\u015flamas\u0131 beklenen \u015fampiyonada bu kez kupay\u0131 hedefliyor. Tutkuyla oynad\u0131klar\u0131 basketbol bran\u015f\u0131nda Antalya&#8217;n\u0131n markas\u0131 olma yolunda ilerlediklerini belirten kul\u00fcb\u00fcn Basketbol Koordinat\u00f6r\u00fc Besim G\u00fcven\u00e7, \u201cGe\u00e7en y\u0131la g\u00f6re daha deneyimli bir tak\u0131m\u0131m\u0131z var. T\u00fcrkiye \u015eampiyonas\u0131nda Kepez&#8217;i en iyi \u015fekilde temsil edece\u011fimize inan\u0131yorum.\u201d dedi.<\/p>\n\n\n\n<p>Kepez Belediyesi \/ B\u00fclten<\/p>\n","protected":false},"excerpt":{"rendered":"<p>Kepez Belediyesi Spor Kul\u00fcb\u00fc Kad\u0131n Basketbol Tak\u0131m\u0131, Anadolu \u015eampiyonas\u0131nda 5 ma\u00e7\u0131n 4&#8217;\u00fcn\u00fc kazanarak T\u00fcrkiye&#8217;nin ilk 16 tak\u0131m\u0131 aras\u0131na girdi. Ge\u00e7en sezonun hem U16 &nbsp;hem de <a href=\"https:\/\/akdenizhaber.com.tr\/index.php\/2024\/04\/20\/kepezin-kizlari-ilk-16da\/\" class=\"read-more-link\">[more&#8230;]<\/a><\/p>\n","protected":false},"author":2,"featured_media":22773,"comment_status":"open","ping_status":"open","sticky":false,"template":"","format":"standard","meta":{"footnotes":""},"categories":[2],"tags":[],"class_list":["post-22772","post","type-post","status-publish","format-standard","has-post-thumbnail","hentry","category-gundem"],"_links":{"self":[{"href":"https:\/\/akdenizhaber.com.tr\/index.php\/wp-json\/wp\/v2\/posts\/22772","targetHints":{"allow":["GET"]}}],"collection":[{"href":"https:\/\/akdenizhaber.com.tr\/index.php\/wp-json\/wp\/v2\/posts"}],"about":[{"href":"https:\/\/akdenizhaber.com.tr\/index.php\/wp-json\/wp\/v2\/types\/post"}],"author":[{"embeddable":true,"href":"https:\/\/akdenizhaber.com.tr\/index.php\/wp-json\/wp\/v2\/users\/2"}],"replies":[{"embeddable":true,"href":"https:\/\/akdenizhaber.com.tr\/index.php\/wp-json\/wp\/v2\/comments?post=22772"}],"version-history":[{"count":1,"href":"https:\/\/akdenizhaber.com.tr\/index.php\/wp-json\/wp\/v2\/posts\/22772\/revisions"}],"predecessor-version":[{"id":22774,"href":"https:\/\/akdenizhaber.com.tr\/index.php\/wp-json\/wp\/v2\/posts\/22772\/revisions\/22774"}],"wp:featuredmedia":[{"embeddable":true,"href":"https:\/\/akdenizhaber.com.tr\/index.php\/wp-json\/wp\/v2\/media\/22773"}],"wp:attachment":[{"href":"https:\/\/akdenizhaber.com.tr\/index.php\/wp-json\/wp\/v2\/media?parent=22772"}],"wp:term":[{"taxonomy":"category","embeddable":true,"href":"https:\/\/akdenizhaber.com.tr\/index.php\/wp-json\/wp\/v2\/categories?post=22772"},{"taxonomy":"post_tag","embeddable":true,"href":"https:\/\/akdenizhaber.com.tr\/index.php\/wp-json\/wp\/v2\/tags?post=22772"}],"curies":[{"name":"wp","href":"https:\/\/api.w.org\/{rel}","templated":true}]}}