{"id":22769,"date":"2024-04-20T11:52:52","date_gmt":"2024-04-20T08:52:52","guid":{"rendered":"https:\/\/akdenizhaber.com.tr\/?p=22769"},"modified":"2024-04-20T11:52:53","modified_gmt":"2024-04-20T08:52:53","slug":"kepezden-ogrencilere-corba-ikrami","status":"publish","type":"post","link":"https:\/\/akdenizhaber.com.tr\/index.php\/2024\/04\/20\/kepezden-ogrencilere-corba-ikrami\/","title":{"rendered":"Kepez\u2019den \u00f6\u011frencilere \u00e7orba ikram\u0131"},"content":{"rendered":"\n<p>Kepez Belediyesi taraf\u0131ndan Akdeniz \u00dcniversitesi Merkez K\u00fct\u00fcphanesi \u00f6n\u00fcnde \u00f6\u011frencilere s\u0131cac\u0131k \u00e7orba ikram\u0131nda bulunuldu.<\/p>\n\n\n\n<p>Kepez Belediyesi, il\u00e7e halk\u0131na y\u00f6nelik sosyal belediyecilik hizmetlerini aral\u0131ks\u0131z s\u00fcrd\u00fcr\u00fcyor. Sosyal belediyecilik hizmetleri kapsam\u0131nda Kepez Belediyesi taraf\u0131ndan Akdeniz \u00dcniversitesi Merkez K\u00fct\u00fcphanesi \u00f6n\u00fcnde \u00f6\u011frencilere \u00e7orba ikram\u0131nda bulunuldu. Bahar d\u00f6nemi vize s\u0131navlar\u0131na haz\u0131rlanan \u00f6\u011frenciler, k\u00fct\u00fcphane \u00f6n\u00fcnde ger\u00e7ekle\u015ftirilen s\u0131cak \u00e7orba da\u011f\u0131t\u0131m\u0131n\u0131 b\u00fcy\u00fck bir memnuniyetle kar\u015f\u0131lad\u0131lar. Kepez Belediyesi\u2019nin \u00e7orba ikram\u0131, \u00f6\u011frencilerin yo\u011fun d\u00f6nemlerinde moral ve enerji bulmalar\u0131na yard\u0131mc\u0131 oldu. Akdeniz \u00dcniversitesi \u00f6\u011frencileri, s\u0131cak \u00e7orba da\u011f\u0131t\u0131m\u0131 i\u00e7in Kepez Belediye Ba\u015fkan\u0131 Mesut Kocag\u00f6z ve belediye personeline te\u015fekk\u00fcr etti. \u00d6\u011frencilerin e\u011fitim hayatlar\u0131n\u0131 kolayla\u015ft\u0131rmak, yar\u0131n\u0131m\u0131z\u0131n teminat\u0131 gen\u00e7lere destek olmak Kepez Belediyesi\u2019nin, \u00f6ncelikli hedefleri aras\u0131nda yer al\u0131yor.<\/p>\n\n\n\n<p>Kepez Belediyesi \/ B\u00fclten<\/p>\n","protected":false},"excerpt":{"rendered":"<p>Kepez Belediyesi taraf\u0131ndan Akdeniz \u00dcniversitesi Merkez K\u00fct\u00fcphanesi \u00f6n\u00fcnde \u00f6\u011frencilere s\u0131cac\u0131k \u00e7orba ikram\u0131nda bulunuldu. Kepez Belediyesi, il\u00e7e halk\u0131na y\u00f6nelik sosyal belediyecilik hizmetlerini aral\u0131ks\u0131z s\u00fcrd\u00fcr\u00fcyor. Sosyal belediyecilik <a href=\"https:\/\/akdenizhaber.com.tr\/index.php\/2024\/04\/20\/kepezden-ogrencilere-corba-ikrami\/\" class=\"read-more-link\">[more&#8230;]<\/a><\/p>\n","protected":false},"author":2,"featured_media":22770,"comment_status":"open","ping_status":"open","sticky":false,"template":"","format":"standard","meta":{"footnotes":""},"categories":[2],"tags":[],"class_list":["post-22769","post","type-post","status-publish","format-standard","has-post-thumbnail","hentry","category-gundem"],"_links":{"self":[{"href":"https:\/\/akdenizhaber.com.tr\/index.php\/wp-json\/wp\/v2\/posts\/22769","targetHints":{"allow":["GET"]}}],"collection":[{"href":"https:\/\/akdenizhaber.com.tr\/index.php\/wp-json\/wp\/v2\/posts"}],"about":[{"href":"https:\/\/akdenizhaber.com.tr\/index.php\/wp-json\/wp\/v2\/types\/post"}],"author":[{"embeddable":true,"href":"https:\/\/akdenizhaber.com.tr\/index.php\/wp-json\/wp\/v2\/users\/2"}],"replies":[{"embeddable":true,"href":"https:\/\/akdenizhaber.com.tr\/index.php\/wp-json\/wp\/v2\/comments?post=22769"}],"version-history":[{"count":1,"href":"https:\/\/akdenizhaber.com.tr\/index.php\/wp-json\/wp\/v2\/posts\/22769\/revisions"}],"predecessor-version":[{"id":22771,"href":"https:\/\/akdenizhaber.com.tr\/index.php\/wp-json\/wp\/v2\/posts\/22769\/revisions\/22771"}],"wp:featuredmedia":[{"embeddable":true,"href":"https:\/\/akdenizhaber.com.tr\/index.php\/wp-json\/wp\/v2\/media\/22770"}],"wp:attachment":[{"href":"https:\/\/akdenizhaber.com.tr\/index.php\/wp-json\/wp\/v2\/media?parent=22769"}],"wp:term":[{"taxonomy":"category","embeddable":true,"href":"https:\/\/akdenizhaber.com.tr\/index.php\/wp-json\/wp\/v2\/categories?post=22769"},{"taxonomy":"post_tag","embeddable":true,"href":"https:\/\/akdenizhaber.com.tr\/index.php\/wp-json\/wp\/v2\/tags?post=22769"}],"curies":[{"name":"wp","href":"https:\/\/api.w.org\/{rel}","templated":true}]}}