{"id":22757,"date":"2024-04-20T11:48:50","date_gmt":"2024-04-20T08:48:50","guid":{"rendered":"https:\/\/akdenizhaber.com.tr\/?p=22757"},"modified":"2024-04-20T11:48:52","modified_gmt":"2024-04-20T08:48:52","slug":"aksekide-kar-temizleme-calismasi-gerceklestirildi","status":"publish","type":"post","link":"https:\/\/akdenizhaber.com.tr\/index.php\/2024\/04\/20\/aksekide-kar-temizleme-calismasi-gerceklestirildi\/","title":{"rendered":"Akseki\u2019de kar temizleme \u00e7al\u0131\u015fmas\u0131 ger\u00e7ekle\u015ftirildi"},"content":{"rendered":"\n<p>Antalya B\u00fcy\u00fck\u015fehir Belediyesi Akseki il\u00e7esi G\u00f6ktepe Yaylas\u0131\u2019nda hayvanc\u0131l\u0131kla u\u011fra\u015fan vatanda\u015flar\u0131n g\u00f6\u00e7 g\u00fczergah\u0131 \u00fczerinde bulunan halen karla kapl\u0131 yollarda, kar temizleme \u00e7al\u0131\u015fmas\u0131 yapt\u0131.<\/p>\n\n\n\n<p>Antalya\u2019da \u0131s\u0131nan havalarla birlikte sahillerde yaz g\u00f6r\u00fcnt\u00fcleri ya\u015fan\u0131rken, Toros da\u011flar\u0131n zirvelerinde kar m\u00fccadelesi yap\u0131l\u0131yor. B\u00fcy\u00fck\u015fehir Belediyesi K\u0131rsal Hizmetler Dairesi Ba\u015fkanl\u0131\u011f\u0131 Nisan ay\u0131 ortas\u0131nda y\u00fcksek kesimlerdeki yayla yollar\u0131nda kar temizleme \u00e7al\u0131\u015fmalar\u0131 ger\u00e7ekle\u015ftiriyor. Ekipler, Akseki il\u00e7esi G\u00f6ktepe yayla yolunda hayvanc\u0131l\u0131kla u\u011fra\u015fan vatanda\u015flar\u0131n g\u00f6\u00e7 yolu \u00fczerinde bulunan karla kapl\u0131 yollar\u0131 temizleyerek a\u00e7t\u0131.<\/p>\n\n\n\n<p>Manavgat il\u00e7esine ba\u011fl\u0131 Sara\u00e7l\u0131, Ahmetler, Belenobas\u0131 ve Karavca mahallelerinde ya\u015fayan vatanda\u015flar\u0131n da kulland\u0131\u011f\u0131 G\u00f6ktepe yayla yolu ula\u015f\u0131ma uygun hale getirildi. B\u00fcy\u00fck\u015fehir ekipleri, g\u00f6\u00e7 mevsimi yakla\u015fan Y\u00f6r\u00fcklerin, yaylalar\u0131na zaman\u0131nda ula\u015fmalar\u0131n\u0131 sa\u011flamak i\u00e7in \u00e7al\u0131\u015fmalar\u0131n\u0131 aral\u0131ks\u0131z s\u00fcrd\u00fcr\u00fcyor.<\/p>\n\n\n\n<p>Antalya B\u00fcy\u00fck\u015fehir Belediyesi \/ B\u00fclten<\/p>\n","protected":false},"excerpt":{"rendered":"<p>Antalya B\u00fcy\u00fck\u015fehir Belediyesi Akseki il\u00e7esi G\u00f6ktepe Yaylas\u0131\u2019nda hayvanc\u0131l\u0131kla u\u011fra\u015fan vatanda\u015flar\u0131n g\u00f6\u00e7 g\u00fczergah\u0131 \u00fczerinde bulunan halen karla kapl\u0131 yollarda, kar temizleme \u00e7al\u0131\u015fmas\u0131 yapt\u0131. Antalya\u2019da \u0131s\u0131nan havalarla <a href=\"https:\/\/akdenizhaber.com.tr\/index.php\/2024\/04\/20\/aksekide-kar-temizleme-calismasi-gerceklestirildi\/\" class=\"read-more-link\">[more&#8230;]<\/a><\/p>\n","protected":false},"author":2,"featured_media":22758,"comment_status":"open","ping_status":"open","sticky":false,"template":"","format":"standard","meta":{"footnotes":""},"categories":[2],"tags":[],"class_list":["post-22757","post","type-post","status-publish","format-standard","has-post-thumbnail","hentry","category-gundem"],"_links":{"self":[{"href":"https:\/\/akdenizhaber.com.tr\/index.php\/wp-json\/wp\/v2\/posts\/22757","targetHints":{"allow":["GET"]}}],"collection":[{"href":"https:\/\/akdenizhaber.com.tr\/index.php\/wp-json\/wp\/v2\/posts"}],"about":[{"href":"https:\/\/akdenizhaber.com.tr\/index.php\/wp-json\/wp\/v2\/types\/post"}],"author":[{"embeddable":true,"href":"https:\/\/akdenizhaber.com.tr\/index.php\/wp-json\/wp\/v2\/users\/2"}],"replies":[{"embeddable":true,"href":"https:\/\/akdenizhaber.com.tr\/index.php\/wp-json\/wp\/v2\/comments?post=22757"}],"version-history":[{"count":1,"href":"https:\/\/akdenizhaber.com.tr\/index.php\/wp-json\/wp\/v2\/posts\/22757\/revisions"}],"predecessor-version":[{"id":22759,"href":"https:\/\/akdenizhaber.com.tr\/index.php\/wp-json\/wp\/v2\/posts\/22757\/revisions\/22759"}],"wp:featuredmedia":[{"embeddable":true,"href":"https:\/\/akdenizhaber.com.tr\/index.php\/wp-json\/wp\/v2\/media\/22758"}],"wp:attachment":[{"href":"https:\/\/akdenizhaber.com.tr\/index.php\/wp-json\/wp\/v2\/media?parent=22757"}],"wp:term":[{"taxonomy":"category","embeddable":true,"href":"https:\/\/akdenizhaber.com.tr\/index.php\/wp-json\/wp\/v2\/categories?post=22757"},{"taxonomy":"post_tag","embeddable":true,"href":"https:\/\/akdenizhaber.com.tr\/index.php\/wp-json\/wp\/v2\/tags?post=22757"}],"curies":[{"name":"wp","href":"https:\/\/api.w.org\/{rel}","templated":true}]}}