{"id":22738,"date":"2024-04-19T12:58:22","date_gmt":"2024-04-19T09:58:22","guid":{"rendered":"https:\/\/akdenizhaber.com.tr\/?p=22738"},"modified":"2024-04-19T12:58:23","modified_gmt":"2024-04-19T09:58:23","slug":"baskan-gungor-manavgat-kirsal-kalkinma-desteklerinden-faydalanmalidir","status":"publish","type":"post","link":"https:\/\/akdenizhaber.com.tr\/index.php\/2024\/04\/19\/baskan-gungor-manavgat-kirsal-kalkinma-desteklerinden-faydalanmalidir\/","title":{"rendered":"Ba\u015fkan G\u00fcng\u00f6r: \u201cManavgat, K\u0131rsal Kalk\u0131nma Desteklerinden Faydalanmal\u0131d\u0131r\u201d"},"content":{"rendered":"\n<p>MATSO Ba\u015fkan\u0131 Seydi Tahsin G\u00fcng\u00f6r, TKDK Antalya\u2019da a\u00e7\u0131lmas\u0131 i\u00e7in giri\u015fimde bulunduklar\u0131n\u0131 belirterek \u201cTKDK\u2019n\u0131n a\u00e7\u0131lmas\u0131 ile Antalya ve il\u00e7eleri TKDK taraf\u0131ndan yat\u0131r\u0131m yeri kapsam\u0131na al\u0131nd\u0131. IPARD III. K\u0131rsal Kalk\u0131nma Destekleri Bilgilendirme \u00c7a\u011fr\u0131s\u0131 yap\u0131l\u0131yor. Manavgat olarak bu destekleri de\u011ferlendirmeliyiz\u201d dedi.<\/p>\n\n\n\n<p>Manavgat Ticaret ve Sanayi Odas\u0131(MATSO) ve Tar\u0131m ve K\u0131rsal Kalk\u0131nmay\u0131 Destekleme Kurumu (TKDK) i\u015f birli\u011finde d\u00fczenlenen \u201cTar\u0131m ve Bal\u0131k\u00e7\u0131l\u0131k \u00dcr\u00fcnlerinin \u0130\u015flenmesi ve Pazarlanmas\u0131 ile \u0130lgili Fiziki Varl\u0131klara Y\u00f6nelik Yat\u0131r\u0131mlar Deste\u011fi Bilgilendirme Toplant\u0131s\u0131 yo\u011fun kat\u0131l\u0131mla ger\u00e7ekle\u015ftirildi. Bilgilendirme toplant\u0131s\u0131na, MATSO Y\u00f6netim Kurulu Ba\u015fkan\u0131 Seydi Tahsin G\u00fcng\u00f6r, TKDK Isparta \u0130l Koordinat\u00f6r\u00fc Prof. Dr. S\u00fcleyman G\u00fclc\u00fc, Manavgat \u0130l\u00e7e Tar\u0131m ve Orman M\u00fcd\u00fcr\u00fc Hakan Kapakl\u0131, Manavgat S\u00fct \u00dcreticileri Birli\u011fi Ba\u015fkan\u0131 Bilal Ay, Manavgat Kasaplar Kooperatifi Ba\u015fkan\u0131m\u0131z H\u00fcseyin Ali Tun\u00e7, MATSO Ba\u015fkan Yard\u0131mc\u0131s\u0131 Ali \u00d6zen, TKDK Uzmanlar\u0131 Hasan \u00c7oban ve Cenk Korkmaz ile Oda \u00fcyeleri kat\u0131ld\u0131.&nbsp; MATSO Ba\u015fkan\u0131 Seydi Tahsin G\u00fcng\u00f6r, Manavgat\u2019\u0131n geni\u015f tar\u0131m alanlar\u0131n\u0131n yan\u0131 s\u0131ra, \u00fcr\u00fcn \u00e7e\u015fitlili\u011fi bak\u0131m\u0131ndan olduk\u00e7a zengin oldu\u011funu belirterek, tar\u0131msal \u00fcretimde y\u00fcksek potansiyele sahip olan kentin, \u00fclkeye katma de\u011fer \u00fcretecek tar\u0131msal yat\u0131r\u0131mlara a\u00e7\u0131k bir b\u00f6lge oldu\u011funu s\u00f6yledi.<\/p>\n\n\n\n<p>G\u00dcNG\u00d6R, \u201cTKDK\u2019NIN B\u00d6LGEM\u0130ZDE A\u00c7ILMASI \u0130\u00c7\u0130N G\u0130R\u0130\u015e\u0130MLERDE BULUNDUK\u201d<\/p>\n\n\n\n<p>MATSO olarak 2023 y\u0131l\u0131 A\u011fustos ay\u0131nda TKDK\u2019n\u0131n Antalya\u2019ya a\u00e7\u0131lmas\u0131 i\u00e7in giri\u015fimde bulunduklar\u0131n\u0131 hat\u0131rlatan Ba\u015fkan G\u00fcng\u00f6r, \u201cYaz\u0131da Antalya ve il\u00e7elerinin de k\u0131rsal kalk\u0131nmada devlet desteklerinden faydalanabilmesi TKDK Antalya Ofisinin a\u00e7\u0131larak TKDK taraf\u0131ndan yat\u0131r\u0131m yeri kapsam\u0131na al\u0131nmas\u0131 i\u00e7in resmi talepte bulunmu\u015ftuk. Bu konuda yapt\u0131\u011f\u0131m\u0131z \u00e7al\u0131\u015fmalar\u0131n ve taleplerimizin kar\u015f\u0131l\u0131\u011f\u0131n\u0131 Antalya\u2019ya TKDK \u0130rtibat Ofisinin a\u00e7\u0131lmas\u0131yla ald\u0131k. Manavgat\u2019\u0131n TKDK taraf\u0131ndan yat\u0131r\u0131m yeri kapsam\u0131na al\u0131nmas\u0131yla, \u00fcretime kalite standart\u0131 katarak, potansiyel \u00fcreticilerimizi destekleyip, kentimizdeki tar\u0131msal \u00fcretiminin artmas\u0131na, i\u00e7 ve d\u0131\u015f ticaretinin de geli\u015fmesine katk\u0131 sa\u011flayacakt\u0131r.&nbsp; Manavgat k\u0131rsal kalk\u0131nmadan hak etti\u011fi pay\u0131 almal\u0131 ve desteklenmelidir\u201d dedi.<\/p>\n\n\n\n<p>IPARD III. KIRSAL KALKINMA \u00c7A\u011eRISI DESTEKLER\u0130 B\u00dcT\u00c7ES\u0130 785 M\u0130LYON EURO<\/p>\n\n\n\n<p>TKDK Isparta \u0130l Koordinat\u00f6r\u00fc Prof. Dr. S\u00fcleyman G\u00fclc\u00fc ise TKDK\u2019n\u0131n 2012 y\u0131l\u0131nda kurulmu\u015f Tar\u0131m Bakanl\u0131\u011f\u0131na ba\u011fl\u0131, gen\u00e7 ve dinamik bir kurum oldu\u011funu belirterek \u201c Daha \u00f6nce \u00fclkemizde IPARD I. ve IPARD II.&nbsp; ad\u0131 alt\u0131nda, kurumumuz \u015fimdiye kadar 42 ilde desteklemelerde bulunduk ancak geriye kalan 39 ilimiz bu desteklerden faydalanam\u0131yordu. Maalesef Antalya\u2019da bu illerden biriydi fakat kurumuza gelen yo\u011fun talepler \u00fczerine Antalya ve il\u00e7eleri de yat\u0131r\u0131m kapsam\u0131ndaki iller aras\u0131nda yerini ald\u0131\u201d dedi. TKDK taraf\u0131ndan 785 milyon Euro\u2019 l\u00fck bir b\u00fct\u00e7eyle be\u015f y\u0131l s\u00fcrecek IPARD III. Projesi \u00e7a\u011fr\u0131s\u0131na ba\u015flad\u0131klar\u0131n\u0131 ifade eden G\u00fclc\u00fc, \u201cTar\u0131m ve K\u0131rsal Kalk\u0131nmada Destekleme Projelerimizle yat\u0131r\u0131mc\u0131lar\u0131m\u0131za y\u00fczde 50\u2019den y\u00fczde 70\u2019e varan hibe desteklerimizi bilgilendirmek i\u00e7in buraday\u0131z.\u201d diye konu\u015ftu.<\/p>\n\n\n\n<p>TKDK UZMANLARI IPARD III. PROJE BA\u015eVURU DETAYLARINI ANLATTI<\/p>\n\n\n\n<p>Bilgilendirme toplant\u0131s\u0131nda TKDK Uzman\u0131 Hasan \u00c7oban taraf\u0131ndan desteklenecek alanlar\u0131n alt ba\u015fl\u0131klar\u0131 detayland\u0131r\u0131larak devlet desteklerinden yararlanabilmek i\u00e7in belirlenmi\u015f standartlar aktar\u0131ld\u0131. Ba\u015fvuru ko\u015fullar\u0131n\u0131 sa\u011flayan yat\u0131r\u0131mc\u0131lar\u0131n ba\u015fvuru i\u00e7in 9 May\u0131s 2024 tarihine kadar TKDK Antalya \u0130l \u0130rtibat Ofislerine bizzat ziyaret etmeleri gerekti\u011fini kaydeden \u00c7oban, \u201cTKDK desteklerinden faydalanabilmek i\u00e7in \u015fartlar\u0131n sa\u011flanmas\u0131 durumunda, kurumsal yat\u0131r\u0131mc\u0131lar y\u00fczde 50\u2019e, bireysel \u00fcreticiler ise y\u00fczde 70\u2019e kadar desteklerden faydalanabilecek\u201d dedi.<\/p>\n\n\n\n<p>K\u0131rsal Kalk\u0131nmada TKDK\u2019n\u0131n destekleyebilece\u011fi konu ba\u015fl\u0131klar\u0131 \u015fu \u015fekilde: S\u00fct ve s\u00fct \u00fcr\u00fcnlerinin i\u015flenmesi ve pazarlanmas\u0131, K\u0131rm\u0131z\u0131 et ve et \u00fcr\u00fcnlerin i\u015flenmesi ve pazarlanmas\u0131, Kanatl\u0131 et ve et \u00fcr\u00fcnlerinin i\u015flenmesi ve pazarlanmas\u0131, Su \u00fcr\u00fcnlerinin i\u015flenmesi ve Pazarlanmas\u0131, Meyve \u00fcr\u00fcnlerinin i\u015flenmesi ve pazarlanmas\u0131, Yumurtan\u0131n i\u015flenmesi ve pazarlanmas\u0131 ve K\u0131rsal Turizminde (konaklama ve restoran vb.)<\/p>\n\n\n\n<p>Kat\u0131l\u0131mc\u0131lar\u0131n sorular\u0131n\u0131n uzmanlar taraf\u0131ndan cevapland\u0131r\u0131ld\u0131\u011f\u0131 toplant\u0131 sonunda TKDK Isparta \u0130l Koordinat\u00f6r\u00fc Prof. Dr. S\u00fcleyman G\u00fclc\u00fc, TKDK Uzmanlar\u0131 Hasan \u00c7oban ve Cenk Korkmaz\u2019a plaket takdim edildi.<\/p>\n\n\n\n<p>Manavgat Ticaret ve Sanayi Odas\u0131 \/ B\u00fclten<\/p>\n","protected":false},"excerpt":{"rendered":"<p>MATSO Ba\u015fkan\u0131 Seydi Tahsin G\u00fcng\u00f6r, TKDK Antalya\u2019da a\u00e7\u0131lmas\u0131 i\u00e7in giri\u015fimde bulunduklar\u0131n\u0131 belirterek \u201cTKDK\u2019n\u0131n a\u00e7\u0131lmas\u0131 ile Antalya ve il\u00e7eleri TKDK taraf\u0131ndan yat\u0131r\u0131m yeri kapsam\u0131na al\u0131nd\u0131. IPARD <a href=\"https:\/\/akdenizhaber.com.tr\/index.php\/2024\/04\/19\/baskan-gungor-manavgat-kirsal-kalkinma-desteklerinden-faydalanmalidir\/\" class=\"read-more-link\">[more&#8230;]<\/a><\/p>\n","protected":false},"author":2,"featured_media":22739,"comment_status":"open","ping_status":"open","sticky":false,"template":"","format":"standard","meta":{"footnotes":""},"categories":[2],"tags":[],"class_list":["post-22738","post","type-post","status-publish","format-standard","has-post-thumbnail","hentry","category-gundem"],"_links":{"self":[{"href":"https:\/\/akdenizhaber.com.tr\/index.php\/wp-json\/wp\/v2\/posts\/22738","targetHints":{"allow":["GET"]}}],"collection":[{"href":"https:\/\/akdenizhaber.com.tr\/index.php\/wp-json\/wp\/v2\/posts"}],"about":[{"href":"https:\/\/akdenizhaber.com.tr\/index.php\/wp-json\/wp\/v2\/types\/post"}],"author":[{"embeddable":true,"href":"https:\/\/akdenizhaber.com.tr\/index.php\/wp-json\/wp\/v2\/users\/2"}],"replies":[{"embeddable":true,"href":"https:\/\/akdenizhaber.com.tr\/index.php\/wp-json\/wp\/v2\/comments?post=22738"}],"version-history":[{"count":1,"href":"https:\/\/akdenizhaber.com.tr\/index.php\/wp-json\/wp\/v2\/posts\/22738\/revisions"}],"predecessor-version":[{"id":22740,"href":"https:\/\/akdenizhaber.com.tr\/index.php\/wp-json\/wp\/v2\/posts\/22738\/revisions\/22740"}],"wp:featuredmedia":[{"embeddable":true,"href":"https:\/\/akdenizhaber.com.tr\/index.php\/wp-json\/wp\/v2\/media\/22739"}],"wp:attachment":[{"href":"https:\/\/akdenizhaber.com.tr\/index.php\/wp-json\/wp\/v2\/media?parent=22738"}],"wp:term":[{"taxonomy":"category","embeddable":true,"href":"https:\/\/akdenizhaber.com.tr\/index.php\/wp-json\/wp\/v2\/categories?post=22738"},{"taxonomy":"post_tag","embeddable":true,"href":"https:\/\/akdenizhaber.com.tr\/index.php\/wp-json\/wp\/v2\/tags?post=22738"}],"curies":[{"name":"wp","href":"https:\/\/api.w.org\/{rel}","templated":true}]}}