{"id":22718,"date":"2024-04-19T12:51:25","date_gmt":"2024-04-19T09:51:25","guid":{"rendered":"https:\/\/akdenizhaber.com.tr\/?p=22718"},"modified":"2024-04-19T12:51:26","modified_gmt":"2024-04-19T09:51:26","slug":"celtikci-mahallesinde-yeni-park-yapimina-baslandi","status":"publish","type":"post","link":"https:\/\/akdenizhaber.com.tr\/index.php\/2024\/04\/19\/celtikci-mahallesinde-yeni-park-yapimina-baslandi\/","title":{"rendered":"\u00c7eltik\u00e7i Mahallesi\u2019nde Yeni Park Yap\u0131m\u0131na Ba\u015fland\u0131"},"content":{"rendered":"\n<p>\u201cHalk\u00e7\u0131 Belediyecilik\u201d slogan\u0131yla yeni d\u00f6neme ba\u015flayan Manavgat Belediyesi, \u00c7eltik\u00e7i Mahallesi\u2019nde park yap\u0131m\u0131na ba\u015flad\u0131.<\/p>\n\n\n\n<p>Daha ye\u015fil bir Manavgat i\u00e7in \u00e7al\u0131\u015fmalar\u0131na devam eden Manavgat Belediyesi Park ve Bah\u00e7eler M\u00fcd\u00fcrl\u00fc\u011f\u00fc ekipleri, \u00c7eltik\u00e7i Mahallesi 184 ada 31 parseldeki2500 metrekarelik alanda d\u00fczeltme ve bord\u00fcr \u00e7al\u0131\u015fmalar\u0131 yap\u0131yor. Park i\u00e7erisinde \u00e7ocuk oyun gruplar\u0131, a\u00e7\u0131k alan spor aletleri, dinlenme alanlar\u0131 ve voleybol ve basketbol sahalar\u0131 yer alacak.7\u2019den 70\u2019e t\u00fcm vatanda\u015flar d\u00fc\u015f\u00fcn\u00fclerek yap\u0131m\u0131na ba\u015flanan park\u0131n peyzaj d\u00fczenlemesi de kent esteti\u011fine uygun olarak d\u00fczenleniyor. Modern tasar\u0131m\u0131 ve estetik g\u00f6r\u00fcnt\u00fcs\u00fcyle \u00c7eltik\u00e7i Mahallesi halk\u0131na hizmet vermesi planlanan park sayesinde, vatanda\u015flar\u0131n huzur ve g\u00fcven i\u00e7inde yararlanabilece\u011fi bir sosyal alan olu\u015fturulacak. Halk\u0131n ihtiya\u00e7lar\u0131na d\u00fc\u015f\u00fcn\u00fclerek tasarlanan park\u0131n \u00e7ok yak\u0131nda hizmete girmesi planlan\u0131yor.<\/p>\n\n\n\n<p>YE\u015e\u0130L B\u0130R MANAVGAT OLACAK<\/p>\n\n\n\n<p>Manavgat\u2019\u0131n yang\u0131nlarla birlikte do\u011fa harikas\u0131 g\u00fczelliklerini kaybetti\u011fini s\u00f6yleyen Manavgat Belediye Ba\u015fkan\u0131 Niyazi Nefi Kara, Manavgat\u2019\u0131n \u00e7ehresini de\u011fi\u015ftirecek ye\u015fil alan \u00e7al\u0131\u015fmalar\u0131na imza atacaklar\u0131n\u0131 s\u00f6yledi. Kara, \u201cB\u00fcy\u00fck Manavgat yang\u0131n\u0131 ve daha \u00f6ncesindeki yang\u0131nlarda Manavgat\u2019\u0131n do\u011fa harikas\u0131 ye\u015fil alanlar\u0131 kayboldu. Bu d\u00f6nem Manavgat\u2019\u0131n \u00e7ehresini de\u011fi\u015ftirecek, Manavgat\u2019\u0131 ye\u015filin ba\u015fkenti yapaca\u011f\u0131z. Halk\u0131m\u0131z\u0131n aileleriyle birlikte kaliteli zaman ge\u00e7irebilece\u011fi, konforlu ve estetik yeni ye\u015fil alan projelerini hayata ge\u00e7irece\u011fiz. Ki\u015fi ba\u015f\u0131 aktif ye\u015fil alan miktar\u0131m\u0131z\u0131 art\u0131raca\u011f\u0131z. Gelecek nesillerimizi daha iyi ve sa\u011fl\u0131kl\u0131 bir \u00e7evrede sahip olmas\u0131 i\u00e7in \u00e7evresel s\u00fcrd\u00fcr\u00fclebilirlik noktas\u0131nda ad\u0131mlar ataca\u011f\u0131z.\u201d dedi.<\/p>\n\n\n\n<p>Manavgat Belediyesi \/ B\u00fclten<\/p>\n","protected":false},"excerpt":{"rendered":"<p>\u201cHalk\u00e7\u0131 Belediyecilik\u201d slogan\u0131yla yeni d\u00f6neme ba\u015flayan Manavgat Belediyesi, \u00c7eltik\u00e7i Mahallesi\u2019nde park yap\u0131m\u0131na ba\u015flad\u0131. Daha ye\u015fil bir Manavgat i\u00e7in \u00e7al\u0131\u015fmalar\u0131na devam eden Manavgat Belediyesi Park ve <a href=\"https:\/\/akdenizhaber.com.tr\/index.php\/2024\/04\/19\/celtikci-mahallesinde-yeni-park-yapimina-baslandi\/\" class=\"read-more-link\">[more&#8230;]<\/a><\/p>\n","protected":false},"author":2,"featured_media":22719,"comment_status":"open","ping_status":"open","sticky":false,"template":"","format":"standard","meta":{"footnotes":""},"categories":[2],"tags":[],"class_list":["post-22718","post","type-post","status-publish","format-standard","has-post-thumbnail","hentry","category-gundem"],"_links":{"self":[{"href":"https:\/\/akdenizhaber.com.tr\/index.php\/wp-json\/wp\/v2\/posts\/22718","targetHints":{"allow":["GET"]}}],"collection":[{"href":"https:\/\/akdenizhaber.com.tr\/index.php\/wp-json\/wp\/v2\/posts"}],"about":[{"href":"https:\/\/akdenizhaber.com.tr\/index.php\/wp-json\/wp\/v2\/types\/post"}],"author":[{"embeddable":true,"href":"https:\/\/akdenizhaber.com.tr\/index.php\/wp-json\/wp\/v2\/users\/2"}],"replies":[{"embeddable":true,"href":"https:\/\/akdenizhaber.com.tr\/index.php\/wp-json\/wp\/v2\/comments?post=22718"}],"version-history":[{"count":1,"href":"https:\/\/akdenizhaber.com.tr\/index.php\/wp-json\/wp\/v2\/posts\/22718\/revisions"}],"predecessor-version":[{"id":22720,"href":"https:\/\/akdenizhaber.com.tr\/index.php\/wp-json\/wp\/v2\/posts\/22718\/revisions\/22720"}],"wp:featuredmedia":[{"embeddable":true,"href":"https:\/\/akdenizhaber.com.tr\/index.php\/wp-json\/wp\/v2\/media\/22719"}],"wp:attachment":[{"href":"https:\/\/akdenizhaber.com.tr\/index.php\/wp-json\/wp\/v2\/media?parent=22718"}],"wp:term":[{"taxonomy":"category","embeddable":true,"href":"https:\/\/akdenizhaber.com.tr\/index.php\/wp-json\/wp\/v2\/categories?post=22718"},{"taxonomy":"post_tag","embeddable":true,"href":"https:\/\/akdenizhaber.com.tr\/index.php\/wp-json\/wp\/v2\/tags?post=22718"}],"curies":[{"name":"wp","href":"https:\/\/api.w.org\/{rel}","templated":true}]}}