{"id":22683,"date":"2024-04-19T12:38:26","date_gmt":"2024-04-19T09:38:26","guid":{"rendered":"https:\/\/akdenizhaber.com.tr\/?p=22683"},"modified":"2024-04-19T12:38:27","modified_gmt":"2024-04-19T09:38:27","slug":"konyaalti-23-nisana-hazir","status":"publish","type":"post","link":"https:\/\/akdenizhaber.com.tr\/index.php\/2024\/04\/19\/konyaalti-23-nisana-hazir\/","title":{"rendered":"Konyaalt\u0131 23 Nisan&#8217;a haz\u0131r"},"content":{"rendered":"\n<p>Konyaalt\u0131 Belediyesi, bu y\u0131l 104\u2019\u00fcnc\u00fc y\u0131l\u0131 kutlanacak olan 23 Nisan Ulusal Egemenlik ve \u00c7ocuk Bayram\u0131 i\u00e7in haz\u0131rl\u0131klar\u0131n\u0131 tamamlad\u0131. Konyaalt\u0131 Belediye Ba\u015fkan\u0131 Cem Kotan, HayatPark\u2019ta g\u00fcn boyu s\u00fcrecek kutlamalara \u00e7ocuklar ba\u015fta olmak \u00fczere t\u00fcm vatanda\u015flar\u0131 davet etti.<\/p>\n\n\n\n<p>Konyaalt\u0131 Belediyesi bu y\u0131l HayatPark\u2019ta ger\u00e7ekle\u015ftirilecek olan 23 Nisan Ulusal Egemenlik ve \u00c7ocuk Bayram\u0131 kutlamalar\u0131 kapsam\u0131nda haz\u0131rl\u0131klar\u0131n\u0131 tamamlad\u0131. Kutlamalar 23 Nisan Sal\u0131 g\u00fcn\u00fc saat 13.15\u2019te kortej y\u00fcr\u00fcy\u00fc\u015f\u00fc ile ba\u015flayacak. \u00c7ocuklar\u0131n bayram co\u015fkusunu doyas\u0131ya ya\u015fayaca\u011f\u0131 kutlamalar g\u00fcn boyunca s\u00fcrecek.<br>DANS G\u00d6STER\u0130S\u0130NDEN T\u0130YATROYA<br>Etkinlikler kapsam\u0131nda mini disco, bubble Show, k\u00f6p\u00fck balon makinesi, bilim show ile&nbsp; Kazakistan Dans Toplulu\u011fu ile dans okullar\u0131n\u0131n g\u00f6sterileri ger\u00e7ekle\u015ftirilecek. Tiyatro ve Jongl\u00f6r g\u00f6sterilerinin de ger\u00e7ekle\u015ftirilece\u011fi etkinlikler saat 19.30\u2019da \u00d6zg\u00fcr Afacan M\u00fczik Kutusu Orkestras\u0131\u2019n\u0131n konseriyle sona erecek.<br>BA\u015eKAN KOTAN\u2019DAN DAVET VAR<br>Konyaalt\u0131 Belediye Ba\u015fkan\u0131 Cem Kotan, HayatPark\u2019ta ger\u00e7ekle\u015ftirilecek olan 23 Nisan Ulusal Egemenlik ve \u00c7ocuk Bayram\u0131 kutlamalar\u0131na t\u00fcm vatanda\u015flar\u0131 davet etti. Kotan, \u201cT\u00fcrkiye Cumhuriyeti\u2019nin kurucusu Gazi Mustafa Kemal Atat\u00fcrk\u2019\u00fcn 104 y\u0131l \u00f6nce arma\u011fan etti\u011fi 23 Nisan Ulusal Egemenlik ve \u00c7ocuk Bayram\u0131\u2019n\u0131 Konyaalt\u0131 Belediyesi olarak HayatPark\u2019ta kutlayaca\u011f\u0131z. Kortej ile ba\u015flayacak olan kutlamalar kapsam\u0131nda g\u00fcn boyunca \u00e7e\u015fitli etkinlikler ger\u00e7ekle\u015ftirece\u011fiz. Konyaalt\u0131 halk\u0131m\u0131z\u0131 23 Nisan co\u015fkusunu hep birlikte ya\u015famaya davet ediyorum\u201d dedi.<\/p>\n\n\n\n<p>Konyaalt\u0131 Belediyesi \/ B\u00fclten<\/p>\n","protected":false},"excerpt":{"rendered":"<p>Konyaalt\u0131 Belediyesi, bu y\u0131l 104\u2019\u00fcnc\u00fc y\u0131l\u0131 kutlanacak olan 23 Nisan Ulusal Egemenlik ve \u00c7ocuk Bayram\u0131 i\u00e7in haz\u0131rl\u0131klar\u0131n\u0131 tamamlad\u0131. Konyaalt\u0131 Belediye Ba\u015fkan\u0131 Cem Kotan, HayatPark\u2019ta g\u00fcn <a href=\"https:\/\/akdenizhaber.com.tr\/index.php\/2024\/04\/19\/konyaalti-23-nisana-hazir\/\" class=\"read-more-link\">[more&#8230;]<\/a><\/p>\n","protected":false},"author":2,"featured_media":22684,"comment_status":"open","ping_status":"open","sticky":false,"template":"","format":"standard","meta":{"footnotes":""},"categories":[1],"tags":[],"class_list":["post-22683","post","type-post","status-publish","format-standard","has-post-thumbnail","hentry","category-blog"],"_links":{"self":[{"href":"https:\/\/akdenizhaber.com.tr\/index.php\/wp-json\/wp\/v2\/posts\/22683","targetHints":{"allow":["GET"]}}],"collection":[{"href":"https:\/\/akdenizhaber.com.tr\/index.php\/wp-json\/wp\/v2\/posts"}],"about":[{"href":"https:\/\/akdenizhaber.com.tr\/index.php\/wp-json\/wp\/v2\/types\/post"}],"author":[{"embeddable":true,"href":"https:\/\/akdenizhaber.com.tr\/index.php\/wp-json\/wp\/v2\/users\/2"}],"replies":[{"embeddable":true,"href":"https:\/\/akdenizhaber.com.tr\/index.php\/wp-json\/wp\/v2\/comments?post=22683"}],"version-history":[{"count":1,"href":"https:\/\/akdenizhaber.com.tr\/index.php\/wp-json\/wp\/v2\/posts\/22683\/revisions"}],"predecessor-version":[{"id":22685,"href":"https:\/\/akdenizhaber.com.tr\/index.php\/wp-json\/wp\/v2\/posts\/22683\/revisions\/22685"}],"wp:featuredmedia":[{"embeddable":true,"href":"https:\/\/akdenizhaber.com.tr\/index.php\/wp-json\/wp\/v2\/media\/22684"}],"wp:attachment":[{"href":"https:\/\/akdenizhaber.com.tr\/index.php\/wp-json\/wp\/v2\/media?parent=22683"}],"wp:term":[{"taxonomy":"category","embeddable":true,"href":"https:\/\/akdenizhaber.com.tr\/index.php\/wp-json\/wp\/v2\/categories?post=22683"},{"taxonomy":"post_tag","embeddable":true,"href":"https:\/\/akdenizhaber.com.tr\/index.php\/wp-json\/wp\/v2\/tags?post=22683"}],"curies":[{"name":"wp","href":"https:\/\/api.w.org\/{rel}","templated":true}]}}