{"id":22680,"date":"2024-04-19T12:36:45","date_gmt":"2024-04-19T09:36:45","guid":{"rendered":"https:\/\/akdenizhaber.com.tr\/?p=22680"},"modified":"2024-04-19T12:36:48","modified_gmt":"2024-04-19T09:36:48","slug":"baskan-kotan-konyaalti-halkina-birlikte-hizmet-edecegiz","status":"publish","type":"post","link":"https:\/\/akdenizhaber.com.tr\/index.php\/2024\/04\/19\/baskan-kotan-konyaalti-halkina-birlikte-hizmet-edecegiz\/","title":{"rendered":"Ba\u015fkan Kotan, \u2018\u2019Konyaalt\u0131 halk\u0131na birlikte hizmet edece\u011fiz\u201d"},"content":{"rendered":"\n<p>Konyaalt\u0131 Belediye Ba\u015fkan\u0131 Cem Kotan, merkez binada g\u00f6rev yapan personelle bir araya geldi. Ba\u015fkan Kotan, \u201cSizlerden tek iste\u011fim i\u015finizi lay\u0131k\u0131yla yapman\u0131z. Konyaalt\u0131 halk\u0131na hep birlikte hizmet edece\u011fiz\u201d dedi.<\/p>\n\n\n\n<p>Konyaalt\u0131 Belediye Ba\u015fkan\u0131 Cem Kotan, belediye hizmet binas\u0131nda g\u00f6rev yapan personelle toplant\u0131 yapt\u0131. Her ay personelle bir araya gelece\u011fini, personelin s\u0131k\u0131nt\u0131 ve isteklerini dinleyece\u011fini, ayr\u0131ca il\u00e7eye yapt\u0131klar\u0131 hizmetler hakk\u0131nda g\u00f6r\u00fc\u015f al\u0131\u015fveri\u015finde bulunacaklar\u0131n\u0131 dile getiren Ba\u015fkan Kotan, \u201cSizlerden tek iste\u011fim i\u015finizi lay\u0131k\u0131yla yapman\u0131z. Cem Kotan olarak 30 y\u0131ld\u0131r Antalya\u2019da ya\u015f\u0131yorum. 20 y\u0131ld\u0131r Cumhuriyet Halk Partisi\u2019nde siyaset yap\u0131yorum. 10 y\u0131ldan fazlad\u0131r da belediyelerin i\u00e7erisinde, y\u00f6neten-y\u00f6netilen noktas\u0131nda \u00e7al\u0131\u015fm\u0131\u015f, emek vermi\u015f bir \u00e7al\u0131\u015fma arkada\u015f\u0131n\u0131z olarak, bir belediye ba\u015fkan\u0131 olarak kar\u015f\u0131n\u0131zday\u0131m. Se\u00e7im s\u00fcreci, se\u00e7im s\u00fcrecinde kalm\u0131\u015ft\u0131r, bizler \u00f6n\u00fcm\u00fcze bakaca\u011f\u0131z. Beni Konyaalt\u0131 halk\u0131 se\u00e7ti. Onlar\u0131n oylar\u0131yla buraday\u0131m. Onlara kar\u015f\u0131 da hizmet borcum var. Konyaalt\u0131\u2019n\u0131 daha g\u00fczel hale getirmek i\u00e7in \u00e7al\u0131\u015faca\u011f\u0131z. Bunu elbette tek ba\u015f\u0131ma de\u011fil, sizlerle beraber yapaca\u011f\u0131z. Benim ekibim sizlersiniz. Sizlerden \u00f6zveriyle \u00e7al\u0131\u015fman\u0131z\u0131 bekliyorum\u2019\u2019 dedi.<\/p>\n\n\n\n<p>\u00d6RNEK B\u0130R BELED\u0130YE OLMALIYIZ<\/p>\n\n\n\n<p>Konyaalt\u0131 Belediyesi\u2019nin personelinin davran\u0131\u015flar\u0131yla, giyim ku\u015fam\u0131yla ve i\u015f disipliniyle \u00f6rnek te\u015fkil edecek bir belediye olmas\u0131n\u0131 istediklerini kaydeden Ba\u015fkan Kotan, \u201cSizler bana g\u00fcvenin, ben size g\u00fcveneyim. Ben her ko\u015fulda yan\u0131n\u0131zda olurum. Buras\u0131 bir devlet kurumu. Devlet kurumuna yak\u0131\u015f\u0131r vizyonda bir ekip olmam\u0131z laz\u0131m. Her \u015feyiyle \u00f6rnek bir belediye olmal\u0131y\u0131z\u2019\u2019 diye konu\u015ftu.<\/p>\n\n\n\n<p>TASARRUF TEDB\u0130RLER\u0130 ALACA\u011eIZ<\/p>\n\n\n\n<p>Konyaalt\u0131 Belediyesi olarak gerekli tasarruf tedbirlerini alacaklar\u0131n\u0131 da dile getiren Ba\u015fkan Kotan, s\u00f6zlerini \u015f\u00f6yle s\u00fcrd\u00fcrd\u00fc: \u201c\u00dclkemiz ekonomik bir s\u0131k\u0131nt\u0131dan ge\u00e7iyor. Belediyeler de do\u011fal olarak ekonomik olarak buhrandan etkileniyor. Bizler y\u00f6netim kademesi olarak tasarruf tedbirleri almak zorunday\u0131z. \u00c7\u00fcnk\u00fc biz Konyaalt\u0131\u2019ndaki halk\u0131m\u0131z\u0131n vergisiyle hizmet etmekle y\u00fck\u00fcml\u00fcy\u00fcz. Bunlar\u0131 yaparken de en adil, en \u015feffaf, en disiplinli \u015fekilde yapmakla m\u00fckellefiz.\u201d<\/p>\n\n\n\n<p>Konyaalt\u0131 Belediyesi \/ B\u00fclten<\/p>\n","protected":false},"excerpt":{"rendered":"<p>Konyaalt\u0131 Belediye Ba\u015fkan\u0131 Cem Kotan, merkez binada g\u00f6rev yapan personelle bir araya geldi. Ba\u015fkan Kotan, \u201cSizlerden tek iste\u011fim i\u015finizi lay\u0131k\u0131yla yapman\u0131z. Konyaalt\u0131 halk\u0131na hep birlikte <a href=\"https:\/\/akdenizhaber.com.tr\/index.php\/2024\/04\/19\/baskan-kotan-konyaalti-halkina-birlikte-hizmet-edecegiz\/\" class=\"read-more-link\">[more&#8230;]<\/a><\/p>\n","protected":false},"author":2,"featured_media":22681,"comment_status":"open","ping_status":"open","sticky":false,"template":"","format":"standard","meta":{"footnotes":""},"categories":[2],"tags":[],"class_list":["post-22680","post","type-post","status-publish","format-standard","has-post-thumbnail","hentry","category-gundem"],"_links":{"self":[{"href":"https:\/\/akdenizhaber.com.tr\/index.php\/wp-json\/wp\/v2\/posts\/22680","targetHints":{"allow":["GET"]}}],"collection":[{"href":"https:\/\/akdenizhaber.com.tr\/index.php\/wp-json\/wp\/v2\/posts"}],"about":[{"href":"https:\/\/akdenizhaber.com.tr\/index.php\/wp-json\/wp\/v2\/types\/post"}],"author":[{"embeddable":true,"href":"https:\/\/akdenizhaber.com.tr\/index.php\/wp-json\/wp\/v2\/users\/2"}],"replies":[{"embeddable":true,"href":"https:\/\/akdenizhaber.com.tr\/index.php\/wp-json\/wp\/v2\/comments?post=22680"}],"version-history":[{"count":1,"href":"https:\/\/akdenizhaber.com.tr\/index.php\/wp-json\/wp\/v2\/posts\/22680\/revisions"}],"predecessor-version":[{"id":22682,"href":"https:\/\/akdenizhaber.com.tr\/index.php\/wp-json\/wp\/v2\/posts\/22680\/revisions\/22682"}],"wp:featuredmedia":[{"embeddable":true,"href":"https:\/\/akdenizhaber.com.tr\/index.php\/wp-json\/wp\/v2\/media\/22681"}],"wp:attachment":[{"href":"https:\/\/akdenizhaber.com.tr\/index.php\/wp-json\/wp\/v2\/media?parent=22680"}],"wp:term":[{"taxonomy":"category","embeddable":true,"href":"https:\/\/akdenizhaber.com.tr\/index.php\/wp-json\/wp\/v2\/categories?post=22680"},{"taxonomy":"post_tag","embeddable":true,"href":"https:\/\/akdenizhaber.com.tr\/index.php\/wp-json\/wp\/v2\/tags?post=22680"}],"curies":[{"name":"wp","href":"https:\/\/api.w.org\/{rel}","templated":true}]}}