{"id":22674,"date":"2024-04-19T12:34:51","date_gmt":"2024-04-19T09:34:51","guid":{"rendered":"https:\/\/akdenizhaber.com.tr\/?p=22674"},"modified":"2024-04-19T12:34:52","modified_gmt":"2024-04-19T09:34:52","slug":"antalyada-koy-enstituleri-anildi","status":"publish","type":"post","link":"https:\/\/akdenizhaber.com.tr\/index.php\/2024\/04\/19\/antalyada-koy-enstituleri-anildi\/","title":{"rendered":"Antalya\u2019da K\u00f6y Enstit\u00fcleri an\u0131ld\u0131"},"content":{"rendered":"\n<p>Antalya B\u00fcy\u00fck\u015fehir Belediyesi, K\u00f6y Enstit\u00fcleri\u2019nin kurulu\u015funun 84. y\u0131ld\u00f6n\u00fcm\u00fcnde \u201cCumhuriyet E\u011fitiminin Y\u00fcz Ak\u0131 K\u00f6y Enstit\u00fcleri\u201d s\u00f6yle\u015fisi d\u00fczenledi.<\/p>\n\n\n\n<p>Antalya B\u00fcy\u00fck\u015fehir Belediyesi, T\u00fcrkiye Cumhuriyeti tarihinin en \u00f6nemli e\u011fitim merkezlerinden kabul edilen K\u00f6y Enstit\u00fcleri\u2019nin kurulu\u015funun 84. y\u0131ld\u00f6n\u00fcm\u00fcnde, eski bir K\u00f6y Enstit\u00fcs\u00fc \u00f6\u011frencisi ve 16. D\u00f6nem Milletvekili Dr. Sami G\u00f6kmen\u2019in konu\u015fmac\u0131 oldu\u011fu bir s\u00f6yle\u015fi d\u00fczenledi. \u201c Cumhuriyet E\u011fitiminin Y\u00fcz Ak\u0131 K\u00f6y Enstit\u00fcleri\u201d ba\u015fl\u0131\u011f\u0131 alt\u0131nda yap\u0131lan s\u00f6yle\u015fide, K\u00f6y Enstit\u00fcleri\u2019nin, cumhuriyet tarihi ve toplumun geli\u015fimi a\u00e7\u0131s\u0131ndan \u00f6nemine de\u011finildi ve K\u00f6y Enstit\u00fcleri\u2019nde ne gibi e\u011fitimler verildi\u011fi ile birlikte i\u015fleyi\u015fi anlat\u0131ld\u0131. S\u00f6yle\u015fiye, enstit\u00fc mezunu \u00f6\u011fretmen Nazmi \u00d6ner de kat\u0131ld\u0131.<\/p>\n\n\n\n<p>CUMHUR\u0130YET\u0130N B\u00dcY\u00dcK KAZANIMI<\/p>\n\n\n\n<p>B\u00fclent Ecevit K\u00fclt\u00fcr Merkezi\u2019nde d\u00fczenlenen s\u00f6yle\u015fide Dr. Sami G\u00f6kmen, Atat\u00fcrk\u2019\u00fcn Kurtulu\u015f Sava\u015f\u0131\u2019ndan sonra s\u00f6yledi\u011fi \u201cAs\u0131l sava\u015f \u015fimdi ba\u015fl\u0131yor\u201d s\u00f6z\u00fcn\u00fc hat\u0131rlatarak, Atat\u00fcrk ve arkada\u015flar\u0131n\u0131n, halk\u0131n e\u011fitilmesi i\u00e7in g\u00f6sterdi\u011fi \u00e7abadan, bu \u00e7aban\u0131n sonunda da K\u00f6y Enstit\u00fclerinin kuruldu\u011funu ifade etti. G\u00f6kmen, \u201c1940 y\u0131l\u0131nda, d\u00f6nemin Cumhurba\u015fkan\u0131 \u0130smet \u0130n\u00f6n\u00fc \u00f6nderli\u011finde, d\u00f6nemin Milli E\u011fitim Bakan\u0131 Hasan Ali Y\u00fccel ve \u0130smail Tongu\u00e7\u2019un \u00e7abalar\u0131 sayesinde k\u00f6ylerde ya\u015fayan ve ilkokul mezunu vasf\u0131 ta\u015f\u0131yan \u00e7ocuklar\u0131n K\u00f6y Enstit\u00fcleri&#8217;nde e\u011fitim g\u00f6r\u00fcp tekrar ya\u015fad\u0131klar\u0131 k\u00f6ylere d\u00f6nerek \u00f6\u011fretmenlik yapmas\u0131 ama\u00e7lanm\u0131\u015ft\u0131r. K\u00f6y Enstit\u00fclerinde, g\u00fcndelik ya\u015famdan, Matematik, T\u00fcrk\u00e7e, Fen gibi bir\u00e7ok alanda dersler verilmi\u015ftir. Orada yeti\u015fen \u00f6\u011frenciler, Cumhuriyet\u2019e b\u00fcy\u00fck katk\u0131lar sa\u011flayan insanlar olmu\u015ftur\u201d diye konu\u015ftu.<\/p>\n\n\n\n<p>Antalya B\u00fcy\u00fck\u015fehir Belediyesi \/ B\u00fclten<\/p>\n","protected":false},"excerpt":{"rendered":"<p>Antalya B\u00fcy\u00fck\u015fehir Belediyesi, K\u00f6y Enstit\u00fcleri\u2019nin kurulu\u015funun 84. y\u0131ld\u00f6n\u00fcm\u00fcnde \u201cCumhuriyet E\u011fitiminin Y\u00fcz Ak\u0131 K\u00f6y Enstit\u00fcleri\u201d s\u00f6yle\u015fisi d\u00fczenledi. Antalya B\u00fcy\u00fck\u015fehir Belediyesi, T\u00fcrkiye Cumhuriyeti tarihinin en \u00f6nemli e\u011fitim <a href=\"https:\/\/akdenizhaber.com.tr\/index.php\/2024\/04\/19\/antalyada-koy-enstituleri-anildi\/\" class=\"read-more-link\">[more&#8230;]<\/a><\/p>\n","protected":false},"author":2,"featured_media":22675,"comment_status":"open","ping_status":"open","sticky":false,"template":"","format":"standard","meta":{"footnotes":""},"categories":[2],"tags":[],"class_list":["post-22674","post","type-post","status-publish","format-standard","has-post-thumbnail","hentry","category-gundem"],"_links":{"self":[{"href":"https:\/\/akdenizhaber.com.tr\/index.php\/wp-json\/wp\/v2\/posts\/22674","targetHints":{"allow":["GET"]}}],"collection":[{"href":"https:\/\/akdenizhaber.com.tr\/index.php\/wp-json\/wp\/v2\/posts"}],"about":[{"href":"https:\/\/akdenizhaber.com.tr\/index.php\/wp-json\/wp\/v2\/types\/post"}],"author":[{"embeddable":true,"href":"https:\/\/akdenizhaber.com.tr\/index.php\/wp-json\/wp\/v2\/users\/2"}],"replies":[{"embeddable":true,"href":"https:\/\/akdenizhaber.com.tr\/index.php\/wp-json\/wp\/v2\/comments?post=22674"}],"version-history":[{"count":1,"href":"https:\/\/akdenizhaber.com.tr\/index.php\/wp-json\/wp\/v2\/posts\/22674\/revisions"}],"predecessor-version":[{"id":22676,"href":"https:\/\/akdenizhaber.com.tr\/index.php\/wp-json\/wp\/v2\/posts\/22674\/revisions\/22676"}],"wp:featuredmedia":[{"embeddable":true,"href":"https:\/\/akdenizhaber.com.tr\/index.php\/wp-json\/wp\/v2\/media\/22675"}],"wp:attachment":[{"href":"https:\/\/akdenizhaber.com.tr\/index.php\/wp-json\/wp\/v2\/media?parent=22674"}],"wp:term":[{"taxonomy":"category","embeddable":true,"href":"https:\/\/akdenizhaber.com.tr\/index.php\/wp-json\/wp\/v2\/categories?post=22674"},{"taxonomy":"post_tag","embeddable":true,"href":"https:\/\/akdenizhaber.com.tr\/index.php\/wp-json\/wp\/v2\/tags?post=22674"}],"curies":[{"name":"wp","href":"https:\/\/api.w.org\/{rel}","templated":true}]}}