{"id":22666,"date":"2024-04-19T12:30:26","date_gmt":"2024-04-19T09:30:26","guid":{"rendered":"https:\/\/akdenizhaber.com.tr\/?p=22666"},"modified":"2024-04-19T12:30:28","modified_gmt":"2024-04-19T09:30:28","slug":"muratpasada-yilsonu-konserleri","status":"publish","type":"post","link":"https:\/\/akdenizhaber.com.tr\/index.php\/2024\/04\/19\/muratpasada-yilsonu-konserleri\/","title":{"rendered":"Muratpa\u015fa\u2019da y\u0131lsonu konserleri"},"content":{"rendered":"\n<p>Antalya\u2019da Muratpa\u015fa Belediyesi\u2019nin T\u00fcrk halk m\u00fczi\u011fi korosu ve 23 Nisan Ulusal Egemenlik ve \u00c7ocuk Bayram\u0131 konseriyle Gitar Orkestras\u0131 m\u00fczikseverlerle bulu\u015facak.<\/p>\n\n\n\n<p>Muratpa\u015fa Belediyesi\u2019nin koro ve orkestralar\u0131, y\u0131lsonu konserleriyle seyirci kar\u015f\u0131s\u0131na \u00e7\u0131k\u0131yor. Konserler dizisi Muratpa\u015fa Belediyesi ana hizmet binas\u0131nda bulunan k\u00fclt\u00fcr salonunda \u015eef Canan Kavut y\u00f6netiminde Muratpa\u015fa Belediyesi T\u00fcrk Halk M\u00fczi\u011fi Korosu\u2019nun konseriyle ba\u015flayacak.<br>Muratpa\u015fa Belediyesi Gitar Orkestras\u0131\u2019n\u0131n sahne alaca\u011f\u0131 23 Nisan Ulusal Egemenlik ve \u00c7ocuk Bayram\u0131 konseri ise 22 Nisan\u2019da ger\u00e7ekle\u015fecek. Belediye k\u00fclt\u00fcr salonundaki konser, saat 20.00\u2019de ba\u015flayacak. G\u00fcl\u015fah K\u00f6m\u00fcr\u2019\u00fcn solist oldu\u011fu konser Sevcan Tahtac\u0131 \u00c7ukur \u015fefli\u011finde ger\u00e7ekle\u015fecek.<br>Muratpa\u015fa Belediyesi ayr\u0131ca T\u00fcrkan \u015eoray K\u00fclt\u00fcr Merkezi\u2019nde bir hafta s\u00fcrecek \u2018DJ Kursu\u2019 ba\u015flat\u0131yor. 24-30 Nisan tarihlerinde d\u00fczenlenecek kurs, 12.00-16.00 saatleri aras\u0131nda ger\u00e7ekle\u015fecek. Ba\u015flang\u0131\u00e7 seviyesinde d\u00fczenlenecek kursta Dj\u2019lik e\u011fitimi Murat Ayd\u0131n taraf\u0131ndan verilecek.<\/p>\n\n\n\n<p>Muratpa\u015fa Belediyesi \/ B\u00fclten<\/p>\n","protected":false},"excerpt":{"rendered":"<p>Antalya\u2019da Muratpa\u015fa Belediyesi\u2019nin T\u00fcrk halk m\u00fczi\u011fi korosu ve 23 Nisan Ulusal Egemenlik ve \u00c7ocuk Bayram\u0131 konseriyle Gitar Orkestras\u0131 m\u00fczikseverlerle bulu\u015facak. Muratpa\u015fa Belediyesi\u2019nin koro ve orkestralar\u0131, <a href=\"https:\/\/akdenizhaber.com.tr\/index.php\/2024\/04\/19\/muratpasada-yilsonu-konserleri\/\" class=\"read-more-link\">[more&#8230;]<\/a><\/p>\n","protected":false},"author":2,"featured_media":22667,"comment_status":"open","ping_status":"open","sticky":false,"template":"","format":"standard","meta":{"footnotes":""},"categories":[2],"tags":[],"class_list":["post-22666","post","type-post","status-publish","format-standard","has-post-thumbnail","hentry","category-gundem"],"_links":{"self":[{"href":"https:\/\/akdenizhaber.com.tr\/index.php\/wp-json\/wp\/v2\/posts\/22666","targetHints":{"allow":["GET"]}}],"collection":[{"href":"https:\/\/akdenizhaber.com.tr\/index.php\/wp-json\/wp\/v2\/posts"}],"about":[{"href":"https:\/\/akdenizhaber.com.tr\/index.php\/wp-json\/wp\/v2\/types\/post"}],"author":[{"embeddable":true,"href":"https:\/\/akdenizhaber.com.tr\/index.php\/wp-json\/wp\/v2\/users\/2"}],"replies":[{"embeddable":true,"href":"https:\/\/akdenizhaber.com.tr\/index.php\/wp-json\/wp\/v2\/comments?post=22666"}],"version-history":[{"count":1,"href":"https:\/\/akdenizhaber.com.tr\/index.php\/wp-json\/wp\/v2\/posts\/22666\/revisions"}],"predecessor-version":[{"id":22668,"href":"https:\/\/akdenizhaber.com.tr\/index.php\/wp-json\/wp\/v2\/posts\/22666\/revisions\/22668"}],"wp:featuredmedia":[{"embeddable":true,"href":"https:\/\/akdenizhaber.com.tr\/index.php\/wp-json\/wp\/v2\/media\/22667"}],"wp:attachment":[{"href":"https:\/\/akdenizhaber.com.tr\/index.php\/wp-json\/wp\/v2\/media?parent=22666"}],"wp:term":[{"taxonomy":"category","embeddable":true,"href":"https:\/\/akdenizhaber.com.tr\/index.php\/wp-json\/wp\/v2\/categories?post=22666"},{"taxonomy":"post_tag","embeddable":true,"href":"https:\/\/akdenizhaber.com.tr\/index.php\/wp-json\/wp\/v2\/tags?post=22666"}],"curies":[{"name":"wp","href":"https:\/\/api.w.org\/{rel}","templated":true}]}}