{"id":22663,"date":"2024-04-19T12:29:33","date_gmt":"2024-04-19T09:29:33","guid":{"rendered":"https:\/\/akdenizhaber.com.tr\/?p=22663"},"modified":"2024-04-19T12:29:35","modified_gmt":"2024-04-19T09:29:35","slug":"sedir-kresi-ailelerin-gozdesi","status":"publish","type":"post","link":"https:\/\/akdenizhaber.com.tr\/index.php\/2024\/04\/19\/sedir-kresi-ailelerin-gozdesi\/","title":{"rendered":"Sedir Kre\u015fi ailelerin g\u00f6zdesi"},"content":{"rendered":"\n<p>Antalya B\u00fcy\u00fck\u015fehir Belediyesi, Muratpa\u015fa il\u00e7esi Sedir Mahallesi 100. Y\u0131l Spor Kompleksi i\u00e7erisinde hizmet vermeye ba\u015flayan 120 \u00f6\u011frenci kapasiteli modern \u00c7ocuk Kre\u015fi ve G\u00fcnd\u00fcz Bak\u0131mevi, ekonomik fiyat\u0131 ve kaliteli e\u011fitimi ile ailelerin g\u00f6zdesi oldu.<\/p>\n\n\n\n<p>Antalya\u2019n\u0131n d\u00f6rt bir yan\u0131nda yeni kre\u015fler a\u00e7arak kad\u0131n istihdam\u0131n\u0131 artt\u0131ran, ailelere ekonomik destek sunan ve sosyal belediyecili\u011fe \u00f6nc\u00fcl\u00fck eden B\u00fcy\u00fck\u015fehir Belediyesi, kre\u015f say\u0131lar\u0131n\u0131 artt\u0131rmaya devam ediyor. Antalya Sedir Mahallesi\u2019nde yap\u0131m\u0131 tamamlanan 100. Y\u0131l Spor Kompleksi b\u00fcnyesinde olu\u015fturulan Sedir \u00c7ocuk Kre\u015fi 4-6 ya\u015f aral\u0131\u011f\u0131ndaki \u00e7ocuklara e\u011fitim vermeye ba\u015flad\u0131. G\u00fcvenli bir konumda yer alan yeni kre\u015f, \u00e7ocuklar\u0131n e\u011flenerek vakit ge\u00e7irebilece\u011fi bir\u00e7ok sosyal etkinlik alan\u0131n\u0131 b\u00fcnyesinde bar\u0131nd\u0131r\u0131yor. Kre\u015fte \u00e7ocuklara \u00f6zel park oyun alanlar\u0131, ko\u015fu ve y\u00fcr\u00fcy\u00fc\u015f yollar\u0131, yemekhane, uyku alanlar\u0131 ve bir\u00e7ok etkinlik alanlar\u0131 yer al\u0131yor. \u00c7ocuklar\u0131n\u0131 g\u00fcven i\u00e7inde emanet ettiklerini dile getiren aileler, \u00f6nemli bir ihtiyac\u0131 kar\u015f\u0131layan kre\u015fte sunulan hizmetlerden \u00e7ok memnun.&nbsp;<\/p>\n\n\n\n<p>MODERN \u015eARTLARDA H\u0130ZMET<\/p>\n\n\n\n<p>B\u00fcy\u00fck\u015fehir Belediyesi Sedir \u00c7ocuk ve G\u00fcnd\u00fcz Bak\u0131m Evi olarak modern \u015fartlarda en iyi hizmetin sunuldu\u011funu belirten Kre\u015f Sorumlusu G\u00fclben Akka\u015f, ailelerin g\u00fcven ve ilgisinin artarak devam etti\u011fini belirtti. \u0130lk etapta 4 ya\u015f grubu iki s\u0131n\u0131fta hizmete ba\u015flad\u0131klar\u0131n\u0131 belirten Akka\u015f, \u201cTam kapasite hizmet vermeye ba\u015flad\u0131\u011f\u0131m\u0131zda 6 derslikte 120 \u00e7ocu\u011fa hizmet verece\u011fiz. \u00c7ocuklar\u0131m\u0131z\u0131n burada e\u011flenerek, \u00f6\u011frenerek keyifli vakit ge\u00e7irmeleri i\u00e7in \u00e7ok \u00f6zenle programlar ve imk\u00e2nlar sa\u011fl\u0131yoruz\u201d dedi.<\/p>\n\n\n\n<p>A\u0130LE EKONOM\u0130M\u0130ZE DESTEK OLDU<\/p>\n\n\n\n<p>B\u00fcy\u00fck\u015fehir Belediyesi\u2019nin kaliteli kre\u015f hizmetiyle aileleri ekonomik olarak rahatlatt\u0131\u011f\u0131n\u0131 ifade eden \u00f6\u011frenci velisi G\u00fcrkan Kar\u0131ko\u011flu, \u201cE\u015fim ile birlikte \u00e7al\u0131\u015f\u0131yoruz. B\u00fcy\u00fck\u015fehir Belediyemizin vatanda\u015flar\u0131m\u0131za uygun \u015fartlarda vermi\u015f oldu\u011fu bu hizmeti \u00e7ok \u00f6nemli ve yerinde buluyoruz. Son derece memnunuz. E\u011fitmenlerin \u00e7ocuklar\u0131m\u0131za yakla\u015f\u0131m\u0131 ve \u00e7ocuklar\u0131m\u0131z\u0131n buraya heyecanla, ko\u015farak gelmesi bizi memnun ediyor. Kre\u015f fiyatlar\u0131 da son derece uygun. \u00d6zel kre\u015flerin onda bir fiyat\u0131. Ekonomik olarak rahatlad\u0131k. Bu hizmetin artarak devam etmesini yay\u0131lmas\u0131n\u0131 diliyoruz\u201d diye konu\u015ftu.<\/p>\n\n\n\n<p>\u00c7OCUKLAR SEVEREK G\u0130D\u0130YOR<\/p>\n\n\n\n<p>B\u00fcy\u00fck\u015fehir Belediyesi kre\u015f hizmetlerinin artarak yayg\u0131nla\u015fmas\u0131 gerekti\u011fine dikkat \u00e7eken veli Cansu Koca \u201cG\u00fcn\u00fcm\u00fczde \u00f6zel kre\u015f fiyatlar\u0131 maalesef \u00e7ok y\u00fcksek bir\u00e7ok ailenin \u00f6deyemeyece\u011fi d\u00fczeyde. Bu fiyatlarda bu hizmeti almak ekonomik olarak \u00e7ok uygun. O\u011flumda ger\u00e7ekten severek gelip gidiyor. E\u011fitim ve yemekleri kaliteli. Halk\u0131n yan\u0131nda olan Muhittin B\u00f6cek Ba\u015fkan\u0131m\u0131za te\u015fekk\u00fcrlerimi sunuyorum\u201d ifadelerini kulland\u0131.<\/p>\n\n\n\n<p>B\u00dcY\u00dcK\u015eEH\u0130R\u2019E TE\u015eEKK\u00dcR<\/p>\n\n\n\n<p>Sunulan hizmetten memnun olduklar\u0131n\u0131 s\u00f6yleyen bir ba\u015fka veli Bur\u00e7in Akta\u015f ise<\/p>\n\n\n\n<p>\u201cKre\u015fimizden memnunuz \u00e7ocu\u011fumun hayat\u0131n\u0131 da g\u00fczel y\u00f6nde etkiledi. Buraya severek geliyor. E\u011flendi\u011fini d\u00fc\u015f\u00fcn\u00fcyorum. Bu imk\u00e2nlar sayesinde kendime de vakit ay\u0131rabiliyorum. Keyifliyiz memnununuz bu g\u00fczel hizmet i\u00e7in te\u015fekk\u00fcr ederiz\u201d dedi.<\/p>\n\n\n\n<p>Antalya B\u00fcy\u00fck\u015fehir Belediyesi \/ B\u00fclten<\/p>\n","protected":false},"excerpt":{"rendered":"<p>Antalya B\u00fcy\u00fck\u015fehir Belediyesi, Muratpa\u015fa il\u00e7esi Sedir Mahallesi 100. Y\u0131l Spor Kompleksi i\u00e7erisinde hizmet vermeye ba\u015flayan 120 \u00f6\u011frenci kapasiteli modern \u00c7ocuk Kre\u015fi ve G\u00fcnd\u00fcz Bak\u0131mevi, ekonomik <a href=\"https:\/\/akdenizhaber.com.tr\/index.php\/2024\/04\/19\/sedir-kresi-ailelerin-gozdesi\/\" class=\"read-more-link\">[more&#8230;]<\/a><\/p>\n","protected":false},"author":2,"featured_media":22664,"comment_status":"open","ping_status":"open","sticky":false,"template":"","format":"standard","meta":{"footnotes":""},"categories":[2],"tags":[],"class_list":["post-22663","post","type-post","status-publish","format-standard","has-post-thumbnail","hentry","category-gundem"],"_links":{"self":[{"href":"https:\/\/akdenizhaber.com.tr\/index.php\/wp-json\/wp\/v2\/posts\/22663","targetHints":{"allow":["GET"]}}],"collection":[{"href":"https:\/\/akdenizhaber.com.tr\/index.php\/wp-json\/wp\/v2\/posts"}],"about":[{"href":"https:\/\/akdenizhaber.com.tr\/index.php\/wp-json\/wp\/v2\/types\/post"}],"author":[{"embeddable":true,"href":"https:\/\/akdenizhaber.com.tr\/index.php\/wp-json\/wp\/v2\/users\/2"}],"replies":[{"embeddable":true,"href":"https:\/\/akdenizhaber.com.tr\/index.php\/wp-json\/wp\/v2\/comments?post=22663"}],"version-history":[{"count":1,"href":"https:\/\/akdenizhaber.com.tr\/index.php\/wp-json\/wp\/v2\/posts\/22663\/revisions"}],"predecessor-version":[{"id":22665,"href":"https:\/\/akdenizhaber.com.tr\/index.php\/wp-json\/wp\/v2\/posts\/22663\/revisions\/22665"}],"wp:featuredmedia":[{"embeddable":true,"href":"https:\/\/akdenizhaber.com.tr\/index.php\/wp-json\/wp\/v2\/media\/22664"}],"wp:attachment":[{"href":"https:\/\/akdenizhaber.com.tr\/index.php\/wp-json\/wp\/v2\/media?parent=22663"}],"wp:term":[{"taxonomy":"category","embeddable":true,"href":"https:\/\/akdenizhaber.com.tr\/index.php\/wp-json\/wp\/v2\/categories?post=22663"},{"taxonomy":"post_tag","embeddable":true,"href":"https:\/\/akdenizhaber.com.tr\/index.php\/wp-json\/wp\/v2\/tags?post=22663"}],"curies":[{"name":"wp","href":"https:\/\/api.w.org\/{rel}","templated":true}]}}