{"id":22657,"date":"2024-04-18T13:01:20","date_gmt":"2024-04-18T10:01:20","guid":{"rendered":"https:\/\/akdenizhaber.com.tr\/?p=22657"},"modified":"2024-04-18T13:01:20","modified_gmt":"2024-04-18T10:01:20","slug":"ziraat-fakultesi-yeni-satis-yeri-acilisi-gerceklestirildi","status":"publish","type":"post","link":"https:\/\/akdenizhaber.com.tr\/index.php\/2024\/04\/18\/ziraat-fakultesi-yeni-satis-yeri-acilisi-gerceklestirildi\/","title":{"rendered":"Ziraat Fak\u00fcltesi Yeni Sat\u0131\u015f Yeri A\u00e7\u0131l\u0131\u015f\u0131 ger\u00e7ekle\u015ftirildi"},"content":{"rendered":"\n<p>Akdeniz \u00dcniversitesi Ziraat Fak\u00fcltesi \u00e7iftli\u011finde ve seralar\u0131nda \u00fcretilen \u00fcr\u00fcnlerin sat\u0131\u015f\u0131n\u0131n yap\u0131ld\u0131\u011f\u0131 Yeni Sat\u0131\u015f Yeri A\u00e7\u0131l\u0131\u015f\u0131 ger\u00e7ekle\u015ftirildi.<\/p>\n\n\n\n<p>Akdeniz \u00dcniversitesi Ziraat Fak\u00fcltesi \u00e7iftli\u011finde ve seralar\u0131nda \u00fcretilen \u00fcr\u00fcnlerin sat\u0131\u015f\u0131n\u0131n yap\u0131ld\u0131\u011f\u0131 sat\u0131\u015f ma\u011fazas\u0131 yeni yerine ta\u015f\u0131nd\u0131. Yeni Sat\u0131\u015f Yeri A\u00e7\u0131l\u0131\u015f\u0131na Akdeniz \u00dcniversitesi Rekt\u00f6r\u00fc Prof. Dr. \u00d6zlenen \u00d6zkan, Rekt\u00f6r Yard\u0131mc\u0131lar\u0131 Prof. Dr. Cengiz Toker, Prof. Dr. \u015e\u00fckr\u00fc \u00d6zen, Genel Sekreter Ali Evren \u0130mre, Ziraat Fak\u00fcltesi Dekan\u0131 Prof. Dr. Mustafa Erkan, Dekan Yard\u0131mc\u0131lar\u0131 Do\u00e7. Dr. H\u00fcseyin \u00c7anc\u0131, Do\u00e7. Dr. Demir \u00d6zdemir, farkl\u0131 fak\u00fclte dekanlar\u0131, akademisyenler ve T\u00fcrk Halk M\u00fczi\u011fi Sanat\u00e7\u0131s\u0131 S\u00fcmer Ezg\u00fc de kat\u0131ld\u0131.<\/p>\n\n\n\n<p>Kurdele kesimi ile ger\u00e7ekle\u015ftirilen a\u00e7\u0131l\u0131\u015f\u0131n ard\u0131ndan Ziraat Fak\u00fcltesi \u00d6\u011fretim \u00dcyesi Prof. Dr. Burak Karaca\u00f6ren\u2019in bas gitar dinletisiyle kokteyl ger\u00e7ekle\u015ftirildi.<\/p>\n\n\n\n<p>YEREL \u00dcRET\u0130M\u0130 DESTEKLEMEK ADINA \u00d6NEML\u0130 B\u0130R ADIM<\/p>\n\n\n\n<p>Akdeniz \u00dcniversitesi Rekt\u00f6r\u00fc Prof. Dr. \u00d6zlenen \u00d6zkan, \u201cBu yeni sat\u0131\u015f noktas\u0131, Ziraat Fak\u00fcltemizin akademisyenlerinin, \u00e7al\u0131\u015fanlar\u0131n\u0131n ve \u00f6\u011frencilerinin eme\u011fiyle \u00fcretilen sa\u011fl\u0131kl\u0131 ve taze \u00fcr\u00fcnlerin, siz de\u011ferli \u00f6\u011frencilerimiz ve personelimiz i\u00e7in daha eri\u015filebilir hale getirilmesi amac\u0131yla a\u00e7\u0131lm\u0131\u015ft\u0131r. Burada, Ziraat Fak\u00fcltemizin \u00f6zenle yeti\u015ftirdi\u011fi meyve, sebze, s\u00fct \u00fcr\u00fcnleri ve daha bir\u00e7ok sa\u011fl\u0131kl\u0131 alternatifi bulabileceksiniz. Ancak bu sadece bir sat\u0131\u015f yeri de\u011fil, ayn\u0131 zamanda Ziraat Fak\u00fcltemizin \u00fcr\u00fcnlerinin tan\u0131t\u0131m\u0131 ve desteklenmesi i\u00e7in bir platformdur. Bu noktada, hem sa\u011fl\u0131kl\u0131 bir ya\u015fam tarz\u0131n\u0131 te\u015fvik etmek hem de yerel \u00fcretimi desteklemek ad\u0131na \u00f6nemli bir ad\u0131m atm\u0131\u015f bulunuyoruz.\u201d dedi.<\/p>\n\n\n\n<p>ET VE DONDURMA \u00dcRET\u0130M\u0130 DE PLANLANIYOR<\/p>\n\n\n\n<p>Rekt\u00f6r \u00d6zkan, \u201c2024 y\u0131l\u0131 i\u00e7erisinde de dondurma ve b\u00fcy\u00fckba\u015f hayvan et \u00fcretim tesisimizi hayata ge\u00e7irmeyi planl\u0131yoruz. Yaz s\u0131caklar\u0131n\u0131n etkisini Ziraat Fak\u00fcltemizin \u00fcretti\u011fi sa\u011fl\u0131kl\u0131 ve g\u00fcvenli dondurmalarla bir nebze hafifletebiliriz diye d\u00fc\u015f\u00fcn\u00fcyorum. \u00d6zellikle \u00e7ocuklar\u0131m\u0131z i\u00e7in bu habere \u00e7ok sevindim diyebilirim. Et \u00fcretim tesisi de b\u00fcy\u00fck bir proje. Hayata ge\u00e7irdi\u011fimiz takdirde \u015fu an i\u00e7in 90 \u00e7e\u015fit \u00fcr\u00fcn yelpazesine sahip olan sat\u0131\u015f ofisimiz sizlere \u00e7ok daha fazla sa\u011fl\u0131kl\u0131 \u00fcr\u00fcn sunabilecek. B\u00f6ylece hem sizler hem de \u00fcniversitemiz kazanacak. Bu projenin hayata ge\u00e7irilmesinde eme\u011fi ge\u00e7en Ziraat Fak\u00fcltesi Dekanl\u0131\u011f\u0131m\u0131za, akademisyenlerimize, personelimize ve \u00f6\u011frencilerimize te\u015fekk\u00fcr etmek istiyorum.\u201d \u015feklinde konu\u015ftu.<\/p>\n\n\n\n<p>G\u00dcNL\u00dcK B\u0130N\u0130N \u00dcZER\u0130NDE T\u00dcKET\u0130C\u0130YE ULA\u015eIYOR<\/p>\n\n\n\n<p>Kokteyl sonras\u0131 konu\u015fan Ziraat Fak\u00fcltesi Dekan\u0131 Prof. Dr. Mustafa Erkan, \u201c\u00dcniversitelerin en temel g\u00f6revleri aras\u0131nda e\u011fitim, \u00f6\u011fretim ve ara\u015ft\u0131rma yan\u0131nda toplumsal katk\u0131 da yer almaktad\u0131r. Biz bu ba\u011flamda burada \u00fcretti\u011fimiz \u00fcr\u00fcnleri Antalyal\u0131 t\u00fcketicilerle bulu\u015fturuyoruz. \u00d6zellikle Ziraat Fak\u00fcltesi \u00fcr\u00fcn\u00fc oldu\u011fu i\u00e7in b\u00fcy\u00fck bir g\u00fcven duyuldu\u011fundan dolay\u0131 \u015fu anda g\u00fcnl\u00fck bin ki\u015fiye yak\u0131n m\u00fc\u015fteri potansiyeline ula\u015fm\u0131\u015f durumday\u0131z. Amac\u0131m\u0131z daha fazla \u00fcretim yaparak bu say\u0131y\u0131 daha fazla art\u0131rabilmek.\u201d dedi.<\/p>\n\n\n\n<p>M\u0130LL\u0130 TARIMIMIZ B\u0130Z\u0130M T\u00dcRK\u00dcLER\u0130M\u0130Z G\u0130B\u0130 \u00c7OK DE\u011eERL\u0130<\/p>\n\n\n\n<p>T\u00fcrk Halk M\u00fczi\u011fi Sanat\u00e7\u0131s\u0131 S\u00fcmer Ezg\u00fc de \u201cMustafa hocam\u0131z beni davet etti ben severek geldim \u00e7\u00fcnk\u00fc tar\u0131ma \u00e7ok de\u011fer veriyorum. Milli tar\u0131m\u0131m\u0131z bizim t\u00fcrk\u00fclerimiz gibi \u00e7ok de\u011ferli. M\u00fccevher kutusu i\u00e7erisinde getirdim. Trabzon\u2019dan Fatih \u00c7olak isminde bir arkada\u015f\u0131m\u0131z \u00f6zveriyle ata tohumlar\u0131 \u00fcretiyor. T\u00fcrkiye\u2019nin her yerine g\u00f6nderiyor bana emanet etti bunu. \u0130\u00e7inde 18 tane farkl\u0131 ata tohumu var. Herkes kendi b\u00f6lgesinde bu tohumlar\u0131 dikerse b\u00f6lgeye daha fazla katk\u0131s\u0131 olur diye d\u00fc\u015f\u00fcn\u00fcyoruz. Bunu say\u0131n Rekt\u00f6r\u00fcm\u00fcze ben emanet ediyorum. Ziraat Fak\u00fcltemizde \u00e7ok g\u00fczel \u00fcr\u00fcnler verecektir bununla birlikte.\u201d \u015feklinde konu\u015ftu.<\/p>\n\n\n\n<p>ATA TOHUMLARI HEM \u00dcN\u0130VERS\u0130TEM\u0130Z HEM T\u00dcRK\u0130YE \u0130\u00c7\u0130N \u00c7OK KIYMETL\u0130<\/p>\n\n\n\n<p>Ata tohumlar\u0131 i\u00e7in te\u015fekk\u00fcr eden Rekt\u00f6r Prof. Dr. \u00d6zlenen \u00d6zkan, \u201cS\u00fcmer Ezg\u00fc\u2019n\u00fcn kalbimizde ve \u00fclkemizde yeri ba\u015fka. \u00c7ok k\u0131ymetli verdi\u011finiz hediye hem \u00fcniversitemiz i\u00e7in hem T\u00fcrkiye i\u00e7in k\u00fclt\u00fcr\u00fcm\u00fcz i\u00e7in \u00f6zellikle. \u0130n\u015fallah tohumlardan elde edece\u011fimiz \u00fcr\u00fcnleri size g\u00f6nderece\u011fiz.\u201d ifadelerini kulland\u0131.<\/p>\n\n\n\n<p>Konu\u015fmalar\u0131n ard\u0131ndan \u00e7i\u00e7ek takdimi yap\u0131ld\u0131.<\/p>\n\n\n\n<p>Akdeniz \u00dcniversitesi Rekt\u00f6rl\u00fc\u011f\u00fc \/ B\u00fclten<\/p>\n","protected":false},"excerpt":{"rendered":"<p>Akdeniz \u00dcniversitesi Ziraat Fak\u00fcltesi \u00e7iftli\u011finde ve seralar\u0131nda \u00fcretilen \u00fcr\u00fcnlerin sat\u0131\u015f\u0131n\u0131n yap\u0131ld\u0131\u011f\u0131 Yeni Sat\u0131\u015f Yeri A\u00e7\u0131l\u0131\u015f\u0131 ger\u00e7ekle\u015ftirildi. Akdeniz \u00dcniversitesi Ziraat Fak\u00fcltesi \u00e7iftli\u011finde ve seralar\u0131nda \u00fcretilen \u00fcr\u00fcnlerin <a href=\"https:\/\/akdenizhaber.com.tr\/index.php\/2024\/04\/18\/ziraat-fakultesi-yeni-satis-yeri-acilisi-gerceklestirildi\/\" class=\"read-more-link\">[more&#8230;]<\/a><\/p>\n","protected":false},"author":2,"featured_media":22658,"comment_status":"open","ping_status":"open","sticky":false,"template":"","format":"standard","meta":{"footnotes":""},"categories":[2],"tags":[],"class_list":["post-22657","post","type-post","status-publish","format-standard","has-post-thumbnail","hentry","category-gundem"],"_links":{"self":[{"href":"https:\/\/akdenizhaber.com.tr\/index.php\/wp-json\/wp\/v2\/posts\/22657","targetHints":{"allow":["GET"]}}],"collection":[{"href":"https:\/\/akdenizhaber.com.tr\/index.php\/wp-json\/wp\/v2\/posts"}],"about":[{"href":"https:\/\/akdenizhaber.com.tr\/index.php\/wp-json\/wp\/v2\/types\/post"}],"author":[{"embeddable":true,"href":"https:\/\/akdenizhaber.com.tr\/index.php\/wp-json\/wp\/v2\/users\/2"}],"replies":[{"embeddable":true,"href":"https:\/\/akdenizhaber.com.tr\/index.php\/wp-json\/wp\/v2\/comments?post=22657"}],"version-history":[{"count":1,"href":"https:\/\/akdenizhaber.com.tr\/index.php\/wp-json\/wp\/v2\/posts\/22657\/revisions"}],"predecessor-version":[{"id":22659,"href":"https:\/\/akdenizhaber.com.tr\/index.php\/wp-json\/wp\/v2\/posts\/22657\/revisions\/22659"}],"wp:featuredmedia":[{"embeddable":true,"href":"https:\/\/akdenizhaber.com.tr\/index.php\/wp-json\/wp\/v2\/media\/22658"}],"wp:attachment":[{"href":"https:\/\/akdenizhaber.com.tr\/index.php\/wp-json\/wp\/v2\/media?parent=22657"}],"wp:term":[{"taxonomy":"category","embeddable":true,"href":"https:\/\/akdenizhaber.com.tr\/index.php\/wp-json\/wp\/v2\/categories?post=22657"},{"taxonomy":"post_tag","embeddable":true,"href":"https:\/\/akdenizhaber.com.tr\/index.php\/wp-json\/wp\/v2\/tags?post=22657"}],"curies":[{"name":"wp","href":"https:\/\/api.w.org\/{rel}","templated":true}]}}