{"id":22652,"date":"2024-04-18T12:57:48","date_gmt":"2024-04-18T09:57:48","guid":{"rendered":"https:\/\/akdenizhaber.com.tr\/?p=22652"},"modified":"2024-04-18T12:57:48","modified_gmt":"2024-04-18T09:57:48","slug":"antalya-milletvekili-aykut-kaya-sidenin-sorunlarini-meclis-gundemine-tasidi","status":"publish","type":"post","link":"https:\/\/akdenizhaber.com.tr\/index.php\/2024\/04\/18\/antalya-milletvekili-aykut-kaya-sidenin-sorunlarini-meclis-gundemine-tasidi\/","title":{"rendered":"Antalya Milletvekili Aykut Kaya, Side\u2019nin Sorunlar\u0131n\u0131 Meclis G\u00fcndemine Ta\u015f\u0131d\u0131"},"content":{"rendered":"\n<p>\u0130Y\u0130 Parti Antalya Milletvekili Aykut Kaya, TBMM Genel Kurulu\u2019nda yapt\u0131\u011f\u0131 konu\u015fmas\u0131nda Side\u2019nin sorunlar\u0131n\u0131 dile getirerek \u00e7\u00f6z\u00fcm \u00f6nerilerini payla\u015ft\u0131.<\/p>\n\n\n\n<p>S\u0130DE ULUSLARARASI TUR\u0130ZMDE B\u0130R D\u00dcNYA MARKASIDIR<\/p>\n\n\n\n<p>\u201cBir Antalya Milletvekili olarak kendi b\u00f6lgemde g\u00f6zlemledi\u011fim sorunlardan birini de burada sizlerle payla\u015fmak istiyorum\u201d diyerek s\u00f6zlerine ba\u015flayan Kaya, \u201cGe\u00e7enlerde memleketim Manavgat&#8217;a ba\u011fl\u0131 turizmde bir d\u00fcnya markas\u0131 olan Side&#8217;deydim. \u00d6ncelikle, Antalya&#8217;ya gelen 15 milyon civar\u0131nda turistin yakla\u015f\u0131k \u00fc\u00e7te biri Manavgat&#8217;a gelmekte ve bunlar\u0131n da b\u00fcy\u00fck bir k\u0131sm\u0131 Side&#8217;yi ziyaret etmektedir. Side uluslararas\u0131 turizm alan\u0131nda bir d\u00fcnya markas\u0131. Dolay\u0131s\u0131yla buraya hem merkez\u00ee H\u00fck\u00fbmetin hem de yerel belediyenin \u00f6zenle ilgi g\u00f6stermesi gerekiyor.\u201d ifadelerini kulland\u0131. \u201cSon y\u0131llarda K\u00fclt\u00fcr ve Turizm Bakanl\u0131\u011f\u0131\u2019n\u0131n k\u00fclt\u00fcrel ve tarih\u00ee varl\u0131klar\u0131n ortaya \u00e7\u0131kart\u0131lmas\u0131nda \u00e7ok g\u00fczel ve ciddi \u00e7al\u0131\u015fmalar yapt\u0131\u011f\u0131n\u0131 g\u00f6r\u00fcyoruz. Bu \u00e7al\u0131\u015fmalar\u0131n hepsi de kamuoyu taraf\u0131ndan takdirle kar\u015f\u0131lan\u0131yor\u201d diyen Milletvekili Kaya, \u201cLakin, k\u00fclt\u00fcrel ve tarih\u00ee varl\u0131klar ortaya \u00e7\u0131kart\u0131l\u0131rken buradaki esnaf\u0131n, burada ya\u015fayan vatanda\u015flar\u0131n g\u00f6r\u00fc\u015fleri al\u0131nmam\u0131\u015f, onlar\u0131n ihtiya\u00e7lar\u0131 g\u00f6z ard\u0131 edilmi\u015f, kendilerine yeterli bilgi verilmemi\u015ftir. Sonu\u00e7ta, Side ge\u00e7mi\u015ften bug\u00fcne tarihiyle, ticaretiyle var olmu\u015f bir yerimizdir, bu \u015fekilde b\u00fct\u00fcnd\u00fcr.\u201d dedi.<\/p>\n\n\n\n<p>S\u0130DE KAR\u015eILAMA MERKEZ\u0130 TAM B\u0130R KE\u015eMEKE\u015eE D\u00d6NM\u00dc\u015e DURUMDA<\/p>\n\n\n\n<p>K\u00fclt\u00fcr ve Turizm Bakanl\u0131\u011f\u0131\u2019n\u0131n \u00f6nceden Side&#8217;nin giri\u015finde olan otogar alan\u0131n\u0131 Side Kar\u015f\u0131lama Merkezi olarak yeniden yap\u0131land\u0131rd\u0131\u011f\u0131n\u0131 belirten Kaya, \u201cburas\u0131 ara\u00e7lar\u0131n, taksilerin, dolmu\u015flar\u0131n, tur otob\u00fcslerinin, yerli ve yabanc\u0131 misafirlerin geldikleri ilk noktad\u0131r fakat buray\u0131 olu\u015ftururken buradaki esnaf\u0131n, burada ya\u015fayan vatanda\u015flar\u0131n g\u00f6r\u00fc\u015f\u00fc al\u0131nmam\u0131\u015f, onlar\u0131n ihtiya\u00e7lar\u0131 g\u00f6z ard\u0131 edilmi\u015f ve kendilerine de yeterli bilgi verilmemi\u015ftir. Yeni h\u00e2li tam bir ke\u015fmeke\u015fe d\u00f6nm\u00fc\u015f durumda, tamamen toz toprak i\u00e7erisinde. Yola \u00e7ak\u0131l serilmi\u015f, engelli vatanda\u015flar\u0131m\u0131z ve bebekli aileler gitmekte zorlan\u0131yorlar; bir an \u00f6nce Side&#8217;nin dokusuna uygun bir parke ta\u015f\u0131n\u0131n oraya d\u00f6\u015fenmesi gerekir\u201d de\u011ferlendirmesinde bulundu. \u201cDolmu\u015f\u00e7ular\u0131n peron say\u0131lar\u0131 yetersiz, kimin nerede duraca\u011f\u0131 belli de\u011fil; bir an \u00f6nce dolmu\u015f\u00e7u esnaf\u0131m\u0131z i\u00e7in bir d\u00fczenlemeye gitmek gerekmektedir. Taksicilerin yeri de\u011fi\u015ftirilmi\u015f, en sona at\u0131lm\u0131\u015f; taksici esnaf\u0131m\u0131z\u0131n bir an \u00f6nce eski yerlerine ta\u015f\u0131nmas\u0131 \u00f6nem arz etmektedir.\u201d diyen Milletvekili Kaya, \u201cEskisine g\u00f6re otopark\u0131n \u00e7ok k\u00fc\u00e7\u00fcld\u00fc\u011f\u00fcn\u00fc g\u00f6r\u00fcyoruz. Esnaf\u0131m\u0131z, vatanda\u015f\u0131m\u0131z arabas\u0131n\u0131 nereye park edecek? Bir an \u00f6nce otopark\u0131n b\u00fcy\u00fct\u00fclmesi i\u00e7in ivedilikle bir yer a\u00e7\u0131lmas\u0131 gerekmektedir. Yine, g\u00f6lgelik yok, \u00e7\u00f6p kutusu yok, yeterli tuvalet yok; bunlar temel ihtiya\u00e7. Yaz\u0131n 40-45 derece s\u0131cakta, turizmin en yo\u011fun oldu\u011fu d\u00f6nemde yerli ve yabanc\u0131 misafirlerimiz, esnaf\u0131m\u0131z peri\u015fan olacakt\u0131r. Yetkilileri uyar\u0131yorum: Bir an \u00f6nce gereken \u00f6nlemleri al\u0131n.\u201d ifadelerini kulland\u0131.<\/p>\n\n\n\n<p>S\u0130DE\u2019DE ULA\u015eIM KES\u0130NT\u0130S\u0130Z DEVAM ETMEL\u0130<\/p>\n\n\n\n<p>\u201cGiri\u015fte 1&#8217;inci kap\u0131 var, oradan 2&#8217;nci kap\u0131ya kadar ula\u015f\u0131m golf ara\u00e7lar\u0131yla ve belediyenin sa\u011flad\u0131\u011f\u0131 midib\u00fcslerle sa\u011flan\u0131yor. Buradaki temel sorun bekleme s\u00fcrelerinin fazla olmas\u0131 ve ula\u015f\u0131m ara\u00e7lar\u0131n\u0131n yetersizli\u011fidir. Bir an \u00f6nce ula\u015f\u0131m ara\u00e7lar\u0131n\u0131n \u00e7e\u015fitlendirilmesi ve say\u0131lar\u0131n\u0131n art\u0131r\u0131lmas\u0131 gerekmektedir.\u201d diyen Milletvekili Kaya,\u201dManavgat&#8217;tan buraya on be\u015f-yirmi dakikada minib\u00fcsle gelen bir misafirimiz 1&#8217;inci kap\u0131dan 2&#8217;nci kap\u0131ya yar\u0131m saatte gidemiyor, 700-800 metrelik bir mesafeden bahsediyoruz. Bekleme olmadan ula\u015f\u0131m\u0131n kesintisiz sa\u011flanmas\u0131 gerekir. Hafif rayl\u0131 sistemle kesintisiz dola\u015facak bir ring hatt\u0131 olu\u015fturulabilir. Golf ara\u00e7lar\u0131n\u0131n ve belediye ta\u015f\u0131ma ara\u00e7lar\u0131n\u0131n say\u0131lar\u0131n\u0131n bir an \u00f6nce art\u0131r\u0131lmas\u0131 gerekiyor.\u201d de\u011ferlendirmesinde bulundu.<\/p>\n\n\n\n<p>S\u0130DE POSTANES\u0130 S\u0130DE\u2019YE YAKI\u015eMIYOR<\/p>\n\n\n\n<p>Mevcut Side Postanesi Side&#8217;ye yak\u0131\u015fmad\u0131\u011f\u0131n\u0131 belirten Milletvekili Kaya, \u201cPostane yetersiz gelmektedir. Sadece bir personelin \u00e7al\u0131\u015ft\u0131\u011f\u0131 bir Side postanesi var. \u0130vedilikle oradaki istihdam say\u0131s\u0131n\u0131n art\u0131r\u0131lmas\u0131, PTT Bank\u2019\u0131n devreye girmesi, yeni ATM&#8217;lerin eklenmesi gerekmektedir.\u201d dedi.<\/p>\n\n\n\n<p>WC EKS\u0130KL\u0130\u011e\u0130 \u00c7\u00d6Z\u00dcLMEL\u0130, \u00c7\u00d6P ARABALARI MODERN\u0130ZE ED\u0130LMEL\u0130<\/p>\n\n\n\n<p>Side&#8217;nin i\u00e7indeki mevcut sorunlardan birisinin de tuvalet eksikli\u011fi oldu\u011funa dikkat \u00e7eken Kaya, \u201cSide&#8217;nin d\u00f6rt meydan\u0131na d\u00f6rt tane konforlu tuvalet yap\u0131lmas\u0131 gerekmektedir, bu da bir temel ihtiya\u00e7t\u0131r. Bunlar\u0131n \u00e7oktan \u00e7\u00f6z\u00fclm\u00fc\u015f olmas\u0131 gerekmekteydi.\u201d ifadelerini kulland\u0131. Ayr\u0131ca \u00e7\u00f6p arabas\u0131n\u0131n modernize edilmesi gerekti\u011fini vurgulayan Aykut Kaya, \u00e7\u00f6p arabas\u0131ndan akan pis suyun hem soka\u011f\u0131 kirletti\u011fini hem de koku yayd\u0131\u011f\u0131n\u0131 belirterek. \u201cSide&#8217;mize bu \u00e7\u00f6p arabas\u0131 yak\u0131\u015fmamakta.\u201d yorumunu yapt\u0131.<\/p>\n\n\n\n<p>S\u0130DE MEYDANINA \u0130NFO-DESK KURULMALI<\/p>\n\n\n\n<p>&nbsp;K\u00fclt\u00fcr ve Turizm Bakanl\u0131\u011f\u0131\u2019n\u0131n Side meydan\u0131na bir info-desk koymas\u0131 gerekti\u011fini de belirten Kaya, \u201cGelen misafirlerin talep, \u015fik\u00e2yet ve sorunlar\u0131 buraya iletilmelidir. Bu gelen yerli ve yabanc\u0131 misafirlerimizle bizim aram\u0131zda bir g\u00fcven olu\u015fturacakt\u0131r.\u201d dedi.<\/p>\n\n\n\n<p>ESNAFA UYGULANAN G\u0130R\u0130\u015e YASA\u011eI MA\u011eDUR\u0130YET YARATIYOR<\/p>\n\n\n\n<p>\u201c\u015eu an en \u00f6nemli sorunlardan birisi de Side esnaf\u0131m\u0131z sabah 11.00&#8217;den sonra ara\u00e7la ya da motorla Side&#8217;ye giri\u015f yapamamaktad\u0131r, d\u0131\u015far\u0131dan yemek bile s\u00f6yleyememektedirler.\u201d diyerek s\u00f6zlerini s\u00fcrd\u00fcren Kaya, \u201cEsnaf\u0131m\u0131za en az\u0131ndan her d\u00fckk\u00e2na kay\u0131tl\u0131 elektrikli bir mobiletle giri\u015f \u00e7\u0131k\u0131\u015f izni verilmesini savunuyor ve destekliyoruz.\u201d de\u011ferlendirmesinde bulundu.<\/p>\n\n\n\n<p>Milletvekili Kaya, \u201cKanun teklifleri haz\u0131rlan\u0131rken nas\u0131l isti\u015fare \u00f6nemli dediysem yerelde al\u0131nacak aksiyonlar i\u00e7in de ayn\u0131s\u0131 ge\u00e7erli. Bu nedenle, Side&#8217;yle ilgili kararlar al\u0131n\u0131rken b\u00f6lge esnaf\u0131n\u0131 ilgilendiren konularda esnaf\u0131n da istek ve g\u00f6r\u00fc\u015fleri al\u0131n\u0131p ihtiya\u00e7lar\u0131 g\u00f6z \u00f6n\u00fcnde bulundurulmal\u0131d\u0131r.\u201d diyerek s\u00f6zlerini tamamlad\u0131.<\/p>\n\n\n\n<p>B\u00fc\u015fra Deveci \/ B\u00fclten<\/p>\n","protected":false},"excerpt":{"rendered":"<p>\u0130Y\u0130 Parti Antalya Milletvekili Aykut Kaya, TBMM Genel Kurulu\u2019nda yapt\u0131\u011f\u0131 konu\u015fmas\u0131nda Side\u2019nin sorunlar\u0131n\u0131 dile getirerek \u00e7\u00f6z\u00fcm \u00f6nerilerini payla\u015ft\u0131. S\u0130DE ULUSLARARASI TUR\u0130ZMDE B\u0130R D\u00dcNYA MARKASIDIR \u201cBir <a href=\"https:\/\/akdenizhaber.com.tr\/index.php\/2024\/04\/18\/antalya-milletvekili-aykut-kaya-sidenin-sorunlarini-meclis-gundemine-tasidi\/\" class=\"read-more-link\">[more&#8230;]<\/a><\/p>\n","protected":false},"author":2,"featured_media":22653,"comment_status":"open","ping_status":"open","sticky":false,"template":"","format":"standard","meta":{"footnotes":""},"categories":[2],"tags":[],"class_list":["post-22652","post","type-post","status-publish","format-standard","has-post-thumbnail","hentry","category-gundem"],"_links":{"self":[{"href":"https:\/\/akdenizhaber.com.tr\/index.php\/wp-json\/wp\/v2\/posts\/22652","targetHints":{"allow":["GET"]}}],"collection":[{"href":"https:\/\/akdenizhaber.com.tr\/index.php\/wp-json\/wp\/v2\/posts"}],"about":[{"href":"https:\/\/akdenizhaber.com.tr\/index.php\/wp-json\/wp\/v2\/types\/post"}],"author":[{"embeddable":true,"href":"https:\/\/akdenizhaber.com.tr\/index.php\/wp-json\/wp\/v2\/users\/2"}],"replies":[{"embeddable":true,"href":"https:\/\/akdenizhaber.com.tr\/index.php\/wp-json\/wp\/v2\/comments?post=22652"}],"version-history":[{"count":1,"href":"https:\/\/akdenizhaber.com.tr\/index.php\/wp-json\/wp\/v2\/posts\/22652\/revisions"}],"predecessor-version":[{"id":22654,"href":"https:\/\/akdenizhaber.com.tr\/index.php\/wp-json\/wp\/v2\/posts\/22652\/revisions\/22654"}],"wp:featuredmedia":[{"embeddable":true,"href":"https:\/\/akdenizhaber.com.tr\/index.php\/wp-json\/wp\/v2\/media\/22653"}],"wp:attachment":[{"href":"https:\/\/akdenizhaber.com.tr\/index.php\/wp-json\/wp\/v2\/media?parent=22652"}],"wp:term":[{"taxonomy":"category","embeddable":true,"href":"https:\/\/akdenizhaber.com.tr\/index.php\/wp-json\/wp\/v2\/categories?post=22652"},{"taxonomy":"post_tag","embeddable":true,"href":"https:\/\/akdenizhaber.com.tr\/index.php\/wp-json\/wp\/v2\/tags?post=22652"}],"curies":[{"name":"wp","href":"https:\/\/api.w.org\/{rel}","templated":true}]}}