{"id":22640,"date":"2024-04-18T12:53:54","date_gmt":"2024-04-18T09:53:54","guid":{"rendered":"https:\/\/akdenizhaber.com.tr\/?p=22640"},"modified":"2024-04-18T12:53:54","modified_gmt":"2024-04-18T09:53:54","slug":"hayatpark-cicek-gibi-oldu","status":"publish","type":"post","link":"https:\/\/akdenizhaber.com.tr\/index.php\/2024\/04\/18\/hayatpark-cicek-gibi-oldu\/","title":{"rendered":"HayatPark \u00e7i\u00e7ek gibi oldu"},"content":{"rendered":"\n<p>Konyaalt\u0131\u2019n\u0131n g\u00f6zbebe\u011fi HayatPark\u2019\u0131n peyzaj\u0131 yenileniyor. \u00c7i\u00e7eklerle donat\u0131lan HayatPark\u2019\u0131n yeni hali vatanda\u015flar\u0131n da be\u011fenisini toplad\u0131<\/p>\n\n\n\n<p>Konyaalt\u0131 Belediyesi, il\u00e7e merkezinde bulunan 117 d\u00f6n\u00fcm alana sahip HayatPark\u2019\u0131n \u00e7ehresini de\u011fi\u015ftiriyor. Yaz \u00e7i\u00e7ekleriyle donat\u0131lan HayatPark, vatanda\u015flar\u0131n da be\u011fenisini toplad\u0131. HayatPark\u2019ta \u00e7imleri bi\u00e7en Konyaalt\u0131 Belediyesi Park ve Bah\u00e7eler M\u00fcd\u00fcrl\u00fc\u011f\u00fc ekipleri ard\u0131ndan park\u0131n bir \u00e7ok noktas\u0131na da yaz \u00e7i\u00e7ekleri dikti.<br>VATANDA\u015e MEMNUN<br>Konyaalt\u0131 Belediyesi Park ve Bah\u00e7eler M\u00fcd\u00fcrl\u00fc\u011f\u00fc\u2019nde peyzaj mimar\u0131 olarak g\u00f6rev yapan Hatice Ayaz, HayatPark\u2019ta \u00e7imlendirme ve \u00e7i\u00e7ek ekim \u00e7al\u0131\u015fmas\u0131 ger\u00e7ekle\u015ftirdiklerini s\u00f6yledi. Ayaz, \u201cHayatPark\u2019ta yaza haz\u0131rl\u0131k \u00e7al\u0131\u015fmalar\u0131m\u0131z tamamlanmak \u00fczere. Yaza haz\u0131rl\u0131k derken gerek mevsimlik \u00e7i\u00e7eklerimizin gerekse \u00e7al\u0131 grubu \u00e7imlerimizin ekimini ger\u00e7ekle\u015ftirdik\u201d dedi. HayatPark\u2019a yakla\u015f\u0131k 5 bin adet mevsimlik \u00e7i\u00e7ek ektiklerini kaydeden Ayaz, 15 bin metrekare alanda da \u00e7im ekme \u00e7al\u0131\u015fmalar\u0131n\u0131 tamamlad\u0131klar\u0131n\u0131 s\u00f6yledi. Ayaz, \u201cVatanda\u015f\u0131m\u0131z yapt\u0131\u011f\u0131m\u0131z \u00e7al\u0131\u015fmalardan memnuniyet duymaktad\u0131r. Reng\u00e2renk hale getirdi\u011fimiz HayatPark\u2019\u0131m\u0131za t\u00fcm vatanda\u015flar\u0131m\u0131z\u0131 bekliyoruz\u201d diye konu\u015ftu.<\/p>\n\n\n\n<p>Konyaalt\u0131 Belediyesi \/ B\u00fclten<\/p>\n","protected":false},"excerpt":{"rendered":"<p>Konyaalt\u0131\u2019n\u0131n g\u00f6zbebe\u011fi HayatPark\u2019\u0131n peyzaj\u0131 yenileniyor. \u00c7i\u00e7eklerle donat\u0131lan HayatPark\u2019\u0131n yeni hali vatanda\u015flar\u0131n da be\u011fenisini toplad\u0131 Konyaalt\u0131 Belediyesi, il\u00e7e merkezinde bulunan 117 d\u00f6n\u00fcm alana sahip HayatPark\u2019\u0131n \u00e7ehresini <a href=\"https:\/\/akdenizhaber.com.tr\/index.php\/2024\/04\/18\/hayatpark-cicek-gibi-oldu\/\" class=\"read-more-link\">[more&#8230;]<\/a><\/p>\n","protected":false},"author":2,"featured_media":22641,"comment_status":"open","ping_status":"open","sticky":false,"template":"","format":"standard","meta":{"footnotes":""},"categories":[2],"tags":[],"class_list":["post-22640","post","type-post","status-publish","format-standard","has-post-thumbnail","hentry","category-gundem"],"_links":{"self":[{"href":"https:\/\/akdenizhaber.com.tr\/index.php\/wp-json\/wp\/v2\/posts\/22640","targetHints":{"allow":["GET"]}}],"collection":[{"href":"https:\/\/akdenizhaber.com.tr\/index.php\/wp-json\/wp\/v2\/posts"}],"about":[{"href":"https:\/\/akdenizhaber.com.tr\/index.php\/wp-json\/wp\/v2\/types\/post"}],"author":[{"embeddable":true,"href":"https:\/\/akdenizhaber.com.tr\/index.php\/wp-json\/wp\/v2\/users\/2"}],"replies":[{"embeddable":true,"href":"https:\/\/akdenizhaber.com.tr\/index.php\/wp-json\/wp\/v2\/comments?post=22640"}],"version-history":[{"count":1,"href":"https:\/\/akdenizhaber.com.tr\/index.php\/wp-json\/wp\/v2\/posts\/22640\/revisions"}],"predecessor-version":[{"id":22642,"href":"https:\/\/akdenizhaber.com.tr\/index.php\/wp-json\/wp\/v2\/posts\/22640\/revisions\/22642"}],"wp:featuredmedia":[{"embeddable":true,"href":"https:\/\/akdenizhaber.com.tr\/index.php\/wp-json\/wp\/v2\/media\/22641"}],"wp:attachment":[{"href":"https:\/\/akdenizhaber.com.tr\/index.php\/wp-json\/wp\/v2\/media?parent=22640"}],"wp:term":[{"taxonomy":"category","embeddable":true,"href":"https:\/\/akdenizhaber.com.tr\/index.php\/wp-json\/wp\/v2\/categories?post=22640"},{"taxonomy":"post_tag","embeddable":true,"href":"https:\/\/akdenizhaber.com.tr\/index.php\/wp-json\/wp\/v2\/tags?post=22640"}],"curies":[{"name":"wp","href":"https:\/\/api.w.org\/{rel}","templated":true}]}}