{"id":22637,"date":"2024-04-18T12:53:25","date_gmt":"2024-04-18T09:53:25","guid":{"rendered":"https:\/\/akdenizhaber.com.tr\/?p=22637"},"modified":"2024-04-18T12:53:26","modified_gmt":"2024-04-18T09:53:26","slug":"kepezde-engelli-bireyler-icin-rampa-hizmeti","status":"publish","type":"post","link":"https:\/\/akdenizhaber.com.tr\/index.php\/2024\/04\/18\/kepezde-engelli-bireyler-icin-rampa-hizmeti\/","title":{"rendered":"Kepez\u2019de engelli bireyler i\u00e7in rampa hizmeti"},"content":{"rendered":"\n<p>Kepez Belediyesi, Kanal Mahallesi\u2019nde, tekerlekli sandalye kullanan bireylerin parka girmesine engel olan y\u00fckseklik fark\u0131 sorununu rampa hizmetiyle ortadan kald\u0131rd\u0131.<\/p>\n\n\n\n<p>Kepez Belediye Ba\u015fkan\u0131 Mesut Kocag\u00f6z\u2019\u00fcn talimat\u0131yla Park ve Bah\u00e7eler M\u00fcd\u00fcrl\u00fc\u011f\u00fc ye\u015fil alanlarda tadilat ve peyzaj \u00e7al\u0131\u015fmas\u0131 ba\u015flatt\u0131.<br>Tadilat \u00e7al\u0131\u015fmalar\u0131 s\u0131ras\u0131nda vatanda\u015flar\u0131n talepleri de kar\u015f\u0131lan\u0131yor.&nbsp;<br>Kanal Mahallesi\u2019nde 4743 ile 4745 sokaklar\u0131 aras\u0131nda kalan parka giri\u015f rampas\u0131 yap\u0131lmas\u0131 iste\u011fi de yerine getirildi.<br>Tekerlekli sandalye kullanan bireyler ile bebek arabas\u0131 olan vatanda\u015flar, y\u00fckseklik fark\u0131ndan dolay\u0131 s\u00f6z konusu ye\u015fil alana ula\u015fmada zorluk ya\u015f\u0131yordu.<br>Mahalle sakinleri de, Kepez Belediyesine yazd\u0131klar\u0131 bir dilek\u00e7eyle parka ula\u015f\u0131m sorununun \u00e7\u00f6z\u00fclmesini talep etti.<br><br>VATANDA\u015eIN \u0130STE\u011e\u0130NE HIZLI \u00c7\u00d6Z\u00dcM<\/p>\n\n\n\n<p>Kepez Belediyesi de, vatanda\u015flar\u0131n talebini dikkate alarak, parka giri\u015fi sa\u011flayan merdiveni kald\u0131rd\u0131 ve yerine kilit ta\u015f\u0131ndan rampa yapt\u0131. Park ve Bah\u00e7e M\u00fcd\u00fcrl\u00fc\u011f\u00fc ekiplerince yap\u0131m\u0131 tamamlanan rampa ile tekerlekli sandalye kullanan bireyler, bebek arabas\u0131 olan vatanda\u015flar ve ya\u015fl\u0131lar kolay bir \u015fekilde parka girebilecekler.<br>M\u00fcd\u00fcrl\u00fck \u00e7al\u0131\u015fanlar\u0131, park\u0131n eskiyen kent mobilyalar\u0131n\u0131 da yeniledi.<br>Kanal Mahallesi sakinleri de, taleplerinin h\u0131zl\u0131 bir \u015fekilde kar\u015f\u0131lanmas\u0131ndan ve rampa hizmetiyle parka ula\u015f\u0131m\u0131 kolayla\u015ft\u0131rmas\u0131ndan dolay\u0131 Kepez Belediye Ba\u015fkan\u0131 Mesut Kocag\u00f6z\u2019e te\u015fekk\u00fcr ettiler.<\/p>\n","protected":false},"excerpt":{"rendered":"<p>Kepez Belediyesi, Kanal Mahallesi\u2019nde, tekerlekli sandalye kullanan bireylerin parka girmesine engel olan y\u00fckseklik fark\u0131 sorununu rampa hizmetiyle ortadan kald\u0131rd\u0131. Kepez Belediye Ba\u015fkan\u0131 Mesut Kocag\u00f6z\u2019\u00fcn talimat\u0131yla <a href=\"https:\/\/akdenizhaber.com.tr\/index.php\/2024\/04\/18\/kepezde-engelli-bireyler-icin-rampa-hizmeti\/\" class=\"read-more-link\">[more&#8230;]<\/a><\/p>\n","protected":false},"author":2,"featured_media":22638,"comment_status":"open","ping_status":"open","sticky":false,"template":"","format":"standard","meta":{"footnotes":""},"categories":[2],"tags":[],"class_list":["post-22637","post","type-post","status-publish","format-standard","has-post-thumbnail","hentry","category-gundem"],"_links":{"self":[{"href":"https:\/\/akdenizhaber.com.tr\/index.php\/wp-json\/wp\/v2\/posts\/22637","targetHints":{"allow":["GET"]}}],"collection":[{"href":"https:\/\/akdenizhaber.com.tr\/index.php\/wp-json\/wp\/v2\/posts"}],"about":[{"href":"https:\/\/akdenizhaber.com.tr\/index.php\/wp-json\/wp\/v2\/types\/post"}],"author":[{"embeddable":true,"href":"https:\/\/akdenizhaber.com.tr\/index.php\/wp-json\/wp\/v2\/users\/2"}],"replies":[{"embeddable":true,"href":"https:\/\/akdenizhaber.com.tr\/index.php\/wp-json\/wp\/v2\/comments?post=22637"}],"version-history":[{"count":1,"href":"https:\/\/akdenizhaber.com.tr\/index.php\/wp-json\/wp\/v2\/posts\/22637\/revisions"}],"predecessor-version":[{"id":22639,"href":"https:\/\/akdenizhaber.com.tr\/index.php\/wp-json\/wp\/v2\/posts\/22637\/revisions\/22639"}],"wp:featuredmedia":[{"embeddable":true,"href":"https:\/\/akdenizhaber.com.tr\/index.php\/wp-json\/wp\/v2\/media\/22638"}],"wp:attachment":[{"href":"https:\/\/akdenizhaber.com.tr\/index.php\/wp-json\/wp\/v2\/media?parent=22637"}],"wp:term":[{"taxonomy":"category","embeddable":true,"href":"https:\/\/akdenizhaber.com.tr\/index.php\/wp-json\/wp\/v2\/categories?post=22637"},{"taxonomy":"post_tag","embeddable":true,"href":"https:\/\/akdenizhaber.com.tr\/index.php\/wp-json\/wp\/v2\/tags?post=22637"}],"curies":[{"name":"wp","href":"https:\/\/api.w.org\/{rel}","templated":true}]}}