{"id":22630,"date":"2024-04-18T12:50:42","date_gmt":"2024-04-18T09:50:42","guid":{"rendered":"https:\/\/akdenizhaber.com.tr\/?p=22630"},"modified":"2024-04-18T12:50:43","modified_gmt":"2024-04-18T09:50:43","slug":"hidirlik-kulesi-seyir-terasi-projesinde-yogun-calisma","status":"publish","type":"post","link":"https:\/\/akdenizhaber.com.tr\/index.php\/2024\/04\/18\/hidirlik-kulesi-seyir-terasi-projesinde-yogun-calisma\/","title":{"rendered":"H\u0131d\u0131rl\u0131k Kulesi seyir teras\u0131 projesinde yo\u011fun \u00e7al\u0131\u015fma"},"content":{"rendered":"\n<p>Antalya B\u00fcy\u00fck\u015fehir Belediyesi taraf\u0131ndan y\u00fcr\u00fct\u00fclen &#8216;H\u0131d\u0131rl\u0131k Kulesi \u00c7evresi Arkeolojik Kaz\u0131 ve Seyir Teras\u0131 Projesi\u2019nde hummal\u0131 \u00e7al\u0131\u015fma s\u00fcr\u00fcyor. Tarih ve manzaray\u0131 bulu\u015fturacak projede teknik \u00e7al\u0131\u015fmalar ilerlerken, yeni arkeolojik bulgular da g\u00fcn y\u00fcz\u00fcne \u00e7\u0131kar\u0131l\u0131yor.<\/p>\n\n\n\n<p>B\u00fcy\u00fck\u015fehir Belediyesi\u2019nin, Antalya\u2019n\u0131n k\u00fclt\u00fcrel miras\u0131 ve tarihi yap\u0131lardan H\u0131d\u0131rl\u0131k Kulesi\u2019ni k\u00fclt\u00fcrel ve turistik \u00e7ekim merkezi haline getirmek i\u00e7in 2020 y\u0131l\u0131nda Koruma Kurulu karar\u0131 do\u011frultusunda ba\u015flatt\u0131\u011f\u0131 arkeolojik kaz\u0131 \u00e7al\u0131\u015fmalar\u0131 sonunda b\u00f6lgede antik d\u00f6nem kal\u0131nt\u0131lar\u0131 ve yap\u0131lar\u0131 ortaya \u00e7\u0131km\u0131\u015ft\u0131. Eserlerin ziyaret\u00e7ilere Akdeniz manzaras\u0131 e\u015fli\u011finde sunulmas\u0131 amac\u0131yla Antalya B\u00fcy\u00fck\u015fehir Belediyesi taraf\u0131ndan yap\u0131m\u0131na ba\u015flanan &#8216;H\u0131d\u0131rl\u0131k Kulesi \u00c7evresi Arkeolojik Kaz\u0131 ve Seyir Teras\u0131 Projesi&#8217;nde \u00e7al\u0131\u015fmalar devam ediyor.<\/p>\n\n\n\n<p>TAR\u0130H\u0130 KULE VE \u00c7EVRES\u0130 YEN\u0130LEN\u0130YOR<\/p>\n\n\n\n<p>B\u00fcy\u00fck\u015fehir Belediyesi Fen \u0130\u015fleri Dairesi Ba\u015fkanl\u0131\u011f\u0131 taraf\u0131ndan alanda restorasyon ve koruma-onar\u0131m (konservasyon) i\u015fleri yap\u0131l\u0131yor.Kulenin g\u00fcney k\u0131sm\u0131ndaki alan\u0131nah\u015fap ve cam zemin kaplamalar\u0131 altyap\u0131s\u0131nda yer alan ta\u015f\u0131y\u0131c\u0131 kolonlar\u0131n \u00e7elik imalat montajlar\u0131 tamamland\u0131. Antik kal\u0131nt\u0131lar\u0131n izlenebilece\u011fi cam y\u00fczeylerin montaj\u0131 da b\u00fcy\u00fck oranda ger\u00e7ekle\u015ftirildi.Kulenin kuzey taraf\u0131nda da ta\u015f\u0131y\u0131c\u0131 kolonlar\u0131n \u00e7elik imalat montajlar\u0131 devam ediyor. Falezlerin siluetini etkilememesi i\u00e7inproje kapsam\u0131nda alan\u0131 \u00e7evreleyen \u015feffaf cam korkuluklar\u0131n da montaj\u0131na ba\u015fland\u0131. Ayr\u0131ca tarihi H\u0131d\u0131rl\u0131k Kulesi\u2019nde bitki temizli\u011fi ve d\u0131\u015f duvar derz dolgu\u00e7al\u0131\u015fmas\u0131 da y\u00fcr\u00fct\u00fcl\u00fcyor.<\/p>\n\n\n\n<p>S\u00dcTUNLU YAPI G\u00dcN Y\u00dcZ\u00dcNE \u00c7IKARILDI<\/p>\n\n\n\n<p>Antalya M\u00fcze M\u00fcd\u00fcrl\u00fc\u011f\u00fc ve KUDEB denetiminde s\u00fcrd\u00fcr\u00fclen proje kapsam\u0131ndatarihi kal\u0131nt\u0131lar\u0131nkonservasyon\u00e7al\u0131\u015fmalar\u0131 devam ederken,arkeolojik kaz\u0131 \u00e7al\u0131\u015fmalar\u0131 da titizlikle s\u00fcr\u00fcyor. Son olarak kulenin g\u00fcney k\u0131sm\u0131nda tarihe \u0131\u015f\u0131k tutacaks\u00fctunlu bir yap\u0131 g\u00fcn y\u00fcz\u00fcne \u00e7\u0131kar\u0131ld\u0131. Ayr\u0131ca kulenin g\u00fcney k\u0131sm\u0131nda da ortaya \u00e7\u0131kar\u0131lan desenli taban moziklerede uzman arkeologlar taraf\u0131ndan konservasyon \u00e7al\u0131\u015fmas\u0131 yap\u0131l\u0131yor.<\/p>\n\n\n\n<p>Antalya B\u00fcy\u00fck\u015fehir Belediyesi \/ B\u00fclten<\/p>\n","protected":false},"excerpt":{"rendered":"<p>Antalya B\u00fcy\u00fck\u015fehir Belediyesi taraf\u0131ndan y\u00fcr\u00fct\u00fclen &#8216;H\u0131d\u0131rl\u0131k Kulesi \u00c7evresi Arkeolojik Kaz\u0131 ve Seyir Teras\u0131 Projesi\u2019nde hummal\u0131 \u00e7al\u0131\u015fma s\u00fcr\u00fcyor. Tarih ve manzaray\u0131 bulu\u015fturacak projede teknik \u00e7al\u0131\u015fmalar ilerlerken, <a href=\"https:\/\/akdenizhaber.com.tr\/index.php\/2024\/04\/18\/hidirlik-kulesi-seyir-terasi-projesinde-yogun-calisma\/\" class=\"read-more-link\">[more&#8230;]<\/a><\/p>\n","protected":false},"author":2,"featured_media":22631,"comment_status":"open","ping_status":"open","sticky":false,"template":"","format":"standard","meta":{"footnotes":""},"categories":[2],"tags":[],"class_list":["post-22630","post","type-post","status-publish","format-standard","has-post-thumbnail","hentry","category-gundem"],"_links":{"self":[{"href":"https:\/\/akdenizhaber.com.tr\/index.php\/wp-json\/wp\/v2\/posts\/22630","targetHints":{"allow":["GET"]}}],"collection":[{"href":"https:\/\/akdenizhaber.com.tr\/index.php\/wp-json\/wp\/v2\/posts"}],"about":[{"href":"https:\/\/akdenizhaber.com.tr\/index.php\/wp-json\/wp\/v2\/types\/post"}],"author":[{"embeddable":true,"href":"https:\/\/akdenizhaber.com.tr\/index.php\/wp-json\/wp\/v2\/users\/2"}],"replies":[{"embeddable":true,"href":"https:\/\/akdenizhaber.com.tr\/index.php\/wp-json\/wp\/v2\/comments?post=22630"}],"version-history":[{"count":1,"href":"https:\/\/akdenizhaber.com.tr\/index.php\/wp-json\/wp\/v2\/posts\/22630\/revisions"}],"predecessor-version":[{"id":22632,"href":"https:\/\/akdenizhaber.com.tr\/index.php\/wp-json\/wp\/v2\/posts\/22630\/revisions\/22632"}],"wp:featuredmedia":[{"embeddable":true,"href":"https:\/\/akdenizhaber.com.tr\/index.php\/wp-json\/wp\/v2\/media\/22631"}],"wp:attachment":[{"href":"https:\/\/akdenizhaber.com.tr\/index.php\/wp-json\/wp\/v2\/media?parent=22630"}],"wp:term":[{"taxonomy":"category","embeddable":true,"href":"https:\/\/akdenizhaber.com.tr\/index.php\/wp-json\/wp\/v2\/categories?post=22630"},{"taxonomy":"post_tag","embeddable":true,"href":"https:\/\/akdenizhaber.com.tr\/index.php\/wp-json\/wp\/v2\/tags?post=22630"}],"curies":[{"name":"wp","href":"https:\/\/api.w.org\/{rel}","templated":true}]}}