{"id":22626,"date":"2024-04-18T12:47:44","date_gmt":"2024-04-18T09:47:44","guid":{"rendered":"https:\/\/akdenizhaber.com.tr\/?p=22626"},"modified":"2024-04-18T12:47:45","modified_gmt":"2024-04-18T09:47:45","slug":"kutsodan-geyikciye-hayirli-olsun-ziyareti","status":"publish","type":"post","link":"https:\/\/akdenizhaber.com.tr\/index.php\/2024\/04\/18\/kutsodan-geyikciye-hayirli-olsun-ziyareti\/","title":{"rendered":"KUTSO\u2019dan Geyik\u00e7i\u2019ye hay\u0131rl\u0131 olsun ziyareti"},"content":{"rendered":"\n<p>Kumluca Ticaret ve sanayi Odas\u0131 (KUTSO) Y\u00f6netim Kurulu Ba\u015fkan\u0131 Fahri \u00d6zen ve Y\u00f6netim Kurulu \u00dcyeleri, Finike Belediye Ba\u015fkanl\u0131\u011f\u0131na yeniden se\u00e7ilen Mustafa Geyik\u00e7i\u2019ye hay\u0131rl\u0131 olsun ziyaretinde bulundu.<\/p>\n\n\n\n<p>Finike Belediye Ba\u015fkanl\u0131\u011f\u0131 g\u00f6revine yeniden se\u00e7ilerek g\u00fcven tazeleyen Mustafa Geyik\u00e7i, KUTSO Ba\u015fkan\u0131 Fahri \u00d6zen ve Y\u00f6netim Kurulu \u00dcyeleri ile bir araya geldi. Ba\u015fkan Geyik\u00e7i\u2019ye yeni d\u00f6nem i\u00e7in hay\u0131rl\u0131 olsun dile\u011finde bulunan KUTSO Ba\u015fkan\u0131 \u00d6zen, \u00f6n\u00fcm\u00fczdeki s\u00fcre\u00e7te Bat\u0131 Antalya ekomisini geli\u015ftirecek projelerle ilgili i\u015fbirli\u011fi \u00e7al\u0131\u015fmalar\u0131n\u0131n artarak s\u00fcrece\u011fini dile getirdi.<\/p>\n\n\n\n<p>Bat\u0131 Antalya\u2019y\u0131 tar\u0131mdaki gibi turizmde de marka yapmal\u0131y\u0131z<\/p>\n\n\n\n<p>Finike Belediyesi olarak ge\u00e7ti\u011fimiz 5 y\u0131l boyunca hem il\u00e7enin hem de Bat\u0131 Antalya ekonomisinin geli\u015fmesi i\u00e7in yapt\u0131klar\u0131 \u00e7al\u0131\u015fmalar\u0131n \u00f6n\u00fcm\u00fczdeki 5 y\u0131l boyunca da artarak s\u00fcrece\u011fini ifade eden Ba\u015fkan Mustafa Geyik\u00e7i, b\u00f6lge ekonomisinin g\u00fc\u00e7lenmesi i\u00e7in en b\u00fcy\u00fck payda\u015flar\u0131n\u0131n KUTSO olaca\u011f\u0131n\u0131 ifade etti. Bat\u0131 Antalya\u2019n\u0131n en \u00f6nemli ekonomik g\u00fcc\u00fcn\u00fcn tar\u0131m sekt\u00f6r\u00fc oldu\u011funu dile getiren Ba\u015fkan Mustafa Geyik\u00e7i, \u201cTar\u0131m sekt\u00f6r\u00fcm\u00fczde sadece Antalya\u2019n\u0131n de\u011fil T\u00fcrkiye\u2019nin en \u00f6nemli \u00fcretim b\u00f6lgelerinden biriyiz. Tar\u0131m sekt\u00f6r\u00fcndeki \u00f6nemli markam\u0131z\u0131 turizm sekt\u00f6r\u00fcm\u00fcz\u00fc de geli\u015ftirerek b\u00f6lgemizin ekonomik g\u00fcc\u00fcn\u00fc art\u0131rmal\u0131y\u0131z. D\u00fcnyan\u0131n en \u00f6nemli turizm destinasyonlar\u0131ndan biri olan Antalya\u2019n\u0131n turizmdeki kalitesini Bat\u0131 Antalya\u2019da da geli\u015ftirmeliyiz. Bu a\u00e7\u0131dan \u00f6zellikle butik ve alternatif turizm i\u00e7in projelerimizi haz\u0131rlad\u0131k. Bu projeleri hayata ge\u00e7irerek Finike ba\u015fta olmak \u00fczere t\u00fcm Bat\u0131 Antalya\u2019da \u00f6nemli bir turizm geliri sa\u011flamay\u0131 hedefliyoruz\u201d dedi.<\/p>\n\n\n\n<p>Bat\u0131 Antalya ekonomisinin g\u00fc\u00e7lenmesi i\u00e7in KUTSO en \u00f6nemli payda\u015f\u0131m\u0131zd\u0131r<\/p>\n\n\n\n<p>B\u00f6lgenin tarihi dokusu, do\u011fas\u0131 ve alternatif turizm rotalar\u0131n\u0131n b\u00f6lge turizminde \u00e7ok \u00f6nemli de\u011ferler oldu\u011funu da ifade eden Ba\u015fkan Mustafa Geyik\u00e7i, \u201cB\u00f6lgemizde antik kentler, e\u015fsiz sahiller, y\u00fcr\u00fcy\u00fc\u015f yollar\u0131, t\u0131rman\u0131\u015f alanlar\u0131 gibi bir\u00e7ok farkl\u0131 alternatif bulunuyor. Bizlerin bu de\u011ferleri turizm gezginlerine tan\u0131tmak ve onlar\u0131n tercihlerinde \u00f6nemli bir yer haline getirmek gerekiyor. Bu \u00e7al\u0131\u015fmalar\u0131n yap\u0131lmas\u0131 ile b\u00f6lgemizin turizm geli\u015fimi sa\u011flanacakt\u0131r. Bunda da KUTSO bizim \u00f6nemli bir payda\u015f\u0131m\u0131z olacakt\u0131r. Turizmin yan\u0131 s\u0131ra tar\u0131mda ve ticarette de yap\u0131lacak \u00e7al\u0131\u015fmalar ile b\u00f6lge ekonomimizi geli\u015ftirip, vatanda\u015flar\u0131m\u0131z\u0131n ekonomik olarak g\u00fc\u00e7lenmesini sa\u011flamal\u0131y\u0131z. Finike Belediyesi olarak yap\u0131lacak her t\u00fcrl\u00fc olumlu \u00e7al\u0131\u015fmaya ortak olmaya haz\u0131r\u0131z\u201d \u015feklinde konu\u015ftu.<\/p>\n\n\n\n<p>Uyumlu \u00e7al\u0131\u015fmam\u0131z devam edecek<\/p>\n\n\n\n<p>Finike Belediyesi ile ge\u00e7ti\u011fimiz d\u00f6nem boyunca her zaman uyum i\u00e7erisinde \u00e7al\u0131\u015ft\u0131klar\u0131n\u0131 bu uyumun \u00f6n\u00fcm\u00fczdeki s\u00fcre\u00e7te de artarak devam etmesini istediklerini dile getiren KUTSO Ba\u015fkan\u0131 Fahri \u00d6zen, \u201cBat\u0131 Antalya\u2019n\u0131n tar\u0131m\u0131n\u0131, turizmini, ticaretini geli\u015ftirecek her projede yer almaya haz\u0131r\u0131z. Ge\u00e7ti\u011fimiz d\u00f6nemde bu \u00e7al\u0131\u015fmalar\u0131 birlikte yapt\u0131k. \u015eimdi bu \u00e7al\u0131\u015fmalar\u0131 art\u0131rarak b\u00f6lgemizin g\u00fcc\u00fcn\u00fc birlikte hak etti\u011fi noktaya getirece\u011fiz. Bat\u0131 Antalya\u2019n\u0131n g\u00fc\u00e7lenmesi, Antalya\u2019n\u0131n g\u00fc\u00e7lenmesi demektir. Biz Mustafa Geyik\u00e7i ba\u015fkan\u0131m\u0131zla birlikte bu g\u00fcc\u00fc \u00f6n\u00fcm\u00fczdeki d\u00f6nemde g\u00f6sterece\u011fiz. Ben bir kez daha kendisini tebrik ediyor ve g\u00f6revinde ba\u015far\u0131lar diliyorum\u201d ifadelerini kulland\u0131.<\/p>\n\n\n\n<p>Kumluca Ticaret ve sanayi Odas\u0131 \/ B\u00fclten<\/p>\n","protected":false},"excerpt":{"rendered":"<p>Kumluca Ticaret ve sanayi Odas\u0131 (KUTSO) Y\u00f6netim Kurulu Ba\u015fkan\u0131 Fahri \u00d6zen ve Y\u00f6netim Kurulu \u00dcyeleri, Finike Belediye Ba\u015fkanl\u0131\u011f\u0131na yeniden se\u00e7ilen Mustafa Geyik\u00e7i\u2019ye hay\u0131rl\u0131 olsun ziyaretinde <a href=\"https:\/\/akdenizhaber.com.tr\/index.php\/2024\/04\/18\/kutsodan-geyikciye-hayirli-olsun-ziyareti\/\" class=\"read-more-link\">[more&#8230;]<\/a><\/p>\n","protected":false},"author":2,"featured_media":22627,"comment_status":"open","ping_status":"open","sticky":false,"template":"","format":"standard","meta":{"footnotes":""},"categories":[2],"tags":[],"class_list":["post-22626","post","type-post","status-publish","format-standard","has-post-thumbnail","hentry","category-gundem"],"_links":{"self":[{"href":"https:\/\/akdenizhaber.com.tr\/index.php\/wp-json\/wp\/v2\/posts\/22626","targetHints":{"allow":["GET"]}}],"collection":[{"href":"https:\/\/akdenizhaber.com.tr\/index.php\/wp-json\/wp\/v2\/posts"}],"about":[{"href":"https:\/\/akdenizhaber.com.tr\/index.php\/wp-json\/wp\/v2\/types\/post"}],"author":[{"embeddable":true,"href":"https:\/\/akdenizhaber.com.tr\/index.php\/wp-json\/wp\/v2\/users\/2"}],"replies":[{"embeddable":true,"href":"https:\/\/akdenizhaber.com.tr\/index.php\/wp-json\/wp\/v2\/comments?post=22626"}],"version-history":[{"count":1,"href":"https:\/\/akdenizhaber.com.tr\/index.php\/wp-json\/wp\/v2\/posts\/22626\/revisions"}],"predecessor-version":[{"id":22628,"href":"https:\/\/akdenizhaber.com.tr\/index.php\/wp-json\/wp\/v2\/posts\/22626\/revisions\/22628"}],"wp:featuredmedia":[{"embeddable":true,"href":"https:\/\/akdenizhaber.com.tr\/index.php\/wp-json\/wp\/v2\/media\/22627"}],"wp:attachment":[{"href":"https:\/\/akdenizhaber.com.tr\/index.php\/wp-json\/wp\/v2\/media?parent=22626"}],"wp:term":[{"taxonomy":"category","embeddable":true,"href":"https:\/\/akdenizhaber.com.tr\/index.php\/wp-json\/wp\/v2\/categories?post=22626"},{"taxonomy":"post_tag","embeddable":true,"href":"https:\/\/akdenizhaber.com.tr\/index.php\/wp-json\/wp\/v2\/tags?post=22626"}],"curies":[{"name":"wp","href":"https:\/\/api.w.org\/{rel}","templated":true}]}}