{"id":22618,"date":"2024-04-18T12:45:48","date_gmt":"2024-04-18T09:45:48","guid":{"rendered":"https:\/\/akdenizhaber.com.tr\/?p=22618"},"modified":"2024-04-18T12:45:49","modified_gmt":"2024-04-18T09:45:49","slug":"antalya-buyuksehir-belediyesi-23-nisani-coskuyla-kutlayacak","status":"publish","type":"post","link":"https:\/\/akdenizhaber.com.tr\/index.php\/2024\/04\/18\/antalya-buyuksehir-belediyesi-23-nisani-coskuyla-kutlayacak\/","title":{"rendered":"Antalya B\u00fcy\u00fck\u015fehir Belediyesi 23 Nisan\u2019\u0131 co\u015fkuyla kutlayacak"},"content":{"rendered":"\n<p><\/p>\n\n\n\n<p>Antalya B\u00fcy\u00fck\u015fehir Belediyesi 23 Nisan Ulusal Egemenlik ve \u00c7ocuk Bayram\u0131\u2019n\u0131 \u201c23 Nisan \u00c7ocuk ve U\u00e7urtma Festivali\u201d ile dolu dolu kutlamaya haz\u0131rlan\u0131yor. 19-23 Nisan tarihleri aras\u0131nda \u00e7ocuklar i\u00e7in m\u00fczik ve dans g\u00f6sterileri, yar\u0131\u015fmalar ve pek \u00e7ok etkinli\u011fin yer alaca\u011f\u0131 \u00c7ocuk ve U\u00e7urtma Festivali kapsam\u0131nda 23 Nisan Sal\u0131 g\u00fcn\u00fc T\u00fcrk Y\u0131ld\u0131zlar\u0131 g\u00f6sterisi ger\u00e7ekle\u015fecek.<\/p>\n\n\n\n<p>Antalyal\u0131 \u00e7ocuklar, 23 Nisan Ulusal Egemenlik ve \u00c7ocuk Bayram\u0131&#8217;n\u0131 B\u00fcy\u00fck\u015fehir Belediyesi&#8217;nin d\u00fczenleyece\u011fi \u00c7ocuk ve U\u00e7urtma Festivali ile co\u015fku i\u00e7inde kutlayacak. 19 Nisan Cuma g\u00fcn\u00fc Atat\u00fcrk Park\u0131 ile Cumhuriyet Meydan\u0131 aras\u0131nda d\u00fczenlenecek Sevgi Korteji ile ba\u015flayacak kutlamalar 16.30\u2019da Cumhuriyet Meydan\u0131\u2019nda g\u00f6steriler ile devam edecek. Sevgi Korteji\u2019ne KKTC, Azerbaycan, G\u00fcrcistan, Ukrayna, Tebriz, Kazakistan, Endonezya, Tataristan, Romanya, Estonya, \u00d6zbekistan, Litvanya, K\u0131rg\u0131zistan, Polonya ve T\u00fcrkiye\u2019nin farkl\u0131 \u015fehirlerinden gelen 500 civar\u0131nda \u00e7ocuk kat\u0131lacak.<\/p>\n\n\n\n<p>RENKL\u0130 ETK\u0130NL\u0130KLER D\u00dcZENLENECEK<\/p>\n\n\n\n<p>20 Nisan Cumartesi ve 21 Nisan Pazar g\u00fcn\u00fc Cam Piramit Kral Yolu\u2019nda kurulacak sahnede 13.00-19.30 saatleri aras\u0131nda Uluslararas\u0131 \u00c7ocuk Dans G\u00f6sterileri yer alacak. Etkinlikler kapsam\u0131nda dev maskotlar, \u015fi\u015fme oyun parklar\u0131, ah\u015fap oyun istasyonlar\u0131, panay\u0131r oyunlar\u0131 gibi birbirinden e\u011flenceli etkinlikler olacak. U\u00e7urtma \u015eenli\u011fi\u2019nde ise \u00e7ocuklar renkli ve keyifli anlar ya\u015fayacak. Ayn\u0131 alanda g\u00fcn boyu konserler, renkli g\u00f6steriler, maskot \u015fovlarla Antalyal\u0131 \u00e7ocuklara unutamayacaklar\u0131 bir bayram ya\u015fatacak.<\/p>\n\n\n\n<p>T\u00dcRK YILDIZLARI G\u00d6STER\u0130S\u0130<\/p>\n\n\n\n<p>Antalya B\u00fcy\u00fck\u015fehir Belediyesi K\u00fclt\u00fcr ve Sosyal \u0130\u015fler Dairesi Ba\u015fkanl\u0131\u011f\u0131 taraf\u0131ndan haz\u0131rlanan program kapsam\u0131nda 23 Nisan Sal\u0131 g\u00fcn\u00fc Cam Piramit Kral Yolu\u2019nda 12.30-17.00 saatler aras\u0131nda okullar\u0131n at\u00f6lye ve stant etkinlikleri yer alacak. 23 Nisan Sal\u0131 g\u00fcn\u00fc saat 16.00\u2019da Konyaalt\u0131 Sahili\u2019nde d\u00fczenlenecek T\u00fcrk Y\u0131ld\u0131zlar\u0131 g\u00f6sterisi 23 Nisan kutlamalar\u0131na renk ve heyecan katacak.<\/p>\n\n\n\n<p>15. SATRAN\u00c7 TURNUVASI<\/p>\n\n\n\n<p>23 Nisan Ulusal Egemenlik ve \u00c7ocuk Bayram\u0131 kutlamalar\u0131 kapsam\u0131nda ayr\u0131ca 19-20 ve 21 Nisan tarihlerinde Cam Piramit\u2019te Antalya B\u00fcy\u00fck\u015fehir Belediyesi 15. Satran\u00e7 Turnuvas\u0131 d\u00fczenlenecek. Turnuvada 5-6 ya\u015f ve 7-12 ya\u015f aras\u0131 \u00e7ocuklar \u00e7e\u015fitli kategorilerde yar\u0131\u015facak. Antalya B\u00fcy\u00fck\u015fehir Belediyesi Gen\u00e7lik ve Spor Hizmetleri Dairesi Ba\u015fkanl\u0131\u011f\u0131 taraf\u0131ndan 2015-2018 do\u011fumlu \u00e7ocuklar\u0131n kat\u0131l\u0131m\u0131yla 23 Nisan Ulusal Egemenlik ve \u00c7ocuk Bayram\u0131 Futbol Turnuvas\u0131 d\u00fczenlenecek.<\/p>\n\n\n\n<p>25. ULUSLARARASI ANTALYA \u00c7OCUK FEST\u0130VAL\u0130 GALA G\u00d6STER\u0130LER\u0130<\/p>\n\n\n\n<p>23 Nisan Sal\u0131 saat 16.00 da Antalya B\u00fcy\u00fck\u015fehir Belediyesi ve Kepez Belediyesi i\u015fbirli\u011fi ile Dokuma Park\u2019ta 25. Uluslararas\u0131 Antalya \u00c7ocuk Festivali Gala G\u00f6sterileri, D\u00fcnya \u00fclkelerinde \u015fehrimize gelen misafir \u00e7ocuklarla ger\u00e7ekle\u015ftirilecek.<\/p>\n\n\n\n<p>YEN\u0130 JENERASYON \u00c7OCUK MODA G\u00dcN\u00dc<\/p>\n\n\n\n<p>23 Nisan Ulusal Egemenlik ve \u00c7ocuk Bayram\u0131 kutlamalar\u0131 kapsam\u0131nda ayr\u0131ca Yeni Jenerasyon \u00c7ocuk Moda G\u00fcn\u00fc Defile Program\u0131 Antalyal\u0131lar ile bulu\u015facak. 23 Nisan Sal\u0131 14.00-15.00 saatleri aras\u0131 Cam Piramit Kral Yolu sahnesinde Kazakistan&#8217;\u0131n Astana \u015fehrinden gelen tasar\u0131mc\u0131lar Dayana Alimbayeva,AyaulymNursultan ve Dar Diamond\u2019un tasarlad\u0131\u011f\u0131 geleneksel ve modern k\u0131yafetler 16 \u00e7ocuk model taraf\u0131ndan be\u011feniye sunulacak.<\/p>\n\n\n\n<p>Antalya B\u00fcy\u00fck\u015fehir Belediyesi \/ B\u00fclten<\/p>\n","protected":false},"excerpt":{"rendered":"<p>Antalya B\u00fcy\u00fck\u015fehir Belediyesi 23 Nisan Ulusal Egemenlik ve \u00c7ocuk Bayram\u0131\u2019n\u0131 \u201c23 Nisan \u00c7ocuk ve U\u00e7urtma Festivali\u201d ile dolu dolu kutlamaya haz\u0131rlan\u0131yor. 19-23 Nisan tarihleri aras\u0131nda <a href=\"https:\/\/akdenizhaber.com.tr\/index.php\/2024\/04\/18\/antalya-buyuksehir-belediyesi-23-nisani-coskuyla-kutlayacak\/\" class=\"read-more-link\">[more&#8230;]<\/a><\/p>\n","protected":false},"author":2,"featured_media":22619,"comment_status":"open","ping_status":"open","sticky":false,"template":"","format":"standard","meta":{"footnotes":""},"categories":[2],"tags":[],"class_list":["post-22618","post","type-post","status-publish","format-standard","has-post-thumbnail","hentry","category-gundem"],"_links":{"self":[{"href":"https:\/\/akdenizhaber.com.tr\/index.php\/wp-json\/wp\/v2\/posts\/22618","targetHints":{"allow":["GET"]}}],"collection":[{"href":"https:\/\/akdenizhaber.com.tr\/index.php\/wp-json\/wp\/v2\/posts"}],"about":[{"href":"https:\/\/akdenizhaber.com.tr\/index.php\/wp-json\/wp\/v2\/types\/post"}],"author":[{"embeddable":true,"href":"https:\/\/akdenizhaber.com.tr\/index.php\/wp-json\/wp\/v2\/users\/2"}],"replies":[{"embeddable":true,"href":"https:\/\/akdenizhaber.com.tr\/index.php\/wp-json\/wp\/v2\/comments?post=22618"}],"version-history":[{"count":1,"href":"https:\/\/akdenizhaber.com.tr\/index.php\/wp-json\/wp\/v2\/posts\/22618\/revisions"}],"predecessor-version":[{"id":22620,"href":"https:\/\/akdenizhaber.com.tr\/index.php\/wp-json\/wp\/v2\/posts\/22618\/revisions\/22620"}],"wp:featuredmedia":[{"embeddable":true,"href":"https:\/\/akdenizhaber.com.tr\/index.php\/wp-json\/wp\/v2\/media\/22619"}],"wp:attachment":[{"href":"https:\/\/akdenizhaber.com.tr\/index.php\/wp-json\/wp\/v2\/media?parent=22618"}],"wp:term":[{"taxonomy":"category","embeddable":true,"href":"https:\/\/akdenizhaber.com.tr\/index.php\/wp-json\/wp\/v2\/categories?post=22618"},{"taxonomy":"post_tag","embeddable":true,"href":"https:\/\/akdenizhaber.com.tr\/index.php\/wp-json\/wp\/v2\/tags?post=22618"}],"curies":[{"name":"wp","href":"https:\/\/api.w.org\/{rel}","templated":true}]}}