{"id":22614,"date":"2024-04-17T13:52:49","date_gmt":"2024-04-17T10:52:49","guid":{"rendered":"https:\/\/akdenizhaber.com.tr\/?p=22614"},"modified":"2024-04-17T13:52:50","modified_gmt":"2024-04-17T10:52:50","slug":"baskan-niyazi-nefi-kara-gures-hazirliklarini-baslatti","status":"publish","type":"post","link":"https:\/\/akdenizhaber.com.tr\/index.php\/2024\/04\/17\/baskan-niyazi-nefi-kara-gures-hazirliklarini-baslatti\/","title":{"rendered":"Ba\u015fkan Niyazi Nefi Kara g\u00fcre\u015f Haz\u0131rl\u0131klar\u0131n\u0131 Ba\u015flatt\u0131"},"content":{"rendered":"\n<p>Manavgat Belediye Ba\u015fkan\u0131 Niyazi Nefi Kara, 10-11-12 May\u0131s 2024 tarihleri aras\u0131nda Il\u0131ca Stadyumu\u2019nda yap\u0131lacak olan CW Enerji T\u00fcrkiye Ya\u011fl\u0131 G\u00fcre\u015f Ligi\u2019nin haz\u0131rl\u0131k \u00e7al\u0131\u015fmalar\u0131n\u0131 yerinde inceleyerek bilgi ald\u0131.<\/p>\n\n\n\n<p>Ba\u015fkan Niyazi Nefi Kara\u2019ya belediye ba\u015fkan yard\u0131mc\u0131lar\u0131, meclis \u00fcyeleri, birim m\u00fcd\u00fcrleri ve Manavgat Belediyesi G\u00fcre\u015f Koordinat\u00f6r\u00fc Abdullah Se\u00e7im de e\u015flik etti. Ba\u015fkan Niyazi Nefi Kara, Akdeniz\u2019in K\u0131rkp\u0131nar\u2019\u0131 olarak adland\u0131r\u0131lan ve bu y\u0131l 11\u2019ncisi d\u00fczenlenecek olan Manavgat Belediyesi Ya\u011fl\u0131 Pehlivan G\u00fcre\u015fleri\u2019nin eksiksiz bir \u015fekilde yap\u0131lmas\u0131 amac\u0131yla t\u00fcm birim m\u00fcd\u00fcrlerine talimat verdi. Manavgat Belediyesi Ya\u011fl\u0131 Pehlivan G\u00fcre\u015fleri\u2019nin hem b\u00f6lgesel hem de ulusal anlamda ad\u0131ndan ba\u015far\u0131yla bahsettirdi\u011fini belirten Manavgat Belediye Ba\u015fkan\u0131 Niyazi Nefi Kara, organizasyonun Manavgat\u2019a ve ata sporuna yak\u0131\u015f\u0131r bir \u015fekilde ger\u00e7ekle\u015fece\u011fini s\u00f6yledi.<\/p>\n\n\n\n<p>Ba\u015fkan Niyazi Nefi Kara, \u201cBu y\u0131l on birincisini d\u00fczenleyece\u011fimiz Manavgat Belediyesi Ya\u011fl\u0131 Pehlivan G\u00fcre\u015fleri\u2019mizin haz\u0131rl\u0131klar\u0131na b\u00fcy\u00fck bir \u00f6zenle ba\u015flad\u0131k. G\u00fcre\u015f organizasyonumuzun kentimize ve ata sporuna yak\u0131\u015f\u0131r bir \u015fekilde ger\u00e7ekle\u015fmesi i\u00e7in gerekli t\u00fcm \u00e7al\u0131\u015fmalar\u0131 h\u0131zla hayata ge\u00e7irece\u011fiz. Akdeniz\u2019in K\u0131rkp\u0131nar\u2019\u0131 olan Manavgat Belediyesi Ya\u011fl\u0131 Pehlivan G\u00fcre\u015fleri\u2019mize \u015fimdiden b\u00fct\u00fcn sporseverleri davet ediyorum. Il\u0131ca Er Meydan\u0131\u2019nda kol ba\u011flayacak olan t\u00fcm pehlivanlar\u0131m\u0131za da y\u00fcrekten ba\u015far\u0131lar diliyorum\u201d dedi.<\/p>\n\n\n\n<p>Manavgat Belediyesi \/ B\u00fclten<\/p>\n","protected":false},"excerpt":{"rendered":"<p>Manavgat Belediye Ba\u015fkan\u0131 Niyazi Nefi Kara, 10-11-12 May\u0131s 2024 tarihleri aras\u0131nda Il\u0131ca Stadyumu\u2019nda yap\u0131lacak olan CW Enerji T\u00fcrkiye Ya\u011fl\u0131 G\u00fcre\u015f Ligi\u2019nin haz\u0131rl\u0131k \u00e7al\u0131\u015fmalar\u0131n\u0131 yerinde inceleyerek <a href=\"https:\/\/akdenizhaber.com.tr\/index.php\/2024\/04\/17\/baskan-niyazi-nefi-kara-gures-hazirliklarini-baslatti\/\" class=\"read-more-link\">[more&#8230;]<\/a><\/p>\n","protected":false},"author":2,"featured_media":22615,"comment_status":"open","ping_status":"open","sticky":false,"template":"","format":"standard","meta":{"footnotes":""},"categories":[2],"tags":[],"class_list":["post-22614","post","type-post","status-publish","format-standard","has-post-thumbnail","hentry","category-gundem"],"_links":{"self":[{"href":"https:\/\/akdenizhaber.com.tr\/index.php\/wp-json\/wp\/v2\/posts\/22614","targetHints":{"allow":["GET"]}}],"collection":[{"href":"https:\/\/akdenizhaber.com.tr\/index.php\/wp-json\/wp\/v2\/posts"}],"about":[{"href":"https:\/\/akdenizhaber.com.tr\/index.php\/wp-json\/wp\/v2\/types\/post"}],"author":[{"embeddable":true,"href":"https:\/\/akdenizhaber.com.tr\/index.php\/wp-json\/wp\/v2\/users\/2"}],"replies":[{"embeddable":true,"href":"https:\/\/akdenizhaber.com.tr\/index.php\/wp-json\/wp\/v2\/comments?post=22614"}],"version-history":[{"count":1,"href":"https:\/\/akdenizhaber.com.tr\/index.php\/wp-json\/wp\/v2\/posts\/22614\/revisions"}],"predecessor-version":[{"id":22616,"href":"https:\/\/akdenizhaber.com.tr\/index.php\/wp-json\/wp\/v2\/posts\/22614\/revisions\/22616"}],"wp:featuredmedia":[{"embeddable":true,"href":"https:\/\/akdenizhaber.com.tr\/index.php\/wp-json\/wp\/v2\/media\/22615"}],"wp:attachment":[{"href":"https:\/\/akdenizhaber.com.tr\/index.php\/wp-json\/wp\/v2\/media?parent=22614"}],"wp:term":[{"taxonomy":"category","embeddable":true,"href":"https:\/\/akdenizhaber.com.tr\/index.php\/wp-json\/wp\/v2\/categories?post=22614"},{"taxonomy":"post_tag","embeddable":true,"href":"https:\/\/akdenizhaber.com.tr\/index.php\/wp-json\/wp\/v2\/tags?post=22614"}],"curies":[{"name":"wp","href":"https:\/\/api.w.org\/{rel}","templated":true}]}}