{"id":22609,"date":"2024-04-17T13:51:23","date_gmt":"2024-04-17T10:51:23","guid":{"rendered":"https:\/\/akdenizhaber.com.tr\/?p=22609"},"modified":"2024-04-17T13:51:24","modified_gmt":"2024-04-17T10:51:24","slug":"baskan-bocekin-ilk-protokol-ziyareti-vali-sahine","status":"publish","type":"post","link":"https:\/\/akdenizhaber.com.tr\/index.php\/2024\/04\/17\/baskan-bocekin-ilk-protokol-ziyareti-vali-sahine\/","title":{"rendered":"Ba\u015fkan B\u00f6cek\u2019in ilk protokol ziyareti Vali \u015eahin\u2019e"},"content":{"rendered":"\n<p>Antalya B\u00fcy\u00fck\u015fehir Belediye Ba\u015fkan\u0131 Muhittin B\u00f6cek, 31 Mart yerel se\u00e7imlerinin ard\u0131ndan ilk protokol ziyaretini Antalya Valisi Hulusi \u015eahin\u2019e ger\u00e7ekle\u015ftirdi. Vali \u015eahin, Ba\u015fkan B\u00f6cek\u2019e g\u00f6revinin ikinci d\u00f6neminde ba\u015far\u0131lar dilerken, Ba\u015fkan B\u00f6cek deAntalya i\u00e7in azimle, gururla \u00e7al\u0131\u015fmaya devam edece\u011fini s\u00f6yledi.<\/p>\n\n\n\n<p>Antalya B\u00fcy\u00fck\u015fehir Belediye Ba\u015fkan\u0131 Muhittin B\u00f6cek, Antalya Valisi Hulusi \u015eahin\u2019i makam\u0131nda ziyaret etti. Nezaketinden dolay\u0131 Ba\u015fkan B\u00f6cek\u2019e te\u015fekk\u00fcr eden Vali \u015eahin,<\/p>\n\n\n\n<p>hay\u0131rl\u0131 olsun dile\u011finde bulundu. Vali \u015eahin, \u201cAntalya B\u00fcy\u00fck\u015fehir Belediye Ba\u015fkan\u0131 olarak ikinci d\u00f6neminizde, Antalya\u2019ya hizmet i\u00e7in \u00e7al\u0131\u015ft\u0131\u011f\u0131n\u0131z s\u00fcre zarf\u0131nda, bizler de sizlerle birlikte bu hizmetlere destek olmaya devam edece\u011fiz\u201d dedi.<\/p>\n\n\n\n<p>Ba\u015fkan Muhittin B\u00f6cek de ikinci d\u00f6nem B\u00fcy\u00fck\u015fehir Belediye Ba\u015fkan\u0131 olarak ilk ziyaretine Antalya Valili\u011fi ile ba\u015flamak istedi\u011fini belirterek, \u201cBa\u015fta siz olmak \u00fczere t\u00fcm kurum kurulu\u015flarla, 19 il\u00e7e belediye ba\u015fkan\u0131 arkada\u015f\u0131mla Antalya\u2019m\u0131z i\u00e7in ayr\u0131m\u0131z gayr\u0131m\u0131z olmadan hep birlikte \u00e7al\u0131\u015fmaya devam edece\u011fiz\u201d diye konu\u015ftu.&nbsp;<\/p>\n\n\n\n<p>Antalya B\u00fcy\u00fck\u015fehir Belediyesi \/B\u00fclten<\/p>\n","protected":false},"excerpt":{"rendered":"<p>Antalya B\u00fcy\u00fck\u015fehir Belediye Ba\u015fkan\u0131 Muhittin B\u00f6cek, 31 Mart yerel se\u00e7imlerinin ard\u0131ndan ilk protokol ziyaretini Antalya Valisi Hulusi \u015eahin\u2019e ger\u00e7ekle\u015ftirdi. Vali \u015eahin, Ba\u015fkan B\u00f6cek\u2019e g\u00f6revinin ikinci <a href=\"https:\/\/akdenizhaber.com.tr\/index.php\/2024\/04\/17\/baskan-bocekin-ilk-protokol-ziyareti-vali-sahine\/\" class=\"read-more-link\">[more&#8230;]<\/a><\/p>\n","protected":false},"author":2,"featured_media":22610,"comment_status":"open","ping_status":"open","sticky":false,"template":"","format":"standard","meta":{"footnotes":""},"categories":[2],"tags":[],"class_list":["post-22609","post","type-post","status-publish","format-standard","has-post-thumbnail","hentry","category-gundem"],"_links":{"self":[{"href":"https:\/\/akdenizhaber.com.tr\/index.php\/wp-json\/wp\/v2\/posts\/22609","targetHints":{"allow":["GET"]}}],"collection":[{"href":"https:\/\/akdenizhaber.com.tr\/index.php\/wp-json\/wp\/v2\/posts"}],"about":[{"href":"https:\/\/akdenizhaber.com.tr\/index.php\/wp-json\/wp\/v2\/types\/post"}],"author":[{"embeddable":true,"href":"https:\/\/akdenizhaber.com.tr\/index.php\/wp-json\/wp\/v2\/users\/2"}],"replies":[{"embeddable":true,"href":"https:\/\/akdenizhaber.com.tr\/index.php\/wp-json\/wp\/v2\/comments?post=22609"}],"version-history":[{"count":1,"href":"https:\/\/akdenizhaber.com.tr\/index.php\/wp-json\/wp\/v2\/posts\/22609\/revisions"}],"predecessor-version":[{"id":22611,"href":"https:\/\/akdenizhaber.com.tr\/index.php\/wp-json\/wp\/v2\/posts\/22609\/revisions\/22611"}],"wp:featuredmedia":[{"embeddable":true,"href":"https:\/\/akdenizhaber.com.tr\/index.php\/wp-json\/wp\/v2\/media\/22610"}],"wp:attachment":[{"href":"https:\/\/akdenizhaber.com.tr\/index.php\/wp-json\/wp\/v2\/media?parent=22609"}],"wp:term":[{"taxonomy":"category","embeddable":true,"href":"https:\/\/akdenizhaber.com.tr\/index.php\/wp-json\/wp\/v2\/categories?post=22609"},{"taxonomy":"post_tag","embeddable":true,"href":"https:\/\/akdenizhaber.com.tr\/index.php\/wp-json\/wp\/v2\/tags?post=22609"}],"curies":[{"name":"wp","href":"https:\/\/api.w.org\/{rel}","templated":true}]}}