{"id":22530,"date":"2024-04-16T13:20:14","date_gmt":"2024-04-16T10:20:14","guid":{"rendered":"https:\/\/akdenizhaber.com.tr\/?p=22530"},"modified":"2024-04-16T13:22:46","modified_gmt":"2024-04-16T10:22:46","slug":"ahip-baskan-mesut-karagozun-tutuklanmasi-tamamen-siyasi","status":"publish","type":"post","link":"https:\/\/akdenizhaber.com.tr\/index.php\/2024\/04\/16\/ahip-baskan-mesut-karagozun-tutuklanmasi-tamamen-siyasi\/","title":{"rendered":"AH\u0130P: Ba\u015fkan Mesut Karag\u00f6z&#8217;\u00fcn tutuklanmas\u0131 tamamen siyasi"},"content":{"rendered":"\n<p>Antalya Adalet ve \u0130nsan Haklar\u0131 Platformu(AH\u0130P) Ba\u015fkan\u0131 Av. M\u00fccahit G\u00fcndo\u011fdu, Antalya\u2019daki teleferik kazas\u0131yla ilgili tutuklanan 5 ki\u015fi aras\u0131nda 31 Mart&#8217;ta CHP\u2019den Kepez Belediye Ba\u015fkan\u0131 se\u00e7ilen Mesut Kocag\u00f6z de var olmas\u0131n\u0131n tamamen siyasi bir karar oldu\u011funu s\u00f6yledi.<\/p>\n\n\n\n<p>AH\u0130P Ba\u015fkan\u0131 Av. M\u00fccahit G\u00fcndo\u011fdu Teleferik kazas\u0131nda \u00f6len KHK&#8217;l\u0131 hakim Memi\u015f G\u00fcm\u00fc\u015f i\u00e7in \u00e7ok \u00fczg\u00fcn\u00fcm ama ba\u015fkan Mesut Kocag\u00f6z haks\u0131z yere tutukland\u0131. Tamamen siyasi bir tutuklama. Neden mi?<\/p>\n\n\n\n<p>Teleferi\u011fin i\u015fletmesi CHP Antalya B\u00fcy\u00fck\u015fehir Belediyesi\u2019ne ba\u011fl\u0131 olan Anet \u015eirketi yap\u0131yordu. Kocag\u00f6z bu \u015firketin genel m\u00fcd\u00fcr\u00fcyd\u00fc ama se\u00e7im \u00e7al\u0131\u015fmalar\u0131 nedeniyle 5 ay \u00f6nce istifa etmi\u015fti. Kepez Belediyesi 15 y\u0131ld\u0131r AKP&#8217;deydi. AKP&#8217;den istifa edip CHP&#8217;ye kat\u0131lan Mesut Kocag\u00f6z Kepez Belediye Ba\u015fkan\u0131 se\u00e7ildi. AKP Kepez Belediyesi&#8217;ni kaybetmeyi hazmedemedi. Bu tutuklama Kepez&#8217;i kaybetmenin h\u0131nc\u0131, ba\u015fka bir \u015fey de\u011fil. Erzincan\u2019da hala toprak alt\u0131nda insanlar var, niye kimse tutuklanmad\u0131? &#8220;dedi.<\/p>\n\n\n\n<p>Av. M\u00fccahit G\u00fcndo\u011fdu, zaten Kocag\u00f6z savunmas\u0131nda \u201cBenim g\u00f6rev yapt\u0131\u011f\u0131m s\u00fcre zarf\u0131nda rutin bak\u0131mlar ile a\u011f\u0131r bak\u0131mlar\u0131n eksiksiz yap\u0131ld\u0131\u011f\u0131, Anet A.\u015e. Y\u00f6netim kurumuna Mega Tower isimli \u015firket taraf\u0131ndan sunulmaktad\u0131r, raporlar d\u00fczenli olarak \u00e7ift heyet taraf\u0131ndan kontrol edilmektedir. Su\u00e7suzum.\u201d&nbsp; ifadesinde bulundu\u011funu belirtti. G\u00fcndogdu, konu\u015fmas\u0131n\u0131 \u015fu s\u00f6zlerle tamamlad\u0131: Buda g\u00f6steriyor ki hi\u00e7bir somut bulgu yokken siyasalla\u015fan yarg\u0131 siyasilerden talimat alarak yarg\u0131y\u0131 siyasete alet etti.&#8221;<\/p>\n\n\n\n<p>Abdurrahman B\u00fcy\u00fckkeskin \/ Haber<\/p>\n","protected":false},"excerpt":{"rendered":"<p>Antalya Adalet ve \u0130nsan Haklar\u0131 Platformu(AH\u0130P) Ba\u015fkan\u0131 Av. M\u00fccahit G\u00fcndo\u011fdu, Antalya\u2019daki teleferik kazas\u0131yla ilgili tutuklanan 5 ki\u015fi aras\u0131nda 31 Mart&#8217;ta CHP\u2019den Kepez Belediye Ba\u015fkan\u0131 se\u00e7ilen <a href=\"https:\/\/akdenizhaber.com.tr\/index.php\/2024\/04\/16\/ahip-baskan-mesut-karagozun-tutuklanmasi-tamamen-siyasi\/\" class=\"read-more-link\">[more&#8230;]<\/a><\/p>\n","protected":false},"author":2,"featured_media":22531,"comment_status":"open","ping_status":"open","sticky":false,"template":"","format":"standard","meta":{"footnotes":""},"categories":[2],"tags":[],"class_list":["post-22530","post","type-post","status-publish","format-standard","has-post-thumbnail","hentry","category-gundem"],"_links":{"self":[{"href":"https:\/\/akdenizhaber.com.tr\/index.php\/wp-json\/wp\/v2\/posts\/22530","targetHints":{"allow":["GET"]}}],"collection":[{"href":"https:\/\/akdenizhaber.com.tr\/index.php\/wp-json\/wp\/v2\/posts"}],"about":[{"href":"https:\/\/akdenizhaber.com.tr\/index.php\/wp-json\/wp\/v2\/types\/post"}],"author":[{"embeddable":true,"href":"https:\/\/akdenizhaber.com.tr\/index.php\/wp-json\/wp\/v2\/users\/2"}],"replies":[{"embeddable":true,"href":"https:\/\/akdenizhaber.com.tr\/index.php\/wp-json\/wp\/v2\/comments?post=22530"}],"version-history":[{"count":1,"href":"https:\/\/akdenizhaber.com.tr\/index.php\/wp-json\/wp\/v2\/posts\/22530\/revisions"}],"predecessor-version":[{"id":22532,"href":"https:\/\/akdenizhaber.com.tr\/index.php\/wp-json\/wp\/v2\/posts\/22530\/revisions\/22532"}],"wp:featuredmedia":[{"embeddable":true,"href":"https:\/\/akdenizhaber.com.tr\/index.php\/wp-json\/wp\/v2\/media\/22531"}],"wp:attachment":[{"href":"https:\/\/akdenizhaber.com.tr\/index.php\/wp-json\/wp\/v2\/media?parent=22530"}],"wp:term":[{"taxonomy":"category","embeddable":true,"href":"https:\/\/akdenizhaber.com.tr\/index.php\/wp-json\/wp\/v2\/categories?post=22530"},{"taxonomy":"post_tag","embeddable":true,"href":"https:\/\/akdenizhaber.com.tr\/index.php\/wp-json\/wp\/v2\/tags?post=22530"}],"curies":[{"name":"wp","href":"https:\/\/api.w.org\/{rel}","templated":true}]}}