{"id":22522,"date":"2024-04-16T13:16:18","date_gmt":"2024-04-16T10:16:18","guid":{"rendered":"https:\/\/akdenizhaber.com.tr\/?p=22522"},"modified":"2024-04-16T13:16:18","modified_gmt":"2024-04-16T10:16:18","slug":"guvenli-okullar-projesi-kapsaminda-seminerler-devam-ediyor","status":"publish","type":"post","link":"https:\/\/akdenizhaber.com.tr\/index.php\/2024\/04\/16\/guvenli-okullar-projesi-kapsaminda-seminerler-devam-ediyor\/","title":{"rendered":"\u201cG\u00fcvenli Okullar\u201d Projesi Kapsam\u0131nda Seminerler Devam Ediyor"},"content":{"rendered":"\n<p>Okullar\u0131n ve okul \u00e7evrelerinin g\u00fcvenli hale getirilmesi i\u00e7in \u201cG\u00fcvenli Okullar\u201d Projesi Kapsam\u0131nda \u00e7e\u015fitli konularda \u00f6\u011frenci ve \u00f6\u011fretmenlere seminerler d\u00fczenlendi.<\/p>\n\n\n\n<p>2023-2024 E\u011fitim \u00d6\u011fretim d\u00f6neminde Antalya il genelinde polis sorumluluk b\u00f6lgesindeki okullar ile \u00e7evresindeki ter\u00f6r, asayi\u015f, narkotik, trafik vb. konulardaki \u00f6ncelik dereceleri ile sosyal, ekonomik, k\u00fclt\u00fcrel ve siyasal yap\u0131lar\u0131 g\u00f6z \u00f6n\u00fcnde bulundurularak analizler yap\u0131lm\u0131\u015f, okullar d\u00f6rt \u00f6ncelik derecesine ayr\u0131lm\u0131\u015f ve \u201cG\u00fcvenli Okullar Projesi Kapsam\u0131nda\u201d okullar\u0131n daha g\u00fcvenli hale getirilmesi amac\u0131yla gerekli tedbirler al\u0131nd\u0131.<\/p>\n\n\n\n<p>Al\u0131nan tedbirlerin yan\u0131nda, \u00c7ocuk \u015eube M\u00fcd\u00fcrl\u00fc\u011f\u00fcnce y\u00fcr\u00fct\u00fclen \u201cG\u00fcvenli Okullar\u201d projesi kapsam\u0131nda; Aksu Anadolu Lisesi ve Yavuz Selim Anadolu Lisesi\u2019nde \u00d6\u011fretmen, \u0130dareci ve \u00d6\u011frenciler olmak \u00fczere (450) ki\u015fiye, \u00c7ocuk \u015eube M\u00fcd\u00fcrl\u00fc\u011f\u00fc, Toplum Destekli Polislik \u015eube M\u00fcd\u00fcrl\u00fc\u011f\u00fc ve Siber Su\u00e7larla M\u00fccadele \u015eube M\u00fcd\u00fcrl\u00fc\u011f\u00fcnde g\u00f6revinde uzman personellerle; \u00c7ocuk Haklar\u0131, Okullarda \u015eiddet,\u00c7ocuk \u0130stismar\u0131 ve \u0130stismar\u0131n \u00d6nlenmesi, G\u00fcvenli ve Bilin\u00e7li \u0130nternet Kullan\u0131m\u0131, \u0130nternet Ortam\u0131nda \u00c7ocuklar\u0131n Korunmas\u0131 ve Sosyal Medya Kullan\u0131m\u0131, 112 Acil \u00c7a\u011fr\u0131 Merkezinin Kullan\u0131m\u0131, Ki\u015fisel G\u00fcvenlik ve Su\u00e7tan Korunma, Toplum Destekli Polislik Anlay\u0131\u015f\u0131 ve Projeleri konular\u0131nda seminer verildi.<\/p>\n\n\n\n<p>Antalya Emniyet M\u00fcd\u00fcrl\u00fc\u011f\u00fc \/ B\u00fclten<\/p>\n","protected":false},"excerpt":{"rendered":"<p>Okullar\u0131n ve okul \u00e7evrelerinin g\u00fcvenli hale getirilmesi i\u00e7in \u201cG\u00fcvenli Okullar\u201d Projesi Kapsam\u0131nda \u00e7e\u015fitli konularda \u00f6\u011frenci ve \u00f6\u011fretmenlere seminerler d\u00fczenlendi. 2023-2024 E\u011fitim \u00d6\u011fretim d\u00f6neminde Antalya il <a href=\"https:\/\/akdenizhaber.com.tr\/index.php\/2024\/04\/16\/guvenli-okullar-projesi-kapsaminda-seminerler-devam-ediyor\/\" class=\"read-more-link\">[more&#8230;]<\/a><\/p>\n","protected":false},"author":2,"featured_media":22523,"comment_status":"open","ping_status":"open","sticky":false,"template":"","format":"standard","meta":{"footnotes":""},"categories":[2],"tags":[],"class_list":["post-22522","post","type-post","status-publish","format-standard","has-post-thumbnail","hentry","category-gundem"],"_links":{"self":[{"href":"https:\/\/akdenizhaber.com.tr\/index.php\/wp-json\/wp\/v2\/posts\/22522","targetHints":{"allow":["GET"]}}],"collection":[{"href":"https:\/\/akdenizhaber.com.tr\/index.php\/wp-json\/wp\/v2\/posts"}],"about":[{"href":"https:\/\/akdenizhaber.com.tr\/index.php\/wp-json\/wp\/v2\/types\/post"}],"author":[{"embeddable":true,"href":"https:\/\/akdenizhaber.com.tr\/index.php\/wp-json\/wp\/v2\/users\/2"}],"replies":[{"embeddable":true,"href":"https:\/\/akdenizhaber.com.tr\/index.php\/wp-json\/wp\/v2\/comments?post=22522"}],"version-history":[{"count":1,"href":"https:\/\/akdenizhaber.com.tr\/index.php\/wp-json\/wp\/v2\/posts\/22522\/revisions"}],"predecessor-version":[{"id":22524,"href":"https:\/\/akdenizhaber.com.tr\/index.php\/wp-json\/wp\/v2\/posts\/22522\/revisions\/22524"}],"wp:featuredmedia":[{"embeddable":true,"href":"https:\/\/akdenizhaber.com.tr\/index.php\/wp-json\/wp\/v2\/media\/22523"}],"wp:attachment":[{"href":"https:\/\/akdenizhaber.com.tr\/index.php\/wp-json\/wp\/v2\/media?parent=22522"}],"wp:term":[{"taxonomy":"category","embeddable":true,"href":"https:\/\/akdenizhaber.com.tr\/index.php\/wp-json\/wp\/v2\/categories?post=22522"},{"taxonomy":"post_tag","embeddable":true,"href":"https:\/\/akdenizhaber.com.tr\/index.php\/wp-json\/wp\/v2\/tags?post=22522"}],"curies":[{"name":"wp","href":"https:\/\/api.w.org\/{rel}","templated":true}]}}